{"id":20801,"date":"2022-09-07T12:05:56","date_gmt":"2022-09-07T09:05:56","guid":{"rendered":"http:\/\/akdenizolaygazetesi.com\/?p=20801"},"modified":"2022-09-07T12:05:56","modified_gmt":"2022-09-07T09:05:56","slug":"miniklerin-ilk-cantalari-buyuksehirden","status":"publish","type":"post","link":"https:\/\/akdenizolaygazetesi.com\/?p=20801","title":{"rendered":"M\u0130N\u0130KLER\u0130N \u0130LK \u00c7ANTALARI B\u00dcY\u00dcK\u015eEH\u0130R&#8217;DEN"},"content":{"rendered":"<p>Mersin B\u00fcy\u00fck\u015fehir Belediye Ba\u015fkan\u0131 Vahap Se\u00e7er, B\u00fcy\u00fck\u015fehir Belediyesi&#8217;nin &#8216;\u0130lk \u00c7antam Projesi&#8217; kapsam\u0131nda, Tarsus&#8217;ta 3 ilkokuldaki 1. s\u0131n\u0131f \u00f6\u011frencilerine, i\u00e7erisinde k\u0131rtasiye malzemelerinin oldu\u011fu \u00e7antalar\u0131 da\u011f\u0131tt\u0131. Minik \u00f6\u011frencilerin heyecan\u0131na ortak olan Ba\u015fkan Se\u00e7er, &#8220;Yeni e\u011fitim-\u00f6\u011fretim y\u0131l\u0131nda \u00e7ocuklar\u0131m\u0131za \u00fcst\u00fcn ba\u015far\u0131lar diliyorum&#8221; dedi.<br \/>\nMersin B\u00fcy\u00fck\u015fehir Belediyesi Sosyal Hizmetler Dairesi taraf\u0131ndan y\u00fcr\u00fct\u00fclen &#8216;\u0130lk \u00c7antam Projesi&#8217; kapsam\u0131nda, bu y\u0131l Mersin&#8217;in t\u00fcm il\u00e7elerinde toplam 18 bin \u00e7anta da\u011f\u0131t\u0131lacak.<br \/>\nTarsus Yeni Mahalle&#8217;de yer alan Kaz\u0131m Ta\u015fk\u0131n \u0130lkokulu&#8217;nda, Fahrettinpa\u015fa Mahallesi&#8217;nde bulunan Fahrettinpa\u015fa \u0130lkokulu&#8217;nda ve Ye\u015fil Mahalle&#8217;deki Ahmet Yesevi \u0130lkokulu&#8217;nda \u00f6\u011frenciler, \u00f6\u011fretmenler ve veliler ile bir araya gelen Ba\u015fkan Se\u00e7er, miniklere yeni e\u011fitim-\u00f6\u011fretim d\u00f6neminde ba\u015far\u0131lar diledi. Aileler ve minikler ile selamla\u015fan Ba\u015fkan Se\u00e7er, onlarla bol bol sohbet etti ve s\u0131n\u0131f s\u0131n\u0131f dola\u015farak \u00e7antalar\u0131n\u0131 hediye etti.<br \/>\nBa\u015fkan Se\u00e7er: &#8220;Bu y\u0131l 18 bin \u00f6\u011frencimize \u00e7anta da\u011f\u0131taca\u011f\u0131z&#8221;<br \/>\nBa\u015fkan Se\u00e7er, okula yeni ba\u015flayan minik \u00f6\u011frencilerin, al\u0131\u015fma evresi kapsam\u0131nda e\u011fitim-\u00f6\u011fretim d\u00f6nemine bu hafta ba\u015flad\u0131klar\u0131n\u0131, bundan dolay\u0131 \u00e7ocuklara \u00e7anta da\u011f\u0131t\u0131m\u0131 yapt\u0131klar\u0131n\u0131 ifade ederek, &#8220;Tarsus&#8217;ta Kaz\u0131m Ta\u015fk\u0131n, Fahrettin Pa\u015fa ve Ahmet Yesevi \u0130lk\u00f6\u011fretim okullar\u0131nda \u00e7anta da\u011f\u0131t\u0131m\u0131m\u0131z\u0131 yapt\u0131k. \u0130limizde 35 bin civar\u0131nda \u00e7ocu\u011fumuz, bu y\u0131l ilk\u00f6\u011fretime ba\u015flad\u0131. B\u00fcy\u00fck\u015fehir olarak il genelinde 18 bin \u00f6\u011frencimize, i\u00e7erisinde k\u0131rtasiye malzemelerinin de bulundu\u011fu \u00e7antalar\u0131 da\u011f\u0131t\u0131yoruz. Tabi ki \u00e7anta da\u011f\u0131taca\u011f\u0131m\u0131z toplam 217 okul, dezavantajl\u0131 mahallelerde bulunuyor&#8221; dedi.<br \/>\nE\u011fitime \u00f6nem veren bir anlay\u0131\u015fla hareket ettiklerini ve y\u00f6netime geldikleri g\u00fcnden bug\u00fcne kadar, Mersin&#8217;de adeta e\u011fitim seferberli\u011fi ilan ettiklerini s\u00f6yleyen Ba\u015fkan Se\u00e7er, &#8220;Yerel y\u00f6netim olarak, e\u011fitime katk\u0131 verebilece\u011fimizi d\u00fc\u015f\u00fcn\u00fcyoruz. \u00d6nemli e\u011fitim merkezlerimiz var. 9 il\u00e7ede hem LGS, hem YKS haz\u0131rl\u0131k kurslar\u0131m\u0131z var ve toplamda bu y\u0131l itibari ile 6 bin 500 \u00f6\u011frencimiz buralardan \u00fccretsiz e\u011fitim deste\u011fi al\u0131yor. Bir \u00f6nceki d\u00f6nem kurslara giden \u00f6\u011frencilerin \u00f6nemli bir k\u0131sm\u0131, nitelikli liseleri ve istedikleri \u00fcniversiteleri kazand\u0131. Yine devlet \u00fcniversitelerini veya vak\u0131f \u00fcniversitelerini %100 burslu kazanan \u00f6\u011frencilerimiz, bizden ilk y\u0131l i\u00e7in kar\u015f\u0131l\u0131ks\u0131z \u00f6\u011frenim yard\u0131m\u0131 al\u0131yorlar&#8221; diye konu\u015ftu.<br \/>\n&#8220;E\u011fitim \u00f6\u011fretime \u00f6nemli yat\u0131r\u0131mlar yap\u0131yoruz&#8221;<br \/>\nTarsus&#8217;ta yer alan ve \u00f6zellikle ilk\u00f6\u011fretim ile ortaokul d\u00fczeyindeki \u00f6\u011frencilere katk\u0131 sunacak Gen\u00e7lik Kamp\u0131&#8217;ndan da s\u00f6z eden Ba\u015fkan Se\u00e7er, &#8220;Ailelerin \u00e7ocuklar\u0131yla beraber oray\u0131 ziyaret etmesini istiyorum. Olduk\u00e7a huzurlu, g\u00fcvenli, do\u011fa harikas\u0131 bir yer. Yine b\u00f6lgemizde \u00e7ocuklar\u0131m\u0131za katk\u0131 sunacak Bilim Merkezimiz var. \u015eehitler Tepesi&#8217;nde bir Matematik Evi yap\u0131yorlar. Mersin&#8217;de \u015fu anda 4 kre\u015fimiz var, ama bunlar\u0131n say\u0131s\u0131n\u0131 art\u0131raca\u011f\u0131z. Atgirmez&#8217;de, \u00e7ocuklar\u0131m\u0131za ve yeti\u015fkinlere e\u011fitim verdi\u011fimiz Toplum Merkezimiz var. Yine Yenice Ya\u015far Baybo\u011fan Merkezi&#8217;nde at\u00f6lyeye gelen kad\u0131nlar\u0131m\u0131z\u0131n \u00e7ocuklar\u0131n\u0131n zaman ge\u00e7irece\u011fi alanlara kadar, e\u011fitim alanlar\u0131na kadar her detay\u0131 d\u00fc\u015f\u00fcn\u00fcyoruz. Arkada\u015flar\u0131m\u0131z, &#8216;Oyun Soka\u011f\u0131&#8217; ad\u0131nda yeni bir proje ba\u015flatt\u0131lar. K\u0131sacas\u0131, B\u00fcy\u00fck\u015fehir Belediyesi olarak, her alanda \u00e7ocuklar\u0131m\u0131z\u0131n iyi e\u011fitilmesi, iyi birer birey olmas\u0131 i\u00e7in ne gerekiyorsa, biz \u00fczerimize d\u00fc\u015fen g\u00f6revi yapma \u00e7abas\u0131 i\u00e7erisindeyiz&#8221; dedi.<br \/>\n&#8220;\u00d6nemli olan topluma hizmeti adaletli yayabilmek&#8221;<br \/>\nHerhangi bir sosyal stat\u00fc de\u011ferlendirmesi yapmadan, herkese ve her yere adaletli bir hizmet sa\u011flaman\u0131n, ger\u00e7ek anlamda ihtiyac\u0131 olana yard\u0131m etmenin, temel prensipleri oldu\u011funu ifade eden Ba\u015fkan Se\u00e7er, &#8220;Baz\u0131 mahalleler dezavantajl\u0131d\u0131r, onlar\u0131n talepleri farkl\u0131d\u0131r. Baz\u0131 mahalleler daha farkl\u0131d\u0131r, gelir durumu daha iyi olan aileler vard\u0131r. Onlar\u0131n da talepleri farkl\u0131d\u0131r. \u00d6nemli olan b\u00fct\u00fcn topluma adaletli hizmeti yayabilmek. Bunda da ba\u015far\u0131l\u0131 oldu\u011fumuzu s\u00f6yleyebilirim&#8221; ifadelerini kulland\u0131.<br \/>\nE\u011fitime yap\u0131lan her katk\u0131n\u0131n \u00f6nemli oldu\u011funu ifade eden ve Mersin&#8217;in sosyo k\u00fclt\u00fcrel yap\u0131s\u0131n\u0131n, e\u011fitim d\u00fczeyinin y\u00fckselmesi halinde, sorunlar\u0131n \u00e7ok daha rahat \u00e7\u00f6z\u00fclece\u011fini s\u00f6zlerine ekleyen Ba\u015fkan Se\u00e7er, &#8220;E\u011fitimle, \u00e7ocuklar\u0131m\u0131z\u0131 iyi yeti\u015ftirmekle d\u0131\u015f d\u00fcnyada rekabet edebilirsiniz.  \u0130yi m\u00fchendisler, iyi bilim adamlar\u0131 yeti\u015ftireceksiniz. Bak\u0131n 2 T\u00fcrk, pandemi a\u015f\u0131s\u0131n\u0131 bularak d\u00fcnyay\u0131 kurtard\u0131. \u0130\u015fte bilimin g\u00fcc\u00fc burada, e\u011fitimin g\u00fcc\u00fc burada&#8221; dedi.<\/p>\n","protected":false},"excerpt":{"rendered":"<p>Mersin B\u00fcy\u00fck\u015fehir Belediye Ba\u015fkan\u0131 Vahap Se\u00e7er, B\u00fcy\u00fck\u015fehir Belediyesi&#8217;nin &#8216;\u0130lk \u00c7antam Projesi&#8217; kapsam\u0131nda, Tarsus&#8217;ta 3 ilkokuldaki 1. s\u0131n\u0131f \u00f6\u011frencilerine, i\u00e7erisinde k\u0131rtasiye malzemelerinin oldu\u011fu \u00e7antalar\u0131 da\u011f\u0131tt\u0131. Minik \u00f6\u011frencilerin heyecan\u0131na ortak olan Ba\u015fkan &hellip; <a href=\"https:\/\/akdenizolaygazetesi.com\/?p=20801\" class=\"more-link\">Devam\u0131n\u0131 Oku&#8230;<\/a><\/p>\n","protected":false},"author":2,"featured_media":20802,"comment_status":"open","ping_status":"open","sticky":false,"template":"","format":"standard","meta":[],"categories":[34,2,3,5],"tags":[],"_links":{"self":[{"href":"https:\/\/akdenizolaygazetesi.com\/index.php?rest_route=\/wp\/v2\/posts\/20801"}],"collection":[{"href":"https:\/\/akdenizolaygazetesi.com\/index.php?rest_route=\/wp\/v2\/posts"}],"about":[{"href":"https:\/\/akdenizolaygazetesi.com\/index.php?rest_route=\/wp\/v2\/types\/post"}],"author":[{"embeddable":true,"href":"https:\/\/akdenizolaygazetesi.com\/index.php?rest_route=\/wp\/v2\/users\/2"}],"replies":[{"embeddable":true,"href":"https:\/\/akdenizolaygazetesi.com\/index.php?rest_route=%2Fwp%2Fv2%2Fcomments&post=20801"}],"version-history":[{"count":1,"href":"https:\/\/akdenizolaygazetesi.com\/index.php?rest_route=\/wp\/v2\/posts\/20801\/revisions"}],"predecessor-version":[{"id":20803,"href":"https:\/\/akdenizolaygazetesi.com\/index.php?rest_route=\/wp\/v2\/posts\/20801\/revisions\/20803"}],"wp:featuredmedia":[{"embeddable":true,"href":"https:\/\/akdenizolaygazetesi.com\/index.php?rest_route=\/wp\/v2\/media\/20802"}],"wp:attachment":[{"href":"https:\/\/akdenizolaygazetesi.com\/index.php?rest_route=%2Fwp%2Fv2%2Fmedia&parent=20801"}],"wp:term":[{"taxonomy":"category","embeddable":true,"href":"https:\/\/akdenizolaygazetesi.com\/index.php?rest_route=%2Fwp%2Fv2%2Fcategories&post=20801"},{"taxonomy":"post_tag","embeddable":true,"href":"https:\/\/akdenizolaygazetesi.com\/index.php?rest_route=%2Fwp%2Fv2%2Ftags&post=20801"}],"curies":[{"name":"wp","href":"https:\/\/api.w.org\/{rel}","templated":true}]}}