{"id":20804,"date":"2022-09-07T12:07:25","date_gmt":"2022-09-07T09:07:25","guid":{"rendered":"http:\/\/akdenizolaygazetesi.com\/?p=20804"},"modified":"2022-09-07T12:07:25","modified_gmt":"2022-09-07T09:07:25","slug":"egitimin-her-asamasinda-genclerimizin-yanindayiz","status":"publish","type":"post","link":"https:\/\/akdenizolaygazetesi.com\/?p=20804","title":{"rendered":"E\u011e\u0130T\u0130M\u0130N HER A\u015eAMASINDA GEN\u00c7LER\u0130M\u0130Z\u0130N YANINDAYIZ"},"content":{"rendered":"<p>Mersin B\u00fcy\u00fck\u015fehir Belediyesi, insan odakl\u0131 ve \u00e7\u00f6z\u00fcme y\u00f6nelik hizmetleriyle 7&#8217;den 77&#8217;ye t\u00fcm vatanda\u015flar\u0131n y\u00fcreklerine su serpmeye devam ediyor.<br \/>\nTarsus&#8217;ta ya\u015fayan y\u00fczde y\u00fcz g\u00f6rme engelli Mihriban Boyac\u0131 da bu vatanda\u015flardan birisi. Mersin B\u00fcy\u00fck\u015fehir Belediyesi&#8217;nin 5 Eyl\u00fcl&#8217;de ba\u015flatt\u0131\u011f\u0131 ve 11 Kas\u0131m&#8217;a kadar s\u00fcrecek olan ve online yap\u0131lmas\u0131 gereken \u00f6\u011frenim yard\u0131m\u0131 ba\u015fvurusunu sistem \u00fczerinden ger\u00e7ekle\u015ftiremeyen Mihrban&#8217;\u0131n yard\u0131m\u0131na, B\u00fcy\u00fck\u015fehir Belediyesi ko\u015ftu ve ba\u015fvurusunu ger\u00e7ekle\u015ftirdi.<\/p>\n<p>Mihriban Boyac\u0131: &#8220;Evimize kadar gelip, ba\u015fvurumu yapt\u0131lar&#8221;<\/p>\n<p>Bu y\u0131l ger\u00e7ekle\u015fen YKS&#8217;de, s\u00f6zel alanda \u00f6nemli bir ba\u015far\u0131 elde ederek ilk 3 bine giren Mihriban Boyac\u0131, Bilgi \u00dcniversitesi Yeni Medya ve \u0130leti\u015fim b\u00f6l\u00fcm\u00fcne tam burslu olarak girmeye hak kazand\u0131 ve kayd\u0131n\u0131 yapt\u0131rd\u0131. Hedeflerinin b\u00fcy\u00fck oldu\u011funu ve psikolojide \u00e7ift dal yapmak istedi\u011fini belirten Mihriban Boyac\u0131, \u00fcniversite \u00f6\u011frenimine destek olmas\u0131 amac\u0131yla B\u00fcy\u00fck\u015fehir Belediyesi&#8217;nin sa\u011flad\u0131\u011f\u0131 \u00f6\u011frenim yard\u0131m\u0131ndan faydalanmak istedi. <\/p>\n<p>Belediye&#8217;nin 5 Eyl\u00fcl&#8217;de \u00f6\u011frenim yard\u0131mlar\u0131 i\u00e7in ba\u015fvurular\u0131 almaya ba\u015flamas\u0131yla birlikte, sistemden online olarak ba\u015fvurusunu yapmaya \u00e7al\u0131\u015fan, fakat ba\u015far\u0131l\u0131 olamayan Mihriban Boyac\u0131&#8217;n\u0131n yard\u0131m\u0131na, B\u00fcy\u00fck\u015fehir Belediyesi Sosyal \u0130\u015fler Daire Ba\u015fkanl\u0131\u011f\u0131&#8217;na ba\u011fl\u0131 Tarsus E\u011fitim ve \u00d6\u011fretimi Destekleme Kurs Merkezi M\u00fcd\u00fcr\u00fc Ay\u015feg\u00fcl Mermer ko\u015ftu.<\/p>\n<p>Sistemde kendi ba\u015f\u0131na ba\u015fvuru i\u015flemini yapamad\u0131\u011f\u0131n\u0131 ve B\u00fcy\u00fck\u015fehir Belediyesi yetkililerinden yard\u0131m istedi\u011fini belirten Mihriban Boyac\u0131, &#8220;Sistemden ba\u015fvuru i\u015flemimi ger\u00e7ekle\u015ftiremedi\u011fimi izah etti\u011fimde, B\u00fcy\u00fck\u015fehir Belediyesi yetkilileri yard\u0131mc\u0131 olabileceklerini ve kendilerinin bizzat evimize kadar gelerek, ba\u015fvurumu ger\u00e7ekle\u015ftireceklerini s\u00f6ylediler&#8221; dedi.<\/p>\n<p>Ay\u015feg\u00fcl Mermer: &#8220;E\u011fitimin her a\u015famas\u0131nda gen\u00e7lerimizin yan\u0131nday\u0131z&#8221;<\/p>\n<p>Mersin B\u00fcy\u00fck\u015fehir Belediyesi olarak e\u011fitimin her a\u015famas\u0131nda gen\u00e7lerin yan\u0131nda olduklar\u0131n\u0131 ifade eden Tarsus E\u011fitim ve \u00d6\u011fretimi Destekleme Kurs Merkezi M\u00fcd\u00fcr\u00fc Ay\u015feg\u00fcl Mermer, &#8220;\u00d6\u011frencimiz Mihriban, \u00f6\u011frenim yard\u0131m\u0131 ba\u015fvurusunu ger\u00e7ekle\u015ftiremedi\u011fini bize bildirince, \u00e7ocu\u011fumuzun durumunu de\u011ferlendirerek, y\u00fcz y\u00fcze g\u00f6r\u00fc\u015fme talebinde bulunduk. \u015eu anda da Mihriban&#8217;\u0131n evine gelerek, \u00f6\u011frenim yard\u0131m\u0131 i\u00e7in online ba\u015fvurusunu ger\u00e7ekle\u015ftirdik. B\u00fcy\u00fck\u015fehir Belediyesi olarak sadece \u00fccretsiz kurs e\u011fitimi, \u00f6\u011frenim yard\u0131m\u0131 gibi konularda de\u011fil, e\u011fitimin her a\u015famas\u0131nda gen\u00e7lerimizin daima yan\u0131nday\u0131z&#8221; ifadelerini kulland\u0131.  <\/p>\n","protected":false},"excerpt":{"rendered":"<p>Mersin B\u00fcy\u00fck\u015fehir Belediyesi, insan odakl\u0131 ve \u00e7\u00f6z\u00fcme y\u00f6nelik hizmetleriyle 7&#8217;den 77&#8217;ye t\u00fcm vatanda\u015flar\u0131n y\u00fcreklerine su serpmeye devam ediyor. Tarsus&#8217;ta ya\u015fayan y\u00fczde y\u00fcz g\u00f6rme engelli Mihriban Boyac\u0131 da bu vatanda\u015flardan birisi. &hellip; <a href=\"https:\/\/akdenizolaygazetesi.com\/?p=20804\" class=\"more-link\">Devam\u0131n\u0131 Oku&#8230;<\/a><\/p>\n","protected":false},"author":2,"featured_media":20805,"comment_status":"open","ping_status":"open","sticky":false,"template":"","format":"standard","meta":[],"categories":[34,1,2,3,5],"tags":[],"_links":{"self":[{"href":"https:\/\/akdenizolaygazetesi.com\/index.php?rest_route=\/wp\/v2\/posts\/20804"}],"collection":[{"href":"https:\/\/akdenizolaygazetesi.com\/index.php?rest_route=\/wp\/v2\/posts"}],"about":[{"href":"https:\/\/akdenizolaygazetesi.com\/index.php?rest_route=\/wp\/v2\/types\/post"}],"author":[{"embeddable":true,"href":"https:\/\/akdenizolaygazetesi.com\/index.php?rest_route=\/wp\/v2\/users\/2"}],"replies":[{"embeddable":true,"href":"https:\/\/akdenizolaygazetesi.com\/index.php?rest_route=%2Fwp%2Fv2%2Fcomments&post=20804"}],"version-history":[{"count":1,"href":"https:\/\/akdenizolaygazetesi.com\/index.php?rest_route=\/wp\/v2\/posts\/20804\/revisions"}],"predecessor-version":[{"id":20806,"href":"https:\/\/akdenizolaygazetesi.com\/index.php?rest_route=\/wp\/v2\/posts\/20804\/revisions\/20806"}],"wp:featuredmedia":[{"embeddable":true,"href":"https:\/\/akdenizolaygazetesi.com\/index.php?rest_route=\/wp\/v2\/media\/20805"}],"wp:attachment":[{"href":"https:\/\/akdenizolaygazetesi.com\/index.php?rest_route=%2Fwp%2Fv2%2Fmedia&parent=20804"}],"wp:term":[{"taxonomy":"category","embeddable":true,"href":"https:\/\/akdenizolaygazetesi.com\/index.php?rest_route=%2Fwp%2Fv2%2Fcategories&post=20804"},{"taxonomy":"post_tag","embeddable":true,"href":"https:\/\/akdenizolaygazetesi.com\/index.php?rest_route=%2Fwp%2Fv2%2Ftags&post=20804"}],"curies":[{"name":"wp","href":"https:\/\/api.w.org\/{rel}","templated":true}]}}