{"id":20813,"date":"2022-09-07T12:23:44","date_gmt":"2022-09-07T09:23:44","guid":{"rendered":"http:\/\/akdenizolaygazetesi.com\/?p=20813"},"modified":"2022-09-07T12:23:44","modified_gmt":"2022-09-07T09:23:44","slug":"kadin-ureticilere-destekte-sinir-yok","status":"publish","type":"post","link":"https:\/\/akdenizolaygazetesi.com\/?p=20813","title":{"rendered":"KADIN \u00dcRET\u0130C\u0130LERE DESTEKTE SINIR YOK"},"content":{"rendered":"<p>Y\u00fcr\u00fctt\u00fc\u011f\u00fc projeler ile insanlar\u0131n hayat\u0131na dokunmaya devam eden Mersin B\u00fcy\u00fck\u015fehir Belediyesi&#8217;nin kad\u0131n \u00fcreticilere sa\u011flad\u0131\u011f\u0131 destek, meyvelerini vermeyi s\u00fcrd\u00fcr\u00fcyor.<br \/>\nEvinde, kendi \u00e7ap\u0131nda seramik \u00fcr\u00fcnler \u00fcreten Eseng\u00fcl Ka\u015f\u0131kara&#8217;da, o kad\u0131nlardan birisi.<br \/>\nB\u00fcy\u00fck\u015fehir Belediyesi&#8217;nin verdi\u011fi destek ile kendine olan \u00f6zg\u00fcvenini ortaya \u00e7\u0131kard\u0131\u011f\u0131n\u0131 s\u00f6yleyen 3 \u00e7ocuk annesi Eseng\u00fcl Ka\u015f\u0131kara &#8220;Mersin B\u00fcy\u00fck\u015fehir Belediyesi b\u00f6yle etkinlikler yapt\u0131\u011f\u0131 s\u00fcrece, biz g\u00f6r\u00fcnmeyen kad\u0131nlar\u0131n g\u00f6r\u00fcn\u00fcrl\u00fc\u011f\u00fc ortaya \u00e7\u0131kacakt\u0131r&#8221; dedi.<\/p>\n<p>Ba\u015far\u0131 hikayesi &#8216;Topra\u011fa dokunmak&#8217; ile ba\u015flad\u0131<\/p>\n<p>Ba\u015far\u0131 hikayesinin &#8216;Topra\u011fa dokunmak&#8217; ile ba\u015flad\u0131\u011f\u0131n\u0131 ifade eden Eseng\u00fcl Ka\u015f\u0131kara, &#8220;Serami\u011fe ba\u015flad\u0131\u011f\u0131mda, topra\u011f\u0131n e\u015fsiz g\u00fczelli\u011fini ve ruhuma i\u015fledi\u011fini g\u00f6rd\u00fcm. Yetene\u011fimin de fark\u0131na vard\u0131m. Bunlarla ilgili e\u011fitimler almaya ba\u015flad\u0131m. Seramik bana yeterli gelmedi, heykel dersleri almaya ba\u015flad\u0131m. Modellemede de iyi oldu\u011fumu g\u00f6rd\u00fcm&#8221; dedi.<br \/>\nEvinde \u00fcretirken yer s\u0131k\u0131nt\u0131s\u0131 ya\u015famaya ve bundan dolay\u0131 zevk almamaya ba\u015flad\u0131\u011f\u0131n\u0131 dile getiren Ka\u015f\u0131kara, &#8220;Mersin B\u00fcy\u00fck\u015fehir Belediyesi&#8217;nden ilgili \u00e7al\u0131\u015fanlar ile tan\u0131\u015ft\u0131m. Etkinliklerin, stantlar\u0131n oldu\u011fu, giri\u015fimci kad\u0131nlar\u0131n, \u00fcreten kad\u0131nlar\u0131n \u00fcr\u00fcnlerini sergileyebilece\u011fi bir alan oldu\u011funu s\u00f6ylediler. Ben de bu etkinliklere kat\u0131lmaya ba\u015flad\u0131m. Art\u0131k bana &#8216;Yeriniz nerede?&#8217; diye sorulmaya ba\u015fland\u0131. Bu \u00e7ok s\u0131kla\u015f\u0131nca, kendi at\u00f6lyemi a\u00e7t\u0131m. Art\u0131k insanlar stantlarda beni tan\u0131maya ba\u015flay\u0131nca, at\u00f6lyeme de gelmeye ba\u015flad\u0131lar&#8221; diye konu\u015ftu.<\/p>\n<p>&#8220;Biz g\u00f6r\u00fcnmeyen kad\u0131nlar\u0131n g\u00f6r\u00fcn\u00fcrl\u00fc\u011f\u00fcn\u00fc ortaya \u00e7\u0131kard\u0131lar&#8221;<\/p>\n<p>B\u00fcy\u00fck\u015fehir Belediyesi&#8217;nin deste\u011finin ard\u0131ndan, kendine olan \u00f6zg\u00fcveninin ortaya \u00e7\u0131kt\u0131\u011f\u0131n\u0131 ifade eden Ka\u015f\u0131kara &#8220;Verilen destek, aileme ve bana maddi ve manevi \u00e7ok katk\u0131 sa\u011flad\u0131. G\u00f6r\u00fcnmezli\u011fimi de g\u00f6r\u00fcn\u00fcr k\u0131ld\u0131. B\u00fcy\u00fck\u015fehir Belediyesi b\u00f6yle etkinlikler yapt\u0131\u011f\u0131 s\u00fcrece, biz g\u00f6r\u00fcnmeyen kad\u0131nlar\u0131n g\u00f6r\u00fcn\u00fcrl\u00fc\u011f\u00fc ortaya \u00e7\u0131k\u0131yor. Benim varl\u0131\u011f\u0131mdan haberdar olan bir\u00e7ok insan olmaya ba\u015flad\u0131. Hani b\u00f6yle \u00fcreten bir kad\u0131n varm\u0131\u015f, bunlar\u0131 yap\u0131yormu\u015f diye. B\u00fcy\u00fck\u015fehir her \u015feyden \u00f6nemlisi; kendime g\u00fcvenimi, \u00fcretme azmimi, g\u00f6r\u00fcn\u00fcrl\u00fc\u011f\u00fcm\u00fc, bir \u015feyler yapabilen bir kad\u0131n\u0131n varl\u0131\u011f\u0131n\u0131 ortaya \u00e7\u0131kard\u0131. Belediyemiz destek olmasayd\u0131, belki bug\u00fcn kendimi bulamayacak, \u00fcretti\u011fim \u00fcr\u00fcnlerle evimde cebelle\u015fiyor olacakt\u0131m&#8221; ifadelerini kulland\u0131.<br \/>\n\u015eu anda at\u00f6lyesinde 1 tam zamanl\u0131 ve 3 part-time \u00e7al\u0131\u015fan\u0131 oldu\u011funu s\u00f6yleyen Ka\u015f\u0131kara, &#8220;At\u00f6lyemde yetersiz gelmeye ba\u015flad\u0131m. Yan\u0131ma daimi \u00e7al\u0131\u015fan bir kad\u0131n, 3&#8217;de part-time \u00e7al\u0131\u015fan \u00f6\u011frenci ald\u0131m. B\u00f6ylece \u00fcretime devam ettik. Bu da art\u0131k bana yetmeyince, kendi ma\u011fazam\u0131 a\u00e7maya karar verdim. At\u00f6lyeden de\u011fil de, insanlar\u0131n daha fazla g\u00f6rebilece\u011fi, daha temiz ve d\u00fczenli bir yerden al\u0131\u015fveri\u015f yapabilece\u011fi bir alan a\u00e7t\u0131k&#8221; dedi.<\/p>\n","protected":false},"excerpt":{"rendered":"<p>Y\u00fcr\u00fctt\u00fc\u011f\u00fc projeler ile insanlar\u0131n hayat\u0131na dokunmaya devam eden Mersin B\u00fcy\u00fck\u015fehir Belediyesi&#8217;nin kad\u0131n \u00fcreticilere sa\u011flad\u0131\u011f\u0131 destek, meyvelerini vermeyi s\u00fcrd\u00fcr\u00fcyor. Evinde, kendi \u00e7ap\u0131nda seramik \u00fcr\u00fcnler \u00fcreten Eseng\u00fcl Ka\u015f\u0131kara&#8217;da, o kad\u0131nlardan birisi. B\u00fcy\u00fck\u015fehir &hellip; <a href=\"https:\/\/akdenizolaygazetesi.com\/?p=20813\" class=\"more-link\">Devam\u0131n\u0131 Oku&#8230;<\/a><\/p>\n","protected":false},"author":2,"featured_media":20814,"comment_status":"open","ping_status":"open","sticky":false,"template":"","format":"standard","meta":[],"categories":[8,34,1,2,3,5],"tags":[],"_links":{"self":[{"href":"https:\/\/akdenizolaygazetesi.com\/index.php?rest_route=\/wp\/v2\/posts\/20813"}],"collection":[{"href":"https:\/\/akdenizolaygazetesi.com\/index.php?rest_route=\/wp\/v2\/posts"}],"about":[{"href":"https:\/\/akdenizolaygazetesi.com\/index.php?rest_route=\/wp\/v2\/types\/post"}],"author":[{"embeddable":true,"href":"https:\/\/akdenizolaygazetesi.com\/index.php?rest_route=\/wp\/v2\/users\/2"}],"replies":[{"embeddable":true,"href":"https:\/\/akdenizolaygazetesi.com\/index.php?rest_route=%2Fwp%2Fv2%2Fcomments&post=20813"}],"version-history":[{"count":1,"href":"https:\/\/akdenizolaygazetesi.com\/index.php?rest_route=\/wp\/v2\/posts\/20813\/revisions"}],"predecessor-version":[{"id":20815,"href":"https:\/\/akdenizolaygazetesi.com\/index.php?rest_route=\/wp\/v2\/posts\/20813\/revisions\/20815"}],"wp:featuredmedia":[{"embeddable":true,"href":"https:\/\/akdenizolaygazetesi.com\/index.php?rest_route=\/wp\/v2\/media\/20814"}],"wp:attachment":[{"href":"https:\/\/akdenizolaygazetesi.com\/index.php?rest_route=%2Fwp%2Fv2%2Fmedia&parent=20813"}],"wp:term":[{"taxonomy":"category","embeddable":true,"href":"https:\/\/akdenizolaygazetesi.com\/index.php?rest_route=%2Fwp%2Fv2%2Fcategories&post=20813"},{"taxonomy":"post_tag","embeddable":true,"href":"https:\/\/akdenizolaygazetesi.com\/index.php?rest_route=%2Fwp%2Fv2%2Ftags&post=20813"}],"curies":[{"name":"wp","href":"https:\/\/api.w.org\/{rel}","templated":true}]}}