{"id":20816,"date":"2022-09-07T12:25:28","date_gmt":"2022-09-07T09:25:28","guid":{"rendered":"http:\/\/akdenizolaygazetesi.com\/?p=20816"},"modified":"2022-09-07T12:25:28","modified_gmt":"2022-09-07T09:25:28","slug":"baskan-gultak-zabita-mudurlugu-personeli-ile-bulustu","status":"publish","type":"post","link":"https:\/\/akdenizolaygazetesi.com\/?p=20816","title":{"rendered":"BA\u015eKAN G\u00dcLTAK, ZABITA M\u00dcD\u00dcRL\u00dc\u011e\u00dc PERSONEL\u0130 \u0130LE BULU\u015eTU"},"content":{"rendered":"<p>Akdeniz Belediye Ba\u015fkan\u0131 M. Mustafa G\u00fcltak, 1-7 Eyl\u00fcl tarihleri aras\u0131nda kutlanan Zab\u0131ta Haftas\u0131 dolay\u0131s\u0131yla, Zab\u0131ta M\u00fcd\u00fcrl\u00fc\u011f\u00fc\u2019nde g\u00f6revli personel ile bir otelde d\u00fczenlenen yemekli etkinlikte bir araya geldi.<br \/>\nBulu\u015fmada ilk s\u00f6z alan Akdeniz Belediyesi Zab\u0131ta M\u00fcd\u00fcr\u00fc Ufuk Sivasl\u0131o\u011flu, Zab\u0131ta Te\u015fkilat\u0131\u2019n\u0131n kurulu\u015funun 196\u2019nc\u0131 y\u0131ld\u00f6n\u00fcm\u00fc nedeniyle bir araya geldiklerini ifade ederek; \u201cSay\u0131n Ba\u015fkan\u0131m\u0131za \u00e7ok te\u015fekk\u00fcr ediyoruz. Hakikaten zab\u0131taya ayr\u0131 bir \u00f6nem ve destek veriyorsunuz. Pozitif ayr\u0131mc\u0131l\u0131\u011f\u0131 hak ediyoruz diye d\u00fc\u015f\u00fcn\u00fcyoruz. Sizin azminiz, vizyonunuz, \u00e7al\u0131\u015fma h\u0131rs\u0131n\u0131z bizlere de \u00f6rnek oluyor. Dolay\u0131s\u0131yla bizler de arkada\u015flar\u0131m\u0131zla beraber gecemizi g\u00fcnd\u00fcz\u00fcm\u00fcze katarak, her ne kadar resmiyette n\u00fcfusu 270 bin g\u00f6r\u00fcnse de g\u00fcnd\u00fcz n\u00fcfusu 800 bini bulan Akdeniz il\u00e7emize hizmet etmenin gayreti i\u00e7indeyiz\u201d dedi.<br \/>\n\u201cGe\u00e7mi\u015fte \u00e7at\u0131\u015fmalarla g\u00fcndeme gelen Akdeniz, bug\u00fcn kentsel d\u00f6n\u00fc\u015f\u00fcmle \u00f6d\u00fcl al\u0131yor\u201d<br \/>\nAkdeniz Belediye Ba\u015fkan\u0131 M. Mustafa G\u00fcltak da se\u00e7imlerin \u00fczerinden ge\u00e7en 3 bu\u00e7uk y\u0131lda Akdeniz\u2019i de\u011fi\u015ftirip d\u00f6n\u00fc\u015ft\u00fcren hizmet, proje ve yat\u0131r\u0131mlar\u0131 anlatt\u0131. \u201cBug\u00fcn kentsel d\u00f6n\u00fc\u015f\u00fcm alan\u0131nda T\u00fcrkiye \u00e7ap\u0131nda yap\u0131lan bir yar\u0131\u015fmada Akdeniz Belediyesi, birincilik \u00f6d\u00fcl\u00fc al\u0131yor\u201d diyen Ba\u015fkan G\u00fcltak; \u201cBug\u00fcn Akdeniz\u2019de bar\u0131\u015f, huzur ve karde\u015flik var, her t\u00fcrl\u00fc hizmet var. Akdeniz art\u0131k \u00e7ok de\u011fi\u015fti. Turgut Reis mahallemizde 11\u2019inci k\u00fclt\u00fcr sanat evimizi a\u00e7t\u0131k. Mahalleli kad\u0131nlar\u0131n mutlulu\u011funu g\u00f6rmenizi isterdim. \u00d6n\u00fcm\u00fczdeki ay Huzurkent\u2019te 12\u2019nci k\u00fclt\u00fcr evimizi a\u00e7\u0131yoruz\u201d dedi.<br \/>\n\u201cAkdeniz \u00e7ok daha g\u00fczel olacak\u201d<br \/>\nS\u00f6zlerini \u201cBiz bir ekibiz ve ayn\u0131 gemideyiz\u201d \u015feklinde s\u00fcrd\u00fcren Ba\u015fkan G\u00fcltak; \u201cAkdeniz\u2019de kad\u0131nlara ve gen\u00e7lere y\u00f6nelik bir\u00e7ok hizmeti aya\u011fa kald\u0131rd\u0131k. Sanayi ve Teknoloji Bakanl\u0131\u011f\u0131\u2019n\u0131n anketi de g\u00f6sterdi ki Akdeniz il\u00e7esi olarak geli\u015fmi\u015flik s\u0131ralamas\u0131nda 123\u2019\u00fcnc\u00fc s\u0131radan bug\u00fcn 103\u2019\u00fcnc\u00fc s\u0131raya \u00e7\u0131kt\u0131k. Merak etmeyin, 5 y\u0131l sonra Akdeniz \u00e7ok daha farkl\u0131 ve g\u00fczel bir yerde olacak\u201d diye konu\u015ftu.<br \/>\nBa\u015fkan G\u00fcltak, t\u00fcm m\u00fcd\u00fcrl\u00fcklerin \u00e7al\u0131\u015fmas\u0131ndan memnuniyet duydu\u011funu da s\u00f6zlerine ekleyerek; \u201cGer\u00e7ekten t\u00fcm arkada\u015flar\u0131m\u0131z b\u00fcy\u00fck \u00f6zveriyle \u00e7al\u0131\u015f\u0131yor. \u00c7\u00fcnk\u00fc bizimle \u00e7al\u0131\u015fmak ger\u00e7ekten \u00e7ok farkl\u0131. \u0130n\u015fallah Akdeniz, sizlerle ve bizlerle \u00e7ok daha g\u00fczel olacak. Halk\u0131m\u0131z bize yeniden g\u00f6rev verirse, hep birlikte bir 5 y\u0131l daha Akdeniz\u2019de neler yapaca\u011f\u0131m\u0131z\u0131 g\u00f6sterece\u011fiz. Zab\u0131tam\u0131z\u0131n kurulu\u015f y\u0131ld\u00f6n\u00fcm\u00fcn\u00fc tekrar kutluyor, hepinize huzurlu ve g\u00fczel bir ya\u015fam diliyorum\u201d ifadelerini kulland\u0131. Konu\u015fmalar\u0131n ard\u0131ndan Ba\u015fkan Mustafa G\u00fcltak, g\u00fcn dolay\u0131s\u0131yla Zab\u0131ta M\u00fcd\u00fcr\u00fc Ufuk Sivasl\u0131o\u011flu\u2019na bir plaket takdim etti. <\/p>\n","protected":false},"excerpt":{"rendered":"<p>Akdeniz Belediye Ba\u015fkan\u0131 M. Mustafa G\u00fcltak, 1-7 Eyl\u00fcl tarihleri aras\u0131nda kutlanan Zab\u0131ta Haftas\u0131 dolay\u0131s\u0131yla, Zab\u0131ta M\u00fcd\u00fcrl\u00fc\u011f\u00fc\u2019nde g\u00f6revli personel ile bir otelde d\u00fczenlenen yemekli etkinlikte bir araya geldi. Bulu\u015fmada ilk s\u00f6z &hellip; <a href=\"https:\/\/akdenizolaygazetesi.com\/?p=20816\" class=\"more-link\">Devam\u0131n\u0131 Oku&#8230;<\/a><\/p>\n","protected":false},"author":2,"featured_media":20817,"comment_status":"open","ping_status":"open","sticky":false,"template":"","format":"standard","meta":[],"categories":[34,2,3,5],"tags":[],"_links":{"self":[{"href":"https:\/\/akdenizolaygazetesi.com\/index.php?rest_route=\/wp\/v2\/posts\/20816"}],"collection":[{"href":"https:\/\/akdenizolaygazetesi.com\/index.php?rest_route=\/wp\/v2\/posts"}],"about":[{"href":"https:\/\/akdenizolaygazetesi.com\/index.php?rest_route=\/wp\/v2\/types\/post"}],"author":[{"embeddable":true,"href":"https:\/\/akdenizolaygazetesi.com\/index.php?rest_route=\/wp\/v2\/users\/2"}],"replies":[{"embeddable":true,"href":"https:\/\/akdenizolaygazetesi.com\/index.php?rest_route=%2Fwp%2Fv2%2Fcomments&post=20816"}],"version-history":[{"count":1,"href":"https:\/\/akdenizolaygazetesi.com\/index.php?rest_route=\/wp\/v2\/posts\/20816\/revisions"}],"predecessor-version":[{"id":20818,"href":"https:\/\/akdenizolaygazetesi.com\/index.php?rest_route=\/wp\/v2\/posts\/20816\/revisions\/20818"}],"wp:featuredmedia":[{"embeddable":true,"href":"https:\/\/akdenizolaygazetesi.com\/index.php?rest_route=\/wp\/v2\/media\/20817"}],"wp:attachment":[{"href":"https:\/\/akdenizolaygazetesi.com\/index.php?rest_route=%2Fwp%2Fv2%2Fmedia&parent=20816"}],"wp:term":[{"taxonomy":"category","embeddable":true,"href":"https:\/\/akdenizolaygazetesi.com\/index.php?rest_route=%2Fwp%2Fv2%2Fcategories&post=20816"},{"taxonomy":"post_tag","embeddable":true,"href":"https:\/\/akdenizolaygazetesi.com\/index.php?rest_route=%2Fwp%2Fv2%2Ftags&post=20816"}],"curies":[{"name":"wp","href":"https:\/\/api.w.org\/{rel}","templated":true}]}}