{"id":20823,"date":"2022-09-08T13:14:38","date_gmt":"2022-09-08T10:14:38","guid":{"rendered":"http:\/\/akdenizolaygazetesi.com\/?p=20823"},"modified":"2022-09-08T13:14:38","modified_gmt":"2022-09-08T10:14:38","slug":"sifir-atik-sehri-toroslar","status":"publish","type":"post","link":"https:\/\/akdenizolaygazetesi.com\/?p=20823","title":{"rendered":"&#8220;SIFIR ATIK \u015eEHR\u0130 TOROSLAR&#8221;"},"content":{"rendered":"<p>\u0130l\u00e7ede ba\u015far\u0131yla s\u00fcrd\u00fcrd\u00fc\u011f\u00fc &#8216;S\u0131f\u0131r At\u0131k&#8221; projesiyle 4&#8217;\u00fcnc\u00fc S\u0131f\u0131r At\u0131k belgesini alan Toroslar Belediyesi, S\u0131f\u0131r At\u0131k Zirvesi ile b\u00fcy\u00fck bir \u00e7evre hareketine daha imza atacak.<\/p>\n<p>\u00c7evre, \u015eehircilik ve \u0130klim De\u011fi\u015fikli\u011fi Bakanl\u0131\u011f\u0131&#8217;n\u0131n S\u0131f\u0131r At\u0131k Y\u00f6netmeli\u011finde yer alan kriterleri yerine getirerek s\u0131f\u0131r at\u0131kta marka il\u00e7e haline gelen Toroslar, bu ba\u015far\u0131s\u0131n\u0131 zirveye ta\u015f\u0131yor.<\/p>\n<p>1. Toroslar S\u0131f\u0131r At\u0131k Zirvesi, At\u0131k Kahramanlar\u0131: &#8220;Toroslar&#8217;da Sokak Toplay\u0131c\u0131lar\u0131&#8221; temas\u0131yla kat\u0131l\u0131mc\u0131lar\u0131 a\u011f\u0131rlayacak.<\/p>\n<p>Kurum temsilcileri, vatanda\u015flar ve ba\u011f\u0131ms\u0131z sokak toplay\u0131c\u0131lar\u0131n\u0131n kat\u0131laca\u011f\u0131 zirve; 8 Eyl\u00fcl Per\u015fembe g\u00fcn\u00fc 09.00-12.00 saatleri aras\u0131nda Yunus Emre K\u00fclt\u00fcr Merkezi&#8217;nin Konferans Salonu&#8217;nda yap\u0131lacak.<\/p>\n<p>S\u00fcrd\u00fcr\u00fclebilir \u00e7evre i\u00e7in at\u0131lmas\u0131 gereken ad\u0131mlar\u0131n konu\u015fulaca\u011f\u0131 zirve ile S\u0131f\u0131r At\u0131k olgusunun t\u00fcm Toroslar il\u00e7esine yay\u0131lmas\u0131 ve gelecek nesillere daha temiz bir d\u00fcnya b\u0131rak\u0131lmas\u0131 hedefleniyor.<\/p>\n<p>\u0130yi Uygulamalar Sunumlar\u0131, Sokak Toplay\u0131c\u0131lar\u0131 Y\u00f6netmelik \u00c7al\u0131\u015ftay\u0131 ile Sonu\u00e7 Bildirgesinin yay\u0131nlanmas\u0131 ile devam edecek olan zirve, kat\u0131l\u0131m belgesi ve plaket takdimi ile son bulacak.<\/p>\n<p>Ba\u015fkan Y\u0131lmaz; &#8220;\u00c7evreyi Korumak En B\u00fcy\u00fck G\u00f6revimiz&#8221;<\/p>\n<p>Toroslar Belediye Ba\u015fkan\u0131 Ats\u0131z Af\u015f\u0131n Y\u0131lmaz, 1. Toroslar S\u0131f\u0131r At\u0131k Zirvesi&#8217;ne t\u00fcm hem\u015fehrilerini davet ederek; &#8220;\u00c7evremizi birlikte koruyal\u0131m&#8221; dedi.<\/p>\n<p>\u00c7evreye duyarl\u0131 bir nesil i\u00e7in bu \u00e7al\u0131\u015fmalara \u00f6nem verdiklerini kaydeden Ba\u015fkan Y\u0131lmaz, il\u00e7e genelinde &#8220;S\u0131f\u0131k At\u0131k&#8221; Y\u00f6netim Sistemini bir ekip ruhuyla uygulad\u0131klar\u0131n\u0131 vurgulayarak;  &#8220;S\u0131f\u0131r At\u0131k, geri d\u00f6n\u00fc\u015f\u00fcm\u00fcn yan\u0131 s\u0131ra sa\u011fl\u0131kl\u0131 bir gelecek ad\u0131na at\u0131lm\u0131\u015f \u00f6nemli bir ad\u0131m ve bir ya\u015fam \u015feklidir. S\u0131f\u0131r at\u0131k faaliyetlerimiz \u00e7evreye olan sorumlulu\u011fumuzun ve hassasiyetimizin de bir g\u00f6stergesi. \u0130l\u00e7emizde S\u0131f\u0131r At\u0131k Projesi&#8217;ni de ba\u015far\u0131yla s\u00fcrd\u00fcrmenin ve Mersin&#8217;de bu projeye \u00f6nc\u00fcl\u00fck etmenin mutlulu\u011funu ya\u015f\u0131yoruz&#8221; ifadelerini kulland\u0131.<\/p>\n<p>&#8220;At\u0131k Toplayanlar, Geri D\u00f6n\u00fc\u015f\u00fcm\u00fcn Gizli Kahramanlar\u0131d\u0131r&#8221;<\/p>\n<p>&#8220;S\u00fcrd\u00fcr\u00fclebilir \u00e7evreye katk\u0131 sa\u011flamak ve kaynaklar\u0131m\u0131z\u0131 verimli kullanmak amac\u0131yla \u00fczerimize d\u00fc\u015feni yap\u0131yoruz&#8221; diyen Ba\u015fkan Y\u0131lmaz, zirveyi At\u0131k Kahramanlar\u0131: &#8220;Toroslar&#8217;da Sokak Toplay\u0131c\u0131lar\u0131&#8221; temas\u0131yla ger\u00e7ekle\u015ftireceklerine dikkat \u00e7ekerek; &#8220;At\u0131k toplayan vatanda\u015flar\u0131m\u0131z, S\u0131f\u0131r At\u0131k \u00e7al\u0131\u015fmalar\u0131n\u0131n gizli kahramanlar\u0131d\u0131r. Her t\u00fcrden at\u0131\u011f\u0131 de\u011ferlendirip geri d\u00f6n\u00fc\u015f\u00fcme ve \u00fclke ekonomisine katk\u0131 sa\u011fl\u0131yorlar&#8221; diye konu\u015ftu.<\/p>\n<p>&#8220;Toroslar&#8217;da Hi\u00e7bir At\u0131k Bo\u015fa Gitmiyor&#8221;<\/p>\n<p>Toroslar Belediyesinin &#8220;Sokakta geri d\u00f6n\u00fc\u015f\u00fcm var&#8221; slogan\u0131yla s\u00fcrd\u00fcrd\u00fc\u011f\u00fc \u00e7al\u0131\u015fmalar kapsam\u0131nda; k\u00e2\u011f\u0131t, plastik, cam, metal, organik at\u0131klar ve b\u00fct\u00fcn bu at\u0131klar\u0131n geri kazan\u0131m\u0131n\u0131 koordineli bir \u015fekilde sa\u011flan\u0131l\u0131rken, hizmet binalar\u0131ndaki t\u00fcm \u00e7\u00f6p kovalar\u0131 kald\u0131r\u0131larak S\u0131f\u0131r At\u0131k Y\u00f6netim Sistemi kuruldu.<\/p>\n<p>\u0130l\u00e7ede pilot mahalle olarak belirlenen \u00c7a\u011fda\u015fkent Mahallesi ile il\u00e7enin e\u011fitim kurumlar\u0131ndan \u015eehit Mustafa Sar\u0131 Ortaokulu&#8217;na ve Oto Galericiler Sitesi&#8217;ne geri d\u00f6n\u00fc\u015f\u00fcm kutular\u0131 yerle\u015ftiren belediye, geri d\u00f6n\u00fc\u015febilir at\u0131klar\u0131n kayna\u011f\u0131nda ayr\u0131\u015ft\u0131r\u0131lmas\u0131, israf\u0131n \u00f6nlenmesi, \u00e7evre duyarl\u0131l\u0131\u011f\u0131n\u0131n art\u0131r\u0131lmas\u0131 ve toplumda fark\u0131ndal\u0131k olu\u015fturulmas\u0131 amac\u0131yla bilgilendirme \u00e7al\u0131\u015fmalar\u0131na devam ediyor. Belediye, kurdu\u011fu Kompost G\u00fcbre Yap\u0131m \u00dcnitesi ile organik at\u0131klar\u0131 d\u00f6n\u00fc\u015ft\u00fcrerek kompost g\u00fcbre \u00fcretimi de yap\u0131yor.<\/p>\n","protected":false},"excerpt":{"rendered":"<p>\u0130l\u00e7ede ba\u015far\u0131yla s\u00fcrd\u00fcrd\u00fc\u011f\u00fc &#8216;S\u0131f\u0131r At\u0131k&#8221; projesiyle 4&#8217;\u00fcnc\u00fc S\u0131f\u0131r At\u0131k belgesini alan Toroslar Belediyesi, S\u0131f\u0131r At\u0131k Zirvesi ile b\u00fcy\u00fck bir \u00e7evre hareketine daha imza atacak. \u00c7evre, \u015eehircilik ve \u0130klim De\u011fi\u015fikli\u011fi Bakanl\u0131\u011f\u0131&#8217;n\u0131n &hellip; <a href=\"https:\/\/akdenizolaygazetesi.com\/?p=20823\" class=\"more-link\">Devam\u0131n\u0131 Oku&#8230;<\/a><\/p>\n","protected":false},"author":2,"featured_media":20824,"comment_status":"open","ping_status":"open","sticky":false,"template":"","format":"standard","meta":[],"categories":[2,3,5,11],"tags":[],"_links":{"self":[{"href":"https:\/\/akdenizolaygazetesi.com\/index.php?rest_route=\/wp\/v2\/posts\/20823"}],"collection":[{"href":"https:\/\/akdenizolaygazetesi.com\/index.php?rest_route=\/wp\/v2\/posts"}],"about":[{"href":"https:\/\/akdenizolaygazetesi.com\/index.php?rest_route=\/wp\/v2\/types\/post"}],"author":[{"embeddable":true,"href":"https:\/\/akdenizolaygazetesi.com\/index.php?rest_route=\/wp\/v2\/users\/2"}],"replies":[{"embeddable":true,"href":"https:\/\/akdenizolaygazetesi.com\/index.php?rest_route=%2Fwp%2Fv2%2Fcomments&post=20823"}],"version-history":[{"count":1,"href":"https:\/\/akdenizolaygazetesi.com\/index.php?rest_route=\/wp\/v2\/posts\/20823\/revisions"}],"predecessor-version":[{"id":20825,"href":"https:\/\/akdenizolaygazetesi.com\/index.php?rest_route=\/wp\/v2\/posts\/20823\/revisions\/20825"}],"wp:featuredmedia":[{"embeddable":true,"href":"https:\/\/akdenizolaygazetesi.com\/index.php?rest_route=\/wp\/v2\/media\/20824"}],"wp:attachment":[{"href":"https:\/\/akdenizolaygazetesi.com\/index.php?rest_route=%2Fwp%2Fv2%2Fmedia&parent=20823"}],"wp:term":[{"taxonomy":"category","embeddable":true,"href":"https:\/\/akdenizolaygazetesi.com\/index.php?rest_route=%2Fwp%2Fv2%2Fcategories&post=20823"},{"taxonomy":"post_tag","embeddable":true,"href":"https:\/\/akdenizolaygazetesi.com\/index.php?rest_route=%2Fwp%2Fv2%2Ftags&post=20823"}],"curies":[{"name":"wp","href":"https:\/\/api.w.org\/{rel}","templated":true}]}}