{"id":20826,"date":"2022-09-08T13:16:12","date_gmt":"2022-09-08T10:16:12","guid":{"rendered":"http:\/\/akdenizolaygazetesi.com\/?p=20826"},"modified":"2022-09-08T13:16:12","modified_gmt":"2022-09-08T10:16:12","slug":"mersin-itfaiyesinin-yanginla-mucadelesi-sabaha-dek-surdu","status":"publish","type":"post","link":"https:\/\/akdenizolaygazetesi.com\/?p=20826","title":{"rendered":"MERS\u0130N \u0130TFA\u0130YES\u0130&#8217;N\u0130N YANGINLA M\u00dcCADELES\u0130 SABAHA DEK S\u00dcRD\u00dc"},"content":{"rendered":"<p>Mersin B\u00fcy\u00fck\u015fehir Belediyesi, t\u00fcm ekipleri ile seferber oldu\u011fu G\u00fclnar B\u00fcy\u00fckeceli Mahallesinde d\u00fcn sabah ba\u015flayan ve gece saatlerinde \u015fiddetlenen yang\u0131na kar\u015f\u0131 canla ba\u015fla m\u00fccadele etti. AFAD, Orman B\u00f6lge M\u00fcd\u00fcrl\u00fc\u011f\u00fc, g\u00fcvenlik g\u00fc\u00e7leri ve \u00e7evre illerden gelen destek itfaiye ekipleri, yang\u0131n\u0131 s\u00f6nd\u00fcrmek i\u00e7in b\u00f6lgede tek v\u00fccut oldu.<br \/>\nR\u00fczg\u00e2r\u0131n da etkisiyle artarak devam eden yang\u0131n, d\u00fcn ak\u015fam saatlerinde D-400 Karayolu&#8217;na kadar ula\u015ft\u0131. Karayollar\u0131 Genel M\u00fcd\u00fcrl\u00fc\u011f\u00fc, yang\u0131n nedeniyle Mersin-Antalya karayolunu kontrol alt\u0131nda tutarak trafi\u011fe kapatt\u0131. Ekipler, yang\u0131n\u0131 kontrol alt\u0131na almak i\u00e7in sabaha dek t\u00fcm b\u00f6lgede insan\u00fcst\u00fc bir m\u00fccadele i\u00e7erisinde bulundu.<br \/>\n&#8220;\u00d6nceli\u011fimiz insan ve di\u011fer canl\u0131lar. Hep beraber buraday\u0131z&#8221;<br \/>\nMersin B\u00fcy\u00fck\u015fehir Belediyesi \u0130tfaiye Daire Ba\u015fkan\u0131 Bahtiyar Ayd\u0131n, &#8220;7 Eyl\u00fcl sabah\u0131 07.30 saatlerinde ba\u015flayan yang\u0131n, ilk etapta B\u00fcy\u00fckeceli ormanl\u0131k alan\u0131nda \u00e7\u0131kt\u0131, ama ters r\u00fczgar\u0131n etkisiyle birlikte a\u015f\u0131r\u0131 derecede yay\u0131lmaya ba\u015flad\u0131. \u00c7evre illerden takviye ekipler de geldi. A\u015f\u0131r\u0131 r\u00fczgar var, bizi fazla etkiliyor, ama elimizden geleni yap\u0131yoruz. \u0130n\u015fallah en k\u0131sa zamanda yang\u0131n\u0131 s\u00f6nd\u00fcrmek i\u00e7in \u00e7al\u0131\u015f\u0131yoruz. \u015eu anda AFAD \u0130l M\u00fcd\u00fcrl\u00fc\u011f\u00fc, Orman B\u00f6lge M\u00fcd\u00fcrl\u00fc\u011f\u00fc, g\u00fcvenlik g\u00fc\u00e7leri ve bizim ekiplerimiz; helikopter ve araz\u00f6zlerimizle devaml\u0131 alanday\u0131z. Farkl\u0131 farkl\u0131 b\u00f6lgelerdeyiz. \u0130lk \u00f6nceli\u011fimiz insan ve di\u011fer canl\u0131lar. Hep beraber buraday\u0131z. Takviye kuvvetler de gelmeye devam ediyorlar. Mersin B\u00fcy\u00fck\u015fehir Belediyesi olarak, yang\u0131n\u0131n ba\u015flad\u0131\u011f\u0131 ilk andan \u015fu ana kadar, b\u00fct\u00fcn ekiplerimizle birlikte buraday\u0131z. Sadece yang\u0131n de\u011fil, zarar g\u00f6r\u00fcrm\u00fc\u015f vatanda\u015flar\u0131m\u0131za da sosyal hizmet anlam\u0131nda yard\u0131mc\u0131 oluyoruz&#8221; dedi.<br \/>\n&#8220;T\u00fcm Belediye itfaiyeleri olarak tek y\u00fcrek olduk&#8221;<br \/>\nMersin B\u00fcy\u00fck\u015fehir Belediyesi Afet Arama ve Kurtarma \u015eube M\u00fcd\u00fcr\u00fc Alperen Tabak, &#8220;Yakla\u015f\u0131k 23 ara\u00e7 ve 35 personelle, Mersin \u0130tfaiye Daire Ba\u015fkanl\u0131\u011f\u0131 olarak g\u00f6rev yerindeyiz ve \u00e7al\u0131\u015fmalar\u0131m\u0131za devam ediyoruz. \u015eiddetli poyraz esti\u011finden dolay\u0131, ekiplerimiz yang\u0131n\u0131 kontrol alt\u0131na alamad\u0131. Evlere sirayet etmemesi i\u00e7in elimizden geleni yapmaktay\u0131z. \u015eu anda 3, 5 ve 8 tonluk ara\u00e7lar\u0131m\u0131zla, yang\u0131n\u0131n evlere sirayet etmemesi i\u00e7in yang\u0131n ara\u00e7lar\u0131m\u0131zdaki su takviyelerini yapmaktay\u0131z. \u015eu an benzin istasyonlar\u0131na ve evlerin \u00f6n\u00fcne konu\u015fland\u0131r\u0131lm\u0131\u015f durumday\u0131z. Kahramanmara\u015f&#8217;tan, Kayseri&#8217;den, Antalya&#8217;dan, Hatay&#8217;dan, Adana&#8217;dan ve sayamad\u0131\u011f\u0131m bir\u00e7ok ilden araz\u00f6zlerle takviye ekipler, \u015fu anda bizimle beraber \u00e7al\u0131\u015fmakta. T\u00fcm Belediye itfaiyeleri olarak tek y\u00fcrek olduk&#8221; diye konu\u015ftu.<\/p>\n","protected":false},"excerpt":{"rendered":"<p>Mersin B\u00fcy\u00fck\u015fehir Belediyesi, t\u00fcm ekipleri ile seferber oldu\u011fu G\u00fclnar B\u00fcy\u00fckeceli Mahallesinde d\u00fcn sabah ba\u015flayan ve gece saatlerinde \u015fiddetlenen yang\u0131na kar\u015f\u0131 canla ba\u015fla m\u00fccadele etti. AFAD, Orman B\u00f6lge M\u00fcd\u00fcrl\u00fc\u011f\u00fc, g\u00fcvenlik g\u00fc\u00e7leri &hellip; <a href=\"https:\/\/akdenizolaygazetesi.com\/?p=20826\" class=\"more-link\">Devam\u0131n\u0131 Oku&#8230;<\/a><\/p>\n","protected":false},"author":2,"featured_media":20827,"comment_status":"open","ping_status":"open","sticky":false,"template":"","format":"standard","meta":[],"categories":[2,3],"tags":[],"_links":{"self":[{"href":"https:\/\/akdenizolaygazetesi.com\/index.php?rest_route=\/wp\/v2\/posts\/20826"}],"collection":[{"href":"https:\/\/akdenizolaygazetesi.com\/index.php?rest_route=\/wp\/v2\/posts"}],"about":[{"href":"https:\/\/akdenizolaygazetesi.com\/index.php?rest_route=\/wp\/v2\/types\/post"}],"author":[{"embeddable":true,"href":"https:\/\/akdenizolaygazetesi.com\/index.php?rest_route=\/wp\/v2\/users\/2"}],"replies":[{"embeddable":true,"href":"https:\/\/akdenizolaygazetesi.com\/index.php?rest_route=%2Fwp%2Fv2%2Fcomments&post=20826"}],"version-history":[{"count":1,"href":"https:\/\/akdenizolaygazetesi.com\/index.php?rest_route=\/wp\/v2\/posts\/20826\/revisions"}],"predecessor-version":[{"id":20828,"href":"https:\/\/akdenizolaygazetesi.com\/index.php?rest_route=\/wp\/v2\/posts\/20826\/revisions\/20828"}],"wp:featuredmedia":[{"embeddable":true,"href":"https:\/\/akdenizolaygazetesi.com\/index.php?rest_route=\/wp\/v2\/media\/20827"}],"wp:attachment":[{"href":"https:\/\/akdenizolaygazetesi.com\/index.php?rest_route=%2Fwp%2Fv2%2Fmedia&parent=20826"}],"wp:term":[{"taxonomy":"category","embeddable":true,"href":"https:\/\/akdenizolaygazetesi.com\/index.php?rest_route=%2Fwp%2Fv2%2Fcategories&post=20826"},{"taxonomy":"post_tag","embeddable":true,"href":"https:\/\/akdenizolaygazetesi.com\/index.php?rest_route=%2Fwp%2Fv2%2Ftags&post=20826"}],"curies":[{"name":"wp","href":"https:\/\/api.w.org\/{rel}","templated":true}]}}