{"id":20832,"date":"2022-09-08T13:20:16","date_gmt":"2022-09-08T10:20:16","guid":{"rendered":"http:\/\/akdenizolaygazetesi.com\/?p=20832"},"modified":"2022-09-08T13:20:16","modified_gmt":"2022-09-08T10:20:16","slug":"cocuklar-yeni-evlerine-tasinmak-icin-sabirsizlandiklarini-soyledi","status":"publish","type":"post","link":"https:\/\/akdenizolaygazetesi.com\/?p=20832","title":{"rendered":"\u00c7ocuklar, yeni evlerine ta\u015f\u0131nmak i\u00e7in sab\u0131rs\u0131zland\u0131klar\u0131n\u0131 s\u00f6yledi"},"content":{"rendered":"<p>\u00c7ay Mahallesi\u2019nde ya\u015fayan 5 n\u00fcfuslu Eren Ailesi, yerinde kentsel d\u00f6n\u00fc\u015f\u00fcm projesi kapsam\u0131nda Toplu Konut \u0130daresi taraf\u0131ndan yap\u0131m\u0131 tamamlanan yak\u0131nda ta\u015f\u0131nacaklar\u0131 \u00f6rnek dairelerini gezdi. Dairelerini \u00e7ok be\u011fendiklerini dile getiren Eren Ailesi\u2019nin fertleri, ta\u015f\u0131nmak i\u00e7in sab\u0131rs\u0131zland\u0131klar\u0131n\u0131 s\u00f6yledi.<br \/>\nAkdeniz Belediye Ba\u015fkan\u0131 M. Mustafa G\u00fcltak\u2019\u0131n giri\u015fimleri sonucu, Toplu Konut \u0130daresi (TOK\u0130) taraf\u0131ndan \u00c7ay Mahallesi\u2019nde ba\u015flayan yerinde kentsel d\u00f6n\u00fc\u015f\u00fcm projesi kapsam\u0131ndaki daireler ve \u00e7evredeki donat\u0131lar tamamland\u0131. Do\u011falgazl\u0131 toplam 415 daire, 36 d\u00fckk\u00e2n, 8 d\u00fckk\u00e2nl\u0131 ticaret merkezi ile caminin oldu\u011fu alanda kura \u00e7ekimi yak\u0131nda yap\u0131lacak. \u00c7ay Mahallesi\u2019nde ya\u015fayan Eren Ailesi, kura \u00f6ncesi \u00f6rnek dairelerini ve proje alan\u0131ndaki park ve ye\u015fil alanlar\u0131 gezdi.<br \/>\n\u201cAsla \u2018hay\u0131r\u2019 demesinler\u201d<br \/>\nHak sahiplerinden S\u0131tk\u0131 Eren, 3+1 oturumlu dairesini gezdi\u011fini ve \u00e7ok be\u011fendini belirterek; \u201cDaireleri \u00e7ok g\u00fczel yapm\u0131\u015flar, her malzemenin kalitelisini kullanm\u0131\u015flar, eksiksiz. A\u00e7\u0131k\u00e7as\u0131 bir mutfak masraf\u0131 taksitiyle ev sahibi olaca\u011f\u0131z. Akl\u0131m\u0131z\u0131n ucundan ge\u00e7miyordu, g\u00f6rebilece\u011fimize inanm\u0131yorduk ama \u015f\u00fck\u00fcr, g\u00f6rd\u00fck. Park var, otopark var, \u00e7ocuklar rahatl\u0131kla gezip dola\u015fabilir, akl\u0131m\u0131z d\u0131\u015far\u0131da kalmaz. Eski yerde akl\u0131m\u0131z hep d\u0131\u015far\u0131daki \u00e7ocuklar\u0131m\u0131zdayd\u0131. Acaba nerede, nereye gitti? Ara\u00e7lar s\u00fcratli ge\u00e7iyor, dikkatsiz. Burada \u00f6yle bir durum yok. Sistemli, site gibi, g\u00fcvenlikli, her ge\u00e7en giremez. Yani o konuda da ferah\u0131m. Mahalle sakinlerinin g\u00f6z\u00fc kapal\u0131 kabul edip gelmelerini isterim. Asla \u2018hay\u0131r\u2019 demesinler. Allah herkese hay\u0131rl\u0131 u\u011furlu etsin. Devletimizin ve Akdeniz Belediyesi\u2019nin desteklerinden dolay\u0131 \u00e7ok te\u015fekk\u00fcr ediyorum\u201d diye konu\u015ftu.<br \/>\nMahalleli kad\u0131nlara \u00e7a\u011fr\u0131: \u201cGelip bu g\u00fczel daireleri g\u00f6r\u00fcn\u201d<br \/>\n\u015eu an ya\u015fad\u0131\u011f\u0131 evde bir\u00e7ok s\u0131k\u0131nt\u0131 ya\u015fad\u0131\u011f\u0131n\u0131 dile getiren Sinem Eren de mahalleli kad\u0131nlara seslenerek; \u201cBuyurun gelin, buradaki yeni ve g\u00fczel daireleri g\u00f6r\u00fcn. Ben \u00e7ok be\u011fendim. Say\u0131n Belediye Ba\u015fkan\u0131m\u0131za \u00e7ok te\u015fekk\u00fcr ediyoruz\u201d dedi. <\/p>\n<p>\u00c7ocuklar, ta\u015f\u0131nmak i\u00e7in sab\u0131rs\u0131z<br \/>\nEren ailesinin \u00e7ocuklar\u0131 da hem bundan sonra ya\u015fayacaklar\u0131 evlerinin, hem de dairelerinin oldu\u011fu binan\u0131n hemen yan\u0131 ba\u015f\u0131nda bulunan park ve ye\u015fil alanlar\u0131 \u00e7ok be\u011fendiklerini ifade ettiler.  Kendileri i\u00e7in yap\u0131lan \u00e7ocuk park\u0131 ve oyun gruplar\u0131nda e\u011flenen \u00e7ocuklar, bir an \u00f6nce yeni evlerine ta\u015f\u0131n\u0131p arkada\u015flar\u0131yla oynamay\u0131 ve e\u011flenmeyi sab\u0131rs\u0131zl\u0131kla beklediklerini s\u00f6yledi.<br \/>\n\u201cYa\u015fam burada daha da g\u00fczelle\u015fecek\u201d<br \/>\n\u00c7ay Mahallesi sakini ve hak sahiplerinden biri olan Aysel Geyik de 2+1 oturumlu dairesini gezdi\u011fini ve \u00e7ok be\u011fendi\u011fini s\u00f6yledi. Geyik \u015f\u00f6yle konu\u015ftu; \u201c\u00c7evre d\u00fczenlemesi ba\u015fta olmak \u00fczere, her a\u00e7\u0131dan ailelerin ya\u015fayabilece\u011fi g\u00fczel, d\u00fczenli ve sistemli konutlar var. Eski evlerimizdeki en b\u00fcy\u00fck zorluk \u0131s\u0131nma idi. Burada \u00f6yle bir s\u0131k\u0131nt\u0131 olmayacak, daha temiz, daha d\u00fczenli olacak. Kullan\u0131lan malzemeler de kaliteli. \u0130nsanlara daha rahat bir ya\u015fam sunaca\u011f\u0131 kesin. Basketbol sahas\u0131, \u00e7ocuk park ve oyun alanlar\u0131, oturma alanlar\u0131 da var, \u00e7evre d\u00fczenlemesi g\u00fczel. Ferah bir ortam\u2026 Ya\u015fam burada daha da kolayla\u015facak ve g\u00fczelle\u015fecek. Bu imk\u00e2nlar\u0131 bizlere sa\u011flayan Akdeniz Belediye Ba\u015fkan\u0131m\u0131z Say\u0131n Mustafa G\u00fcltak ve t\u00fcm Devlet b\u00fcy\u00fcklerimize te\u015fekk\u00fcr ediyorum.\u201d<\/p>\n","protected":false},"excerpt":{"rendered":"<p>\u00c7ay Mahallesi\u2019nde ya\u015fayan 5 n\u00fcfuslu Eren Ailesi, yerinde kentsel d\u00f6n\u00fc\u015f\u00fcm projesi kapsam\u0131nda Toplu Konut \u0130daresi taraf\u0131ndan yap\u0131m\u0131 tamamlanan yak\u0131nda ta\u015f\u0131nacaklar\u0131 \u00f6rnek dairelerini gezdi. Dairelerini \u00e7ok be\u011fendiklerini dile getiren Eren Ailesi\u2019nin &hellip; <a href=\"https:\/\/akdenizolaygazetesi.com\/?p=20832\" class=\"more-link\">Devam\u0131n\u0131 Oku&#8230;<\/a><\/p>\n","protected":false},"author":2,"featured_media":20833,"comment_status":"open","ping_status":"open","sticky":false,"template":"","format":"standard","meta":[],"categories":[1,2,3,5],"tags":[],"_links":{"self":[{"href":"https:\/\/akdenizolaygazetesi.com\/index.php?rest_route=\/wp\/v2\/posts\/20832"}],"collection":[{"href":"https:\/\/akdenizolaygazetesi.com\/index.php?rest_route=\/wp\/v2\/posts"}],"about":[{"href":"https:\/\/akdenizolaygazetesi.com\/index.php?rest_route=\/wp\/v2\/types\/post"}],"author":[{"embeddable":true,"href":"https:\/\/akdenizolaygazetesi.com\/index.php?rest_route=\/wp\/v2\/users\/2"}],"replies":[{"embeddable":true,"href":"https:\/\/akdenizolaygazetesi.com\/index.php?rest_route=%2Fwp%2Fv2%2Fcomments&post=20832"}],"version-history":[{"count":1,"href":"https:\/\/akdenizolaygazetesi.com\/index.php?rest_route=\/wp\/v2\/posts\/20832\/revisions"}],"predecessor-version":[{"id":20834,"href":"https:\/\/akdenizolaygazetesi.com\/index.php?rest_route=\/wp\/v2\/posts\/20832\/revisions\/20834"}],"wp:featuredmedia":[{"embeddable":true,"href":"https:\/\/akdenizolaygazetesi.com\/index.php?rest_route=\/wp\/v2\/media\/20833"}],"wp:attachment":[{"href":"https:\/\/akdenizolaygazetesi.com\/index.php?rest_route=%2Fwp%2Fv2%2Fmedia&parent=20832"}],"wp:term":[{"taxonomy":"category","embeddable":true,"href":"https:\/\/akdenizolaygazetesi.com\/index.php?rest_route=%2Fwp%2Fv2%2Fcategories&post=20832"},{"taxonomy":"post_tag","embeddable":true,"href":"https:\/\/akdenizolaygazetesi.com\/index.php?rest_route=%2Fwp%2Fv2%2Ftags&post=20832"}],"curies":[{"name":"wp","href":"https:\/\/api.w.org\/{rel}","templated":true}]}}