{"id":20835,"date":"2022-09-08T13:23:45","date_gmt":"2022-09-08T10:23:45","guid":{"rendered":"http:\/\/akdenizolaygazetesi.com\/?p=20835"},"modified":"2022-09-08T13:23:45","modified_gmt":"2022-09-08T10:23:45","slug":"cukurova-sezona-cift-idmanla-hazirlaniyor","status":"publish","type":"post","link":"https:\/\/akdenizolaygazetesi.com\/?p=20835","title":{"rendered":"\u00c7UKUROVA, SEZONA \u00c7\u0130FT \u0130DMANLA HAZIRLANIYOR"},"content":{"rendered":"<p>Mersin&#8217;in \u00fcst d\u00fczey liglerdeki tek temsilcisi \u00c7ukurova Basketbol Kul\u00fcb\u00fc (\u00c7BK) Mersin Yeni\u015fehir Belediyesi, yeni sezon haz\u0131rl\u0131klar\u0131n\u0131 g\u00fcnde \u00e7ift idmanla s\u00fcrd\u00fcr\u00fcyor.<\/p>\n<p>Tesislerdeki sabah antrenman\u0131nda, kondisyonerler Hilmi Ta\u015fer ve Kamil Altunal g\u00f6zetiminde kuvvetlenen turuncu-lacivertliler, ard\u0131ndan bireysel basketbol antrenman\u0131 ve \u015fut \u00e7al\u0131\u015fmas\u0131 ger\u00e7ekle\u015ftirdi. Teknik Koordinat\u00f6r Zafer Kalayc\u0131o\u011flu, Yard\u0131mc\u0131 Antren\u00f6r Ege Talay ve Bireysel Ko\u00e7 Mustafa Ongun nezaretindeki ak\u015fam idman\u0131nda ise teknik-taktik \u00e7al\u0131\u015f\u0131ld\u0131. Ayn\u0131 zamanda nab\u0131z \u00f6l\u00e7\u00fcm\u00fc de yap\u0131lan oyuncular\u0131n performans\u0131 teknik heyeti memnun etti.<\/p>\n<p>Akdeniz temsilcisinin oyun kurucusu Asena Yal\u00e7\u0131n, &#8220;Sezona haz\u0131r olmak i\u00e7in \u00e7al\u0131\u015fmalar\u0131m\u0131z\u0131 \u00e7ift idmanla s\u00fcrd\u00fcr\u00fcyor, sakatl\u0131klar\u0131n \u00f6n\u00fcne ge\u00e7mek i\u00e7in koruyucu egzersizlerimizi ihmal etmiyoruz. Sezona g\u00fc\u00e7l\u00fc ve kuvvetli bir \u015fekilde ba\u015flamak, bu ivmeyle de aday oldu\u011fumuz 4 kupay\u0131 kazanmak istiyoruz&#8221; dedi. <\/p>\n","protected":false},"excerpt":{"rendered":"<p>Mersin&#8217;in \u00fcst d\u00fczey liglerdeki tek temsilcisi \u00c7ukurova Basketbol Kul\u00fcb\u00fc (\u00c7BK) Mersin Yeni\u015fehir Belediyesi, yeni sezon haz\u0131rl\u0131klar\u0131n\u0131 g\u00fcnde \u00e7ift idmanla s\u00fcrd\u00fcr\u00fcyor. Tesislerdeki sabah antrenman\u0131nda, kondisyonerler Hilmi Ta\u015fer ve Kamil Altunal g\u00f6zetiminde &hellip; <a href=\"https:\/\/akdenizolaygazetesi.com\/?p=20835\" class=\"more-link\">Devam\u0131n\u0131 Oku&#8230;<\/a><\/p>\n","protected":false},"author":2,"featured_media":20836,"comment_status":"open","ping_status":"open","sticky":false,"template":"","format":"standard","meta":[],"categories":[3,10],"tags":[],"_links":{"self":[{"href":"https:\/\/akdenizolaygazetesi.com\/index.php?rest_route=\/wp\/v2\/posts\/20835"}],"collection":[{"href":"https:\/\/akdenizolaygazetesi.com\/index.php?rest_route=\/wp\/v2\/posts"}],"about":[{"href":"https:\/\/akdenizolaygazetesi.com\/index.php?rest_route=\/wp\/v2\/types\/post"}],"author":[{"embeddable":true,"href":"https:\/\/akdenizolaygazetesi.com\/index.php?rest_route=\/wp\/v2\/users\/2"}],"replies":[{"embeddable":true,"href":"https:\/\/akdenizolaygazetesi.com\/index.php?rest_route=%2Fwp%2Fv2%2Fcomments&post=20835"}],"version-history":[{"count":1,"href":"https:\/\/akdenizolaygazetesi.com\/index.php?rest_route=\/wp\/v2\/posts\/20835\/revisions"}],"predecessor-version":[{"id":20837,"href":"https:\/\/akdenizolaygazetesi.com\/index.php?rest_route=\/wp\/v2\/posts\/20835\/revisions\/20837"}],"wp:featuredmedia":[{"embeddable":true,"href":"https:\/\/akdenizolaygazetesi.com\/index.php?rest_route=\/wp\/v2\/media\/20836"}],"wp:attachment":[{"href":"https:\/\/akdenizolaygazetesi.com\/index.php?rest_route=%2Fwp%2Fv2%2Fmedia&parent=20835"}],"wp:term":[{"taxonomy":"category","embeddable":true,"href":"https:\/\/akdenizolaygazetesi.com\/index.php?rest_route=%2Fwp%2Fv2%2Fcategories&post=20835"},{"taxonomy":"post_tag","embeddable":true,"href":"https:\/\/akdenizolaygazetesi.com\/index.php?rest_route=%2Fwp%2Fv2%2Ftags&post=20835"}],"curies":[{"name":"wp","href":"https:\/\/api.w.org\/{rel}","templated":true}]}}