{"id":20838,"date":"2022-09-08T13:25:25","date_gmt":"2022-09-08T10:25:25","guid":{"rendered":"http:\/\/akdenizolaygazetesi.com\/?p=20838"},"modified":"2022-09-08T13:25:25","modified_gmt":"2022-09-08T10:25:25","slug":"camliyayla-katli-otoparki-1-ay-sonra-hizmette","status":"publish","type":"post","link":"https:\/\/akdenizolaygazetesi.com\/?p=20838","title":{"rendered":"\u00c7AMLIYAYLA KATLI OTOPARKI 1 AY SONRA H\u0130ZMETTE"},"content":{"rendered":"<p>Mersin B\u00fcy\u00fck\u015fehir Belediyesi&#8217;nin \u00c7aml\u0131yayla il\u00e7esine kazand\u0131rmak i\u00e7in, ge\u00e7ti\u011fimiz \u015eubat ay\u0131nda yap\u0131m\u0131na ba\u015flad\u0131\u011f\u0131 Katl\u0131 Otopark projesinin y\u00fczde 80&#8217;i tamamland\u0131. \u0130l\u00e7enin, \u00f6zellikle yaz aylar\u0131nda ya\u015fad\u0131\u011f\u0131 trafik sorununu \u00e7\u00f6zecek 105 ara\u00e7 kapasiteli 3 katl\u0131 otopark projesinin, 1 ay i\u00e7erisinde tamamlanmas\u0131 hedefleniyor.<br \/>\nSosyal aktivite alanlar\u0131 da mevcut<br \/>\nModern bir yap\u0131yla in\u015fa edilen katl\u0131 otopark hakk\u0131nda bilgi veren B\u00fcy\u00fck\u015fehir Belediyesi Fen \u0130\u015fleri Dairesi Yap\u0131m Bak\u0131m Onar\u0131m \u015eube M\u00fcd\u00fcrl\u00fc\u011f\u00fc&#8217;nde g\u00f6revli \u0130n\u015faat M\u00fchendisi O\u011fuzhan \u00d6zerden, \u00e7al\u0131\u015fmalar\u0131n son h\u0131zla devam etti\u011fini belirterek, &#8220;7\/24 y\u00fcr\u00fctt\u00fc\u011f\u00fcm\u00fcz \u00e7al\u0131\u015fmalarla, modern katl\u0131 otopark\u0131m\u0131z\u0131 1 ay i\u00e7erisinde tamamlamay\u0131 hedefliyoruz. \u00c7al\u0131\u015fmam\u0131z\u0131n \u015fu anda y\u00fczde 80&#8217;lik k\u0131sm\u0131n\u0131 tamamlad\u0131k. Bu proje, \u00c7aml\u0131yayla&#8217;da \u00f6zellikle yaz aylar\u0131nda ve hafta sonlar\u0131nda ya\u015fanan trafik sorununa \u00e7\u00f6z\u00fcm olacak. Ayr\u0131ca sosyal aktiviteler i\u00e7in kullan\u0131labilecek bir tesis \u00f6zelli\u011fi de ta\u015f\u0131yacak. Zemin kat\u0131; pazar alan\u0131, konferans, sunum alan\u0131 ve \u00e7e\u015fitli etkinliklerin yap\u0131labilece\u011fi bir alan olarak dizayn edildi&#8221; ifadelerini kulland\u0131.<br \/>\nOtopark 3 katl\u0131 ve 105 ara\u00e7 kapasiteli<br \/>\nOtopark\u0131n 1560 metrekarelik bir alan \u00fczerine in\u015fa edildi\u011fini s\u00f6yleyen \u00d6zerden, &#8220;Otopark\u0131m\u0131z 3 katl\u0131 ve 105 ara\u00e7 kapasiteli olarak in\u015fa edilmi\u015ftir. Ayr\u0131ca otopark\u0131m\u0131zda kar-buz eritme sistemi mevcuttur. Kar-buz eritme sistemi, zemin kat ve a\u00e7\u0131k alanlarda ya\u011f\u0131\u015f\u0131n olumsuz etkilerini gidermek i\u00e7in yap\u0131lm\u0131\u015ft\u0131r. Ayr\u0131ca \u00f6zel gereksinimli vatanda\u015flar\u0131m\u0131z i\u00e7in zemin katta, engelli WC \u00e7al\u0131\u015fmam\u0131z oldu. Bu \u00e7al\u0131\u015fmam\u0131z\u0131n neticesinde \u00c7aml\u0131yayla&#8217;ya kazand\u0131raca\u011f\u0131m\u0131z bu otoparkla, vatanda\u015flar\u0131m\u0131z i\u00e7in b\u00fcy\u00fck bir sorun olan trafik sorununu \u00e7\u00f6zm\u00fc\u015f olaca\u011f\u0131z. Mersin B\u00fcy\u00fck\u015fehir Belediyesi olarak, vatanda\u015flar\u0131m\u0131z\u0131n konforu ve rahat\u0131 i\u00e7in her daim g\u00f6rev ba\u015f\u0131nday\u0131z&#8221; dedi.<\/p>\n","protected":false},"excerpt":{"rendered":"<p>Mersin B\u00fcy\u00fck\u015fehir Belediyesi&#8217;nin \u00c7aml\u0131yayla il\u00e7esine kazand\u0131rmak i\u00e7in, ge\u00e7ti\u011fimiz \u015eubat ay\u0131nda yap\u0131m\u0131na ba\u015flad\u0131\u011f\u0131 Katl\u0131 Otopark projesinin y\u00fczde 80&#8217;i tamamland\u0131. \u0130l\u00e7enin, \u00f6zellikle yaz aylar\u0131nda ya\u015fad\u0131\u011f\u0131 trafik sorununu \u00e7\u00f6zecek 105 ara\u00e7 kapasiteli 3 &hellip; <a href=\"https:\/\/akdenizolaygazetesi.com\/?p=20838\" class=\"more-link\">Devam\u0131n\u0131 Oku&#8230;<\/a><\/p>\n","protected":false},"author":2,"featured_media":20839,"comment_status":"open","ping_status":"open","sticky":false,"template":"","format":"standard","meta":[],"categories":[2,3,5],"tags":[],"_links":{"self":[{"href":"https:\/\/akdenizolaygazetesi.com\/index.php?rest_route=\/wp\/v2\/posts\/20838"}],"collection":[{"href":"https:\/\/akdenizolaygazetesi.com\/index.php?rest_route=\/wp\/v2\/posts"}],"about":[{"href":"https:\/\/akdenizolaygazetesi.com\/index.php?rest_route=\/wp\/v2\/types\/post"}],"author":[{"embeddable":true,"href":"https:\/\/akdenizolaygazetesi.com\/index.php?rest_route=\/wp\/v2\/users\/2"}],"replies":[{"embeddable":true,"href":"https:\/\/akdenizolaygazetesi.com\/index.php?rest_route=%2Fwp%2Fv2%2Fcomments&post=20838"}],"version-history":[{"count":1,"href":"https:\/\/akdenizolaygazetesi.com\/index.php?rest_route=\/wp\/v2\/posts\/20838\/revisions"}],"predecessor-version":[{"id":20840,"href":"https:\/\/akdenizolaygazetesi.com\/index.php?rest_route=\/wp\/v2\/posts\/20838\/revisions\/20840"}],"wp:featuredmedia":[{"embeddable":true,"href":"https:\/\/akdenizolaygazetesi.com\/index.php?rest_route=\/wp\/v2\/media\/20839"}],"wp:attachment":[{"href":"https:\/\/akdenizolaygazetesi.com\/index.php?rest_route=%2Fwp%2Fv2%2Fmedia&parent=20838"}],"wp:term":[{"taxonomy":"category","embeddable":true,"href":"https:\/\/akdenizolaygazetesi.com\/index.php?rest_route=%2Fwp%2Fv2%2Fcategories&post=20838"},{"taxonomy":"post_tag","embeddable":true,"href":"https:\/\/akdenizolaygazetesi.com\/index.php?rest_route=%2Fwp%2Fv2%2Ftags&post=20838"}],"curies":[{"name":"wp","href":"https:\/\/api.w.org\/{rel}","templated":true}]}}