{"id":20847,"date":"2022-09-08T16:44:31","date_gmt":"2022-09-08T13:44:31","guid":{"rendered":"http:\/\/akdenizolaygazetesi.com\/?p=20847"},"modified":"2022-09-08T16:44:31","modified_gmt":"2022-09-08T13:44:31","slug":"secer-tum-canlilarin-belediyesiyiz","status":"publish","type":"post","link":"https:\/\/akdenizolaygazetesi.com\/?p=20847","title":{"rendered":"SE\u00c7ER: &#8220;T\u00dcM CANLILARIN BELED\u0130YES\u0130Y\u0130Z&#8221;"},"content":{"rendered":"<p>Mersin B\u00fcy\u00fck\u015fehir Belediyesi, t\u00fcm ekipleriyle G\u00fclnar il\u00e7esi B\u00fcy\u00fckeceli Mahallesi&#8217;nde s\u00fcren yang\u0131n b\u00f6lgesinde seferber oldu. Yang\u0131na m\u00fcdahale ve yang\u0131nzedeler i\u00e7in s\u00fcrd\u00fcr\u00fclen sosyal hizmetlerin yan\u0131 s\u0131ra, can dostlar i\u00e7in de sahada olan ekipler, yang\u0131ndan etkilenen hayvanlar i\u00e7in belirli b\u00f6lgelere mama ve su b\u0131rakt\u0131.<br \/>\n&#8220;Elimizden gelenin fazlas\u0131n\u0131 yapmaktay\u0131z&#8221;<br \/>\nYang\u0131n\u0131n ilk an\u0131ndan beri b\u00f6lgede teyakkuzda olduklar\u0131n\u0131 belirten Mersin B\u00fcy\u00fck\u015fehir Belediyesi Tar\u0131msal Hizmetler Dairesi&#8217;ne ba\u011fl\u0131 Silifke Ge\u00e7ici Hayvan Bak\u0131mevi ve Rehabilitasyon Merkezi Veteriner Hekimlerinden \u00d6mer \u00d6ngel, &#8220;Yang\u0131ndan dolay\u0131 acil m\u00fcdahale ekibi olarak buraya geldik. Yaral\u0131 hayvanlara acil m\u00fcdahale yapt\u0131k. Yem, mama ve su kab\u0131 koyduk. Yang\u0131ndan dolay\u0131 burada \u00e7al\u0131\u015fmaktay\u0131z. Mersin B\u00fcy\u00fck\u015fehir Belediyesi olarak elimizden gelenin fazlas\u0131n\u0131 yapmak i\u00e7in u\u011fra\u015f\u0131yoruz. Acil m\u00fcdahale gerekenlere burada m\u00fcdahale ediyoruz, a\u011f\u0131r durumda olanlar\u0131 ise Silifke ge\u00e7ici hayvan bar\u0131na\u011f\u0131na sevk ediyoruz. Ayr\u0131ca mama olmayan yerlere mama koyuyoruz, su kab\u0131 koyuyoruz. Hayvanlar\u0131n gerekli olan ihtiya\u00e7lar\u0131n\u0131 kar\u015f\u0131lamaya \u00e7al\u0131\u015f\u0131yoruz. Normalde de b\u00f6yle \u00e7al\u0131\u015fmalar\u0131m\u0131z devaml\u0131 var, ama yang\u0131ndan dolay\u0131 daha acil bir \u015fekilde gelip, elimizden gelenin fazlas\u0131n\u0131 yapmaktay\u0131z. Can dostlar\u0131m\u0131z bizim i\u00e7in \u00e7ok de\u011ferli&#8221; dedi.<\/p>\n","protected":false},"excerpt":{"rendered":"<p>Mersin B\u00fcy\u00fck\u015fehir Belediyesi, t\u00fcm ekipleriyle G\u00fclnar il\u00e7esi B\u00fcy\u00fckeceli Mahallesi&#8217;nde s\u00fcren yang\u0131n b\u00f6lgesinde seferber oldu. Yang\u0131na m\u00fcdahale ve yang\u0131nzedeler i\u00e7in s\u00fcrd\u00fcr\u00fclen sosyal hizmetlerin yan\u0131 s\u0131ra, can dostlar i\u00e7in de sahada olan &hellip; <a href=\"https:\/\/akdenizolaygazetesi.com\/?p=20847\" class=\"more-link\">Devam\u0131n\u0131 Oku&#8230;<\/a><\/p>\n","protected":false},"author":2,"featured_media":20848,"comment_status":"open","ping_status":"open","sticky":false,"template":"","format":"standard","meta":[],"categories":[2,3,5],"tags":[],"_links":{"self":[{"href":"https:\/\/akdenizolaygazetesi.com\/index.php?rest_route=\/wp\/v2\/posts\/20847"}],"collection":[{"href":"https:\/\/akdenizolaygazetesi.com\/index.php?rest_route=\/wp\/v2\/posts"}],"about":[{"href":"https:\/\/akdenizolaygazetesi.com\/index.php?rest_route=\/wp\/v2\/types\/post"}],"author":[{"embeddable":true,"href":"https:\/\/akdenizolaygazetesi.com\/index.php?rest_route=\/wp\/v2\/users\/2"}],"replies":[{"embeddable":true,"href":"https:\/\/akdenizolaygazetesi.com\/index.php?rest_route=%2Fwp%2Fv2%2Fcomments&post=20847"}],"version-history":[{"count":1,"href":"https:\/\/akdenizolaygazetesi.com\/index.php?rest_route=\/wp\/v2\/posts\/20847\/revisions"}],"predecessor-version":[{"id":20849,"href":"https:\/\/akdenizolaygazetesi.com\/index.php?rest_route=\/wp\/v2\/posts\/20847\/revisions\/20849"}],"wp:featuredmedia":[{"embeddable":true,"href":"https:\/\/akdenizolaygazetesi.com\/index.php?rest_route=\/wp\/v2\/media\/20848"}],"wp:attachment":[{"href":"https:\/\/akdenizolaygazetesi.com\/index.php?rest_route=%2Fwp%2Fv2%2Fmedia&parent=20847"}],"wp:term":[{"taxonomy":"category","embeddable":true,"href":"https:\/\/akdenizolaygazetesi.com\/index.php?rest_route=%2Fwp%2Fv2%2Fcategories&post=20847"},{"taxonomy":"post_tag","embeddable":true,"href":"https:\/\/akdenizolaygazetesi.com\/index.php?rest_route=%2Fwp%2Fv2%2Ftags&post=20847"}],"curies":[{"name":"wp","href":"https:\/\/api.w.org\/{rel}","templated":true}]}}