{"id":2085,"date":"2020-11-04T18:22:35","date_gmt":"2020-11-04T15:22:35","guid":{"rendered":"http:\/\/mersinekonomipolitikagazetesi.com\/?p=2085"},"modified":"2020-11-04T18:22:35","modified_gmt":"2020-11-04T15:22:35","slug":"iklim-degisikligine-karsi-cikin","status":"publish","type":"post","link":"https:\/\/akdenizolaygazetesi.com\/?p=2085","title":{"rendered":"\u201c\u0130klim De\u011fi\u015fikli\u011fine Kar\u015f\u0131 \u00c7\u0131k\u0131n\u201d"},"content":{"rendered":"<p>Mersin B\u00fcy\u00fck\u015fehir Belediyesi, \u201c\u0130klim De\u011fi\u015fikli\u011fine Kar\u015f\u0131 \u00c7\u0131k\u0131n\u2019\u2019 projesi kapsam\u0131nda \u2018Kat\u0131 At\u0131k Y\u00f6netimi Eylem Plan\u0131\u2019 toplant\u0131s\u0131n\u0131 yapt\u0131.<\/p>\n<p>Avrupa Birli\u011fi ve T\u00fcrkiye Cumhuriyeti taraf\u0131ndan finanse edilen proje kapsam\u0131nda haz\u0131rlanan Kat\u0131 At\u0131k Eylem Plan\u0131 1. Yuvarlak Masa Toplant\u0131s\u0131 ad\u0131 alt\u0131nda proje tan\u0131t\u0131m\u0131 ve sunumu ger\u00e7ekle\u015ftirildi. Yap\u0131lan toplant\u0131ya Mersin B\u00fcy\u00fck\u015fehir Belediyesi ve \u00c7evre ve \u015eehircilik Bakanl\u0131\u011f\u0131\u2019n\u0131n yan\u0131 s\u0131ra Mersin \u00dcniversitesi, Geri Kazan\u0131m Sanayicileri Derne\u011fi ve Merkezi Finans ve \u0130hale Birimi kurumlar\u0131ndan bir\u00e7ok temsilci kat\u0131ld\u0131.<\/p>\n<p>\u00c7evre konusu t\u00fcm d\u00fcnyan\u0131n g\u00fcndeminde<\/p>\n<p>Toplant\u0131da konu\u015fan Mersin B\u00fcy\u00fck\u015fehir Belediyesi Genel Sekreter Yard\u0131mc\u0131s\u0131 Mustafa Kemal \u00c7okako\u011flu: \u201c\u00c7evre konusu son d\u00f6nemde t\u00fcm d\u00fcnyan\u0131n g\u00fcndeminde. Artan sanayile\u015fmenin insano\u011flunun ya\u015fam\u0131na getirdi\u011fi kolayl\u0131klar\u0131 hepimiz biliyoruz. Ancak 1945 ve 1950\u2019lerden sonra sanayile\u015fme ciddi iklim de\u011fi\u015fikliklerine ve iklim sorunlar\u0131na yol a\u00e7t\u0131. \u00d6ncelikle merkezi h\u00fck\u00fcmetler bu sorunla ilgilendiler ve sorunun kayna\u011f\u0131 olarak yine merkezi h\u00fck\u00fcmetler g\u00f6r\u00fcld\u00fc. Daha sonra bu merkezi h\u00fck\u00fcmetlerden \u00e7\u00f6z\u00fcm aray\u0131\u015f\u0131 istendi. Fakat zamanla fark edildi ki \u00e7ok b\u00fcy\u00fck kirlilikler d\u0131\u015f\u0131nda sorun yerel bir sorunmu\u015f. Dolay\u0131s\u0131yla yerel y\u00f6netimlerin bu konuda \u00e7ok b\u00fcy\u00fck sorumluluklar\u0131 \u00fcstlenebilece\u011fi ortaya \u00e7\u0131kt\u0131. Bu \u00e7er\u00e7evede 1972 Rio zirvesiyle ba\u015flayan \u00e7evre fark\u0131ndal\u0131\u011f\u0131 t\u00fcm d\u00fcnyada \u00e7e\u015fitli y\u00f6nlerle \u00e7e\u015fitli fonksiyonlarla devam ediyor\u2019\u2019 \u015feklinde konu\u015ftu.<\/p>\n<p>\u00c7\u00f6pten elektrik \u00fcretilmesi b\u00fcy\u00fck bir ba\u015far\u0131\u00a0<\/p>\n<p>En son 2015 y\u0131l\u0131nda s\u00fcrd\u00fcr\u00fclebilir kalk\u0131nma hedeflerinin ilan edildi\u011fi Birle\u015fmi\u015f Milletler taraf\u0131ndan d\u00fczenlenen \u00e7evre toplant\u0131s\u0131nda 17 tane hedef belirlendi\u011fini ve bu hedeflerin 11 tanesinin yerel y\u00f6netimlerin \u00e7abas\u0131yla oldu\u011funu ifade eden \u00c7okako\u011flu: \u2018\u2019S\u00fcrd\u00fcr\u00fclebilir kalk\u0131nma hedefleri 2030 y\u0131l\u0131nda s\u00fcrd\u00fcr\u00fclebilir bir d\u00fcnyan\u0131n nas\u0131l olaca\u011f\u0131na y\u00f6nelik hedeflerdir. Bug\u00fcn Mersin B\u00fcy\u00fck\u015fehir Belediyesi\u2019nin \u00e7\u00f6pten elektrik \u00fcretmesi b\u00fcy\u00fck bir ba\u015far\u0131 hik\u00e2yesi olmas\u0131n\u0131n yan\u0131nda \u00e7ok ciddi bir zihniyet anlay\u0131\u015f\u0131n\u0131n da de\u011fi\u015fti\u011fini ifade etmektedir. Bu t\u00fcr ba\u015far\u0131lar ancak \u00e7ok g\u00fc\u00e7l\u00fc ve \u00e7al\u0131\u015fkan bir lideriniz olmas\u0131 halinde ba\u015far\u0131ya ula\u015fabiliyor ve uygulamaya ge\u00e7ebiliyor. Ben \u00f6ncelikle bu toplant\u0131n\u0131n Mersin gibi bir \u00e7evrecilik anlay\u0131\u015f\u0131n\u0131n iklim de\u011fi\u015fikli\u011fi fark\u0131ndal\u0131\u011f\u0131nda ciddi sonu\u00e7lar \u00e7\u0131karaca\u011f\u0131na inan\u0131yorum\u2019\u2019 diyerek s\u00f6zlerini tamamlad\u0131.<br \/>\n30 ayda tamamlanmas\u0131 beklenen proje ile kamuoyunda iklim de\u011fi\u015fikli\u011fi konusunda fark\u0131ndal\u0131k yarat\u0131lmas\u0131, adaptasyonun sa\u011flanmas\u0131 ve iklim de\u011fi\u015fikli\u011fine neden olan fakt\u00f6rlerin azalt\u0131lmas\u0131 ama\u00e7lan\u0131yor.\u00a0<\/p>\n","protected":false},"excerpt":{"rendered":"<p>Mersin B\u00fcy\u00fck\u015fehir Belediyesi, \u201c\u0130klim De\u011fi\u015fikli\u011fine Kar\u015f\u0131 \u00c7\u0131k\u0131n\u2019\u2019 projesi kapsam\u0131nda \u2018Kat\u0131 At\u0131k Y\u00f6netimi Eylem Plan\u0131\u2019 toplant\u0131s\u0131n\u0131 yapt\u0131. Avrupa Birli\u011fi ve T\u00fcrkiye Cumhuriyeti taraf\u0131ndan finanse edilen proje kapsam\u0131nda haz\u0131rlanan Kat\u0131 At\u0131k Eylem &hellip; <a href=\"https:\/\/akdenizolaygazetesi.com\/?p=2085\" class=\"more-link\">Devam\u0131n\u0131 Oku&#8230;<\/a><\/p>\n","protected":false},"author":1,"featured_media":0,"comment_status":"open","ping_status":"open","sticky":false,"template":"","format":"standard","meta":[],"categories":[],"tags":[],"_links":{"self":[{"href":"https:\/\/akdenizolaygazetesi.com\/index.php?rest_route=\/wp\/v2\/posts\/2085"}],"collection":[{"href":"https:\/\/akdenizolaygazetesi.com\/index.php?rest_route=\/wp\/v2\/posts"}],"about":[{"href":"https:\/\/akdenizolaygazetesi.com\/index.php?rest_route=\/wp\/v2\/types\/post"}],"author":[{"embeddable":true,"href":"https:\/\/akdenizolaygazetesi.com\/index.php?rest_route=\/wp\/v2\/users\/1"}],"replies":[{"embeddable":true,"href":"https:\/\/akdenizolaygazetesi.com\/index.php?rest_route=%2Fwp%2Fv2%2Fcomments&post=2085"}],"version-history":[{"count":0,"href":"https:\/\/akdenizolaygazetesi.com\/index.php?rest_route=\/wp\/v2\/posts\/2085\/revisions"}],"wp:attachment":[{"href":"https:\/\/akdenizolaygazetesi.com\/index.php?rest_route=%2Fwp%2Fv2%2Fmedia&parent=2085"}],"wp:term":[{"taxonomy":"category","embeddable":true,"href":"https:\/\/akdenizolaygazetesi.com\/index.php?rest_route=%2Fwp%2Fv2%2Fcategories&post=2085"},{"taxonomy":"post_tag","embeddable":true,"href":"https:\/\/akdenizolaygazetesi.com\/index.php?rest_route=%2Fwp%2Fv2%2Ftags&post=2085"}],"curies":[{"name":"wp","href":"https:\/\/api.w.org\/{rel}","templated":true}]}}