{"id":20850,"date":"2022-09-08T16:46:41","date_gmt":"2022-09-08T13:46:41","guid":{"rendered":"http:\/\/akdenizolaygazetesi.com\/?p=20850"},"modified":"2022-09-08T16:46:41","modified_gmt":"2022-09-08T13:46:41","slug":"secer-tum-imkanlarimizla-basindan-beri-bolgedeyiz","status":"publish","type":"post","link":"https:\/\/akdenizolaygazetesi.com\/?p=20850","title":{"rendered":"SE\u00c7ER: &#8220;T\u00dcM \u0130MKANLARIMIZLA BA\u015eINDAN BER\u0130 B\u00d6LGEDEY\u0130Z&#8221;"},"content":{"rendered":"<p>Mersin B\u00fcy\u00fck\u015fehir Belediye Ba\u015fkan\u0131 Vahap Se\u00e7er, orman yang\u0131nlar\u0131n\u0131n devam etti\u011fi G\u00fclnar ve Silifke il\u00e7elerine giderek vatanda\u015flara ge\u00e7mi\u015f olsun dile\u011finde bulundu. B\u00f6lge halk\u0131n\u0131n ac\u0131s\u0131n\u0131 payla\u015fan Ba\u015fkan Se\u00e7er, \u00e7al\u0131\u015fmalar hakk\u0131nda da yetkililerden bilgi ald\u0131. Ba\u015fkan Se\u00e7er, &#8220;Sahadaki arkada\u015flar\u0131m\u0131z cansiperane ve kahramanca \u00e7al\u0131\u015f\u0131yorlar, te\u015fekk\u00fcr ediyoruz. Ellerine emeklerine sa\u011fl\u0131k. T\u00fcm Mersinimize ge\u00e7mi\u015f olsun dileklerimi iletiyorum, yaral\u0131lara acil \u015fifalar diliyorum, \u00e7al\u0131\u015fanlar\u0131n eme\u011fine, y\u00fcre\u011fine sa\u011fl\u0131k&#8221; dedi.<br \/>\n\u00c7al\u0131\u015fmalar\u0131 yak\u0131ndan takip eden Ba\u015fkan Se\u00e7er, G\u00fclnar B\u00fcy\u00fckeceli&#8217;de ba\u015flayan ve Silifke Ye\u015filovac\u0131k&#8217;a kadar inen yang\u0131n b\u00f6lgesine giderek incelemelerde bulundu, yetkililerden bilgi ald\u0131.<br \/>\nBa\u015fkan Se\u00e7er ilk olarak, Silifke&#8217;nin H\u0131rmanl\u0131 Mahallesi&#8217;ne, oradan da G\u00fclnar&#8217;\u0131n B\u00fcy\u00fckeceli Mahallesi&#8217;ne ge\u00e7erek, hem \u00e7al\u0131\u015fmalar\u0131 inceledi hem de vatanda\u015flara ge\u00e7mi\u015f olsun dileklerini iletti. Yang\u0131nla m\u00fccadelede g\u00f6rev alan ekiplere de \u00e7al\u0131\u015fmalar\u0131nda kolayl\u0131klar dileyen Ba\u015fkan Se\u00e7er,  b\u00f6lge halk\u0131n\u0131n yan\u0131nda oldu. Mersin B\u00fcy\u00fck\u015fehir Belediyesi, t\u00fcm ekipleri ile seferber oldu\u011fu yang\u0131n b\u00f6lgesinde, \u00e7al\u0131\u015fmalar\u0131n\u0131 etkin bir \u015fekilde s\u00fcrd\u00fcr\u00fcyor. AFAD, Orman B\u00f6lge M\u00fcd\u00fcrl\u00fc\u011f\u00fc, g\u00fcvenlik g\u00fc\u00e7leri ve \u00e7evre illerden gelen destek itfaiye ekipleri, yang\u0131n s\u00f6nd\u00fcrme \u00e7al\u0131\u015fmalar\u0131na devam ediyor. Ayr\u0131ca B\u00fcy\u00fck\u015fehir Belediyesi \u0130tfaiye Dairesi Ba\u015fkanl\u0131\u011f\u0131 taraf\u0131ndan, yakla\u015f\u0131k 6 ay \u00f6nce k\u00f6p\u00fck tank\u0131 aparat\u0131 tak\u0131larak, bu t\u00fcr yang\u0131nlarda yang\u0131n s\u00f6nd\u00fcrme arac\u0131na d\u00f6n\u00fc\u015fen Mersin genelindeki TOMA&#8217;lardan da, yang\u0131n ile m\u00fccadelede faydalan\u0131ld\u0131.<br \/>\nB\u00fcy\u00fck\u015fehir, t\u00fcm ekiplerini b\u00f6lgeye seferber etti<br \/>\nB\u00fcy\u00fck\u015fehir Belediyesi taraf\u0131ndan b\u00f6lgeye g\u00f6nderilen Mobil Mutfak T\u0131r\u0131&#8217;n\u0131 da gezen Ba\u015fkan Se\u00e7er, 1 Ekmek 1 \u00c7orba arac\u0131n\u0131n bulundu\u011fu b\u00f6lgede de incelemelerde bulundu. Emniyet g\u00fc\u00e7lerine, sa\u011fl\u0131k ekiplerine ve itfaiye erlerine kolayl\u0131klar dileyen Ba\u015fkan Se\u00e7er, daha sonra yang\u0131ndan k\u0131smi olarak etkilenen Pinepark Otel&#8217;e ge\u00e7ti ve ge\u00e7mi\u015f olsun dile\u011finde bulundu.<br \/>\nSilifke H\u0131rmanl\u0131&#8217;da yer alan AFAD&#8217;\u0131n Mobil Koordinasyon Merkezi&#8217;ni de ziyaret eden Ba\u015fkan Se\u00e7er, Ye\u015filovac\u0131k&#8217;ta da vatanda\u015flarla bir araya geldi. Se\u00e7er, son olarak ise G\u00fclnar B\u00fcy\u00fckeceli&#8217;de yer alan Orman \u0130\u015fletme M\u00fcd\u00fcrl\u00fc\u011f\u00fc B\u00fcy\u00fckeceli Yang\u0131n \u0130lk M\u00fcdahale Ekibi binas\u0131nda, Mersin Valisi Ali Hamza Pehlivan ve Tar\u0131m ve Orman Bakan Yard\u0131mc\u0131s\u0131 Veysel Tiryaki ile bir araya geldi.<br \/>\n&#8220;Yang\u0131n\u0131n yerle\u015fim yerlerine s\u0131\u00e7ramamas\u0131 i\u00e7in \u00fcst\u00fcn bir gayret g\u00f6sterildi&#8221;<br \/>\nBa\u015fkan Se\u00e7er, G\u00fclnar&#8217;da yang\u0131n ile ilgili son durum hakk\u0131nda a\u00e7\u0131klamalarda bulunarak, &#8220;Ge\u00e7en y\u0131l da bu tabloyla kar\u015f\u0131 kar\u015f\u0131ya kalm\u0131\u015ft\u0131k. B\u00fct\u00fcn birimler kendi alanlar\u0131nda, sorumluk alanlar\u0131na m\u00fcdahale ediyorlar, ama sorumluluk alan\u0131m\u0131z olmayan yerlere de bizler belediyeler olarak katk\u0131 sunmaya \u00e7al\u0131\u015f\u0131yoruz. Yerle\u015fim yerleri ve k\u00f6yler belediyelerin sorumluluk alanlar\u0131. Orman yang\u0131n\u0131n\u0131n bu yerlere s\u0131\u00e7ramamas\u0131 i\u00e7in, arkada\u015flar\u0131m\u0131z \u00fcst\u00fcn gayret sarf ediyorlar. D\u00fcn sabah ba\u015flayan yang\u0131n, ak\u015fam saatlerinden sonra r\u00fczgar\u0131n da etkisiyle \u015fiddetlendi. 11 il ve il\u00e7eden gelen takviye ekipler, belediyemizin ve Orman Genel M\u00fcd\u00fcrl\u00fc\u011f\u00fc&#8217;n\u00fcn \u00e7al\u0131\u015fmalar\u0131na katk\u0131 sundular. Bu \u00e7al\u0131\u015fmalar sabaha kadar devam etti ve halen de devam ediyor&#8221; dedi.<br \/>\n&#8220;R\u00fczgar\u0131n esi\u015f y\u00f6n\u00fc ve \u015fiddeti s\u00fcreci etkiliyor&#8221;<br \/>\nYang\u0131n b\u00f6lgesinde sabah saatlerinden bu yana incelemelerde bulunduklar\u0131n\u0131 anlatan Ba\u015fkan Se\u00e7er, &#8220;Yang\u0131n b\u00f6lgesindeyiz. Sabahtan bu yana yapt\u0131\u011f\u0131m incelemelerde g\u00f6rd\u00fc\u011f\u00fcm, H\u0131rmanl\u0131 Mahallemiz b\u00fcy\u00fck bir tehlike atlatm\u0131\u015f. Yang\u0131n, yerle\u015fim yerine kadar gelmi\u015f, ancak itfaiyenin \u00fcst\u00fcn gayreti, yang\u0131n\u0131n evlere s\u0131\u00e7ramas\u0131n\u0131 \u00f6nlemi\u015f. Yang\u0131n\u0131n \u00e7\u0131k\u0131\u015f noktas\u0131, \u015fu anda n\u00fckleer santral in\u015faat\u0131n\u0131n da s\u00fcrd\u00fc\u011f\u00fc yer olan B\u00fcy\u00fckeceli. B\u00fcy\u00fckeceli&#8217;nin yerle\u015fim yerinin hemen k\u0131y\u0131s\u0131na kadar ilerleyen yang\u0131n, yine orada da al\u0131nan \u00f6nlemler ve \u00fcst\u00fcn \u00e7abalarla konutlara s\u0131\u00e7ramam\u0131\u015f. Yine bu b\u00f6lgede \u00f6nemli bir nokta Ye\u015filovac\u0131k B\u00fcy\u00fckeceli aras\u0131nda Pinepark ad\u0131nda b\u00fcy\u00fck bir otel var. Oray\u0131 da inceledim, ger\u00e7ekten \u00e7ok b\u00fcy\u00fck bir tehlike atlat\u0131lm\u0131\u015f. Ekipler hem havadan, hem karadan yang\u0131n\u0131 kontrol alt\u0131na almaya \u00e7al\u0131\u015f\u0131yorlar. So\u011futma \u00e7al\u0131\u015fmalar\u0131 devam ediyor. Fakat, r\u00fczg\u00e2r\u0131n esi\u015f y\u00f6n\u00fcne ba\u011fl\u0131 olarak, ate\u015f de y\u00f6n de\u011fi\u015ftiriyor ve s\u0131\u00e7rama ihtimali \u00e7ok y\u00fcksek oluyor&#8221; ifadelerine yer verdi.<br \/>\nBa\u015fkan Se\u00e7er, yang\u0131na m\u00fcdahale esnas\u0131nda yaralanan personele de ge\u00e7mi\u015f olsun dileklerini ileterek, &#8220;Baz\u0131 personeller yaraland\u0131. Yaralanan personellere acil \u015fifalar diliyorum. Tabi insan hayat\u0131 kaybolmad\u0131, ama can kayb\u0131 yok diyemeyiz. \u00c7\u00fcnk\u00fc a\u011fa\u00e7 da bir canl\u0131, i\u00e7indeki b\u00f6rt\u00fc b\u00f6cek, hayvanlar da her biri birer canl\u0131. Dolay\u0131s\u0131yla \u00fcz\u00fcnt\u00fc verici bir durum&#8221; diye belirtti.<br \/>\n&#8220;T\u00fcm Mersinimize ge\u00e7mi\u015f olsun&#8221;<br \/>\nYang\u0131n\u0131n r\u00fczgar\u0131n etkisiyle b\u00fcy\u00fcd\u00fc\u011f\u00fcn\u00fc ve yay\u0131ld\u0131\u011f\u0131n\u0131 ifade eden Ba\u015fkan Se\u00e7er, son olarak \u015funlar\u0131 s\u00f6yledi:<br \/>\n&#8220;Mersin orman b\u00f6lgesi ve s\u0131cak bir b\u00f6lge. Dolay\u0131s\u0131yla yang\u0131n ihtimalinin \u00e7ok y\u00fcksek oldu\u011fu b\u00f6lgelerin ba\u015f\u0131nda geliyor. Yang\u0131n da yakla\u015f\u0131k 26 bin d\u00f6n\u00fcml\u00fck bir alanda meydana geliyor. T\u00fcm Mersinimize ge\u00e7mi\u015f olsun dileklerimi iletiyorum.&#8221;<\/p>\n","protected":false},"excerpt":{"rendered":"<p>Mersin B\u00fcy\u00fck\u015fehir Belediye Ba\u015fkan\u0131 Vahap Se\u00e7er, orman yang\u0131nlar\u0131n\u0131n devam etti\u011fi G\u00fclnar ve Silifke il\u00e7elerine giderek vatanda\u015flara ge\u00e7mi\u015f olsun dile\u011finde bulundu. B\u00f6lge halk\u0131n\u0131n ac\u0131s\u0131n\u0131 payla\u015fan Ba\u015fkan Se\u00e7er, \u00e7al\u0131\u015fmalar hakk\u0131nda da yetkililerden &hellip; <a href=\"https:\/\/akdenizolaygazetesi.com\/?p=20850\" class=\"more-link\">Devam\u0131n\u0131 Oku&#8230;<\/a><\/p>\n","protected":false},"author":2,"featured_media":20851,"comment_status":"open","ping_status":"open","sticky":false,"template":"","format":"standard","meta":[],"categories":[2,3,5],"tags":[],"_links":{"self":[{"href":"https:\/\/akdenizolaygazetesi.com\/index.php?rest_route=\/wp\/v2\/posts\/20850"}],"collection":[{"href":"https:\/\/akdenizolaygazetesi.com\/index.php?rest_route=\/wp\/v2\/posts"}],"about":[{"href":"https:\/\/akdenizolaygazetesi.com\/index.php?rest_route=\/wp\/v2\/types\/post"}],"author":[{"embeddable":true,"href":"https:\/\/akdenizolaygazetesi.com\/index.php?rest_route=\/wp\/v2\/users\/2"}],"replies":[{"embeddable":true,"href":"https:\/\/akdenizolaygazetesi.com\/index.php?rest_route=%2Fwp%2Fv2%2Fcomments&post=20850"}],"version-history":[{"count":1,"href":"https:\/\/akdenizolaygazetesi.com\/index.php?rest_route=\/wp\/v2\/posts\/20850\/revisions"}],"predecessor-version":[{"id":20852,"href":"https:\/\/akdenizolaygazetesi.com\/index.php?rest_route=\/wp\/v2\/posts\/20850\/revisions\/20852"}],"wp:featuredmedia":[{"embeddable":true,"href":"https:\/\/akdenizolaygazetesi.com\/index.php?rest_route=\/wp\/v2\/media\/20851"}],"wp:attachment":[{"href":"https:\/\/akdenizolaygazetesi.com\/index.php?rest_route=%2Fwp%2Fv2%2Fmedia&parent=20850"}],"wp:term":[{"taxonomy":"category","embeddable":true,"href":"https:\/\/akdenizolaygazetesi.com\/index.php?rest_route=%2Fwp%2Fv2%2Fcategories&post=20850"},{"taxonomy":"post_tag","embeddable":true,"href":"https:\/\/akdenizolaygazetesi.com\/index.php?rest_route=%2Fwp%2Fv2%2Ftags&post=20850"}],"curies":[{"name":"wp","href":"https:\/\/api.w.org\/{rel}","templated":true}]}}