{"id":20853,"date":"2022-09-09T12:27:08","date_gmt":"2022-09-09T09:27:08","guid":{"rendered":"http:\/\/akdenizolaygazetesi.com\/?p=20853"},"modified":"2022-09-09T12:27:08","modified_gmt":"2022-09-09T09:27:08","slug":"5-uluslararasi-gulnar-bilim-ve-kultur-etkinlikleri-buyuksehirin-destekleri-ile-gerceklesti","status":"publish","type":"post","link":"https:\/\/akdenizolaygazetesi.com\/?p=20853","title":{"rendered":"5. ULUSLARARASI G\u00dcLNAR B\u0130L\u0130M VE K\u00dcLT\u00dcR ETK\u0130NL\u0130KLER\u0130 B\u00dcY\u00dcK\u015eEH\u0130R&#8217;\u0130N DESTEKLER\u0130 \u0130LE GER\u00c7EKLE\u015eT\u0130"},"content":{"rendered":"<p>5. Uluslararas\u0131 G\u00fclnar Bilim ve K\u00fclt\u00fcr Etkinlikleri, Mersin B\u00fcy\u00fck\u015fehir Belediyesi&#8217;nin destekleri ile ger\u00e7ekle\u015ftirildi. Yurti\u00e7i ve yurtd\u0131\u015f\u0131ndan akademisyenler ve sanat\u00e7\u0131lar\u0131n kat\u0131ld\u0131\u011f\u0131; at\u00f6lye, sergi ve s\u00f6yle\u015filerin oldu\u011fu etkinlik dolu dolu i\u00e7eri\u011fi ile G\u00fclnar halk\u0131yla bulu\u015ftu.<br \/>\nMersin B\u00fcy\u00fck\u015fehir Belediyesi&#8217;nin kad\u0131n \u00fcretici stant kurulumu ve bilgilendirme \u00e7al\u0131\u015fmalar\u0131 ile destek verdi\u011fi etkinli\u011fin a\u00e7\u0131l\u0131\u015f\u0131, Mersin \u00dcniversitesi G\u00fclnar Mustafa Baysan Meslek Y\u00fcksekokulu bah\u00e7esinde yap\u0131ld\u0131.<br \/>\nB\u00fcy\u00fck\u015fehir Belediyesi&#8217;nin kad\u0131n dostu projeleri anlat\u0131ld\u0131<br \/>\nMersin B\u00fcy\u00fck\u015fehir Belediyesi&#8217;nin 2.5 y\u0131l \u00f6nce ba\u015flatt\u0131\u011f\u0131 \u00dcretici Kad\u0131n Stantlar\u0131, etkinlik kapsam\u0131nda yeniden G\u00fclnarl\u0131 vatanda\u015flarla bulu\u015ftu. Etkinli\u011fe kat\u0131lanlar\u0131n yo\u011fun ilgi g\u00f6sterdi\u011fi stantlara, G\u00fclnar ve Mut&#8217;tan \u00fcretici kad\u0131nlar kat\u0131ld\u0131.<br \/>\nKad\u0131n ve Aile Hizmetleri Dairesi personelinin de bilgilendirme yapt\u0131\u011f\u0131 etkinlikte, Mersin B\u00fcy\u00fck\u015fehir Belediyesi&#8217;nin, kad\u0131n\u0131n g\u00fc\u00e7lenmesi ve toplumda g\u00f6r\u00fcn\u00fcr k\u0131l\u0131nmas\u0131 i\u00e7in hayata ge\u00e7irdi\u011fi projeler anlat\u0131ld\u0131. Kad\u0131n ve Aile Hizmetleri Dairesi&#8217;nin verdi\u011fi hizmetlerin tan\u0131t\u0131ld\u0131\u011f\u0131 etkinlikte, &#8216;Kad\u0131n\u0131n \u00dcretimdeki G\u00fcc\u00fc&#8217; konu ba\u015fl\u0131kl\u0131 bilgilendirme de yap\u0131ld\u0131. Etkinlik ak\u015famlar\u0131 ise, K\u00fclt\u00fcr ve Sosyal \u0130\u015fler Dairesi b\u00fcnyesindeki Kent Orkestras\u0131&#8217;n\u0131n verdi\u011fi konserlerle renklendi.<br \/>\n&#8220;Kad\u0131n G\u00fcc\u00fc ve Kad\u0131n Eme\u011fi&#8217; konulu bir \u00e7al\u0131\u015ftay d\u00fczenlendi&#8221;<br \/>\nEtkinli\u011fe kat\u0131lan sanat\u00e7\u0131lar eserlerini sergilerken, G\u00fclnar K\u00fclt\u00fcr Merkezi&#8217;nde ise Prof. Dr. Ay\u015fe \u00c7al\u0131k Ross&#8217;un Genel Koordinat\u00f6rl\u00fc\u011f\u00fc&#8217;nde sempozyum d\u00fczenlendi. D\u00fczenlenen sempozyumda hem T\u00fcrkiye&#8217;de, hem de d\u00fcnya genelinde ba\u015far\u0131l\u0131 kad\u0131n hikayeleri payla\u015f\u0131ld\u0131. Kad\u0131nlar\u0131n ya\u015fad\u0131\u011f\u0131 zorluklar noktas\u0131nda neler yap\u0131labilece\u011finin de konu\u015fuldu\u011fu sempozyumun ard\u0131ndan, &#8216;Kad\u0131n G\u00fcc\u00fc ve Kad\u0131n Eme\u011fi&#8217; konulu bir \u00e7al\u0131\u015ftay d\u00fczenlendi.<br \/>\nEtkinlik kapsam\u0131nda bir\u00e7ok farkl\u0131 sanat\u00e7\u0131, yine G\u00fclnar K\u00fclt\u00fcr Merkezi&#8217;nde bireysel ve toplu bir \u015fekilde sergilerini yapt\u0131. Daha \u00f6nce G\u00fclnar&#8217;da ya\u015fanan orman yang\u0131nlar\u0131ndaki yanm\u0131\u015f \u00e7am k\u00fct\u00fcklerinden yontulan heykeller, seramik at\u00f6lyeleri, foto\u011fraf sergileri ve nak\u0131\u015f sergilerinin de oldu\u011fu etkinlik, G\u00fclnar Hatun G\u00f6\u00e7 Katar\u0131 Y\u00fcr\u00fcy\u00fc\u015f\u00fc ile tamamland\u0131.<\/p>\n","protected":false},"excerpt":{"rendered":"<p>5. Uluslararas\u0131 G\u00fclnar Bilim ve K\u00fclt\u00fcr Etkinlikleri, Mersin B\u00fcy\u00fck\u015fehir Belediyesi&#8217;nin destekleri ile ger\u00e7ekle\u015ftirildi. Yurti\u00e7i ve yurtd\u0131\u015f\u0131ndan akademisyenler ve sanat\u00e7\u0131lar\u0131n kat\u0131ld\u0131\u011f\u0131; at\u00f6lye, sergi ve s\u00f6yle\u015filerin oldu\u011fu etkinlik dolu dolu i\u00e7eri\u011fi ile &hellip; <a href=\"https:\/\/akdenizolaygazetesi.com\/?p=20853\" class=\"more-link\">Devam\u0131n\u0131 Oku&#8230;<\/a><\/p>\n","protected":false},"author":2,"featured_media":20854,"comment_status":"open","ping_status":"open","sticky":false,"template":"","format":"standard","meta":[],"categories":[34,2,3,5],"tags":[],"_links":{"self":[{"href":"https:\/\/akdenizolaygazetesi.com\/index.php?rest_route=\/wp\/v2\/posts\/20853"}],"collection":[{"href":"https:\/\/akdenizolaygazetesi.com\/index.php?rest_route=\/wp\/v2\/posts"}],"about":[{"href":"https:\/\/akdenizolaygazetesi.com\/index.php?rest_route=\/wp\/v2\/types\/post"}],"author":[{"embeddable":true,"href":"https:\/\/akdenizolaygazetesi.com\/index.php?rest_route=\/wp\/v2\/users\/2"}],"replies":[{"embeddable":true,"href":"https:\/\/akdenizolaygazetesi.com\/index.php?rest_route=%2Fwp%2Fv2%2Fcomments&post=20853"}],"version-history":[{"count":1,"href":"https:\/\/akdenizolaygazetesi.com\/index.php?rest_route=\/wp\/v2\/posts\/20853\/revisions"}],"predecessor-version":[{"id":20855,"href":"https:\/\/akdenizolaygazetesi.com\/index.php?rest_route=\/wp\/v2\/posts\/20853\/revisions\/20855"}],"wp:featuredmedia":[{"embeddable":true,"href":"https:\/\/akdenizolaygazetesi.com\/index.php?rest_route=\/wp\/v2\/media\/20854"}],"wp:attachment":[{"href":"https:\/\/akdenizolaygazetesi.com\/index.php?rest_route=%2Fwp%2Fv2%2Fmedia&parent=20853"}],"wp:term":[{"taxonomy":"category","embeddable":true,"href":"https:\/\/akdenizolaygazetesi.com\/index.php?rest_route=%2Fwp%2Fv2%2Fcategories&post=20853"},{"taxonomy":"post_tag","embeddable":true,"href":"https:\/\/akdenizolaygazetesi.com\/index.php?rest_route=%2Fwp%2Fv2%2Ftags&post=20853"}],"curies":[{"name":"wp","href":"https:\/\/api.w.org\/{rel}","templated":true}]}}