{"id":20859,"date":"2022-09-09T12:29:53","date_gmt":"2022-09-09T09:29:53","guid":{"rendered":"http:\/\/akdenizolaygazetesi.com\/?p=20859"},"modified":"2022-09-09T12:29:53","modified_gmt":"2022-09-09T09:29:53","slug":"yks-ek-yerlestirme-13-eylulde-sona-eriyor","status":"publish","type":"post","link":"https:\/\/akdenizolaygazetesi.com\/?p=20859","title":{"rendered":"YKS EK YERLE\u015eT\u0130RME 13 EYL\u00dcL&#8217;DE SONA ER\u0130YOR"},"content":{"rendered":"<p>\u00d6SYM, 7 Eyl\u00fcl&#8217;de ba\u015flayan ve 13 Eyl\u00fcl&#8217;e kadar devam edecek olan 2022-2023 e\u011fitim-\u00f6\u011fretim y\u0131l\u0131 ek yerle\u015ftirme s\u00fcrecini ba\u015flat\u0131rken, Mersin B\u00fcy\u00fck\u015fehir Belediyesi YKS Kurs Merkezlerinde g\u00f6rev yapan rehber \u00f6\u011fretmenler de, \u00f6\u011frencilerin do\u011fru tercih yapabilmeleri i\u00e7in onlara destek olmaya devam ediyor.<br \/>\nS\u0131nav sonu\u00e7lar\u0131n\u0131n a\u00e7\u0131klanmas\u0131n\u0131n ard\u0131ndan yap\u0131lan tercihler sonras\u0131nda a\u00e7\u0131kta kalan \u00f6\u011frencilerin, bir y\u00fcksek\u00f6\u011frenim b\u00f6l\u00fcm\u00fcne kay\u0131t olabilmeleri amac\u0131yla ger\u00e7ekle\u015ftirilen ek yerle\u015ftirmeler i\u00e7in, Mersin B\u00fcy\u00fck\u015fehir Belediyesi Sosyal Hizmetler Dairesi Ba\u015fkanl\u0131\u011f\u0131 E\u011fitim Hizmetleri \u015eube M\u00fcd\u00fcrl\u00fc\u011f\u00fc \u00f6\u011fretmenleri de, \u00f6\u011frencilerin do\u011fru tercihlerde bulunabilmesi i\u00e7in adeta seferber oldu.<br \/>\nCansu Turan: &#8220;Ek yerle\u015ftirmede gen\u00e7ler bazen yan\u0131lg\u0131ya d\u00fc\u015febiliyorlar&#8221;<br \/>\nA\u00e7\u0131kta kalan \u00f6\u011frencilere destek olmak amac\u0131yla hizmet sunduklar\u0131n\u0131 s\u00f6yleyen E\u011fitim \u015eube M\u00fcd\u00fcrl\u00fc\u011f\u00fc Rehber \u00d6\u011fretmenlerinden Cansu Turan, &#8220;\u0130lk yerle\u015ftirmelerde a\u00e7\u0131kta kalan \u00f6\u011frencilerimize, bu deste\u011fi veriyoruz. Bu hizmet t\u00fcm kurs merkezlerimizde, t\u00fcm il\u00e7elerimizde, b\u00fct\u00fcn rehber \u00f6\u011fretmenlerimiz taraf\u0131ndan veriliyor&#8221; dedi.<br \/>\nBaz\u0131 \u00f6\u011frencilerin ek yerle\u015ftirme konusunda bazen yan\u0131lg\u0131ya d\u00fc\u015febildiklerini belirten Turan, &#8220;Ge\u00e7en ek yerle\u015ftirmelerde yazd\u0131\u011f\u0131m\u0131z yerleri bir daha yazam\u0131yoruz. Bunu kendilerine a\u00e7\u0131kl\u0131yoruz. Onun haricinde nas\u0131l ilk yerle\u015ftirmelerde bizim s\u0131ralamam\u0131z \u00f6nemli ise, bu yerle\u015ftirmelerde de \u00fcniversitelerin belirlemi\u015f oldu\u011fu taban puanlar var. \u00d6\u011frencinin puan\u0131, o taban puan\u0131n alt\u0131ndaysa sistem zaten izin vermiyor. Bununla beraber, biz \u00f6\u011frencilerimizin taban puan\u0131 d\u00fc\u015f\u00fck yerleri ve kendi hedeflerine en yak\u0131n meslekleri s\u00f6yleyerek, orada tercihlerde bulunuyoruz&#8221; diye konu\u015ftu.<br \/>\n7 Eyl\u00fcl&#8217;de ba\u015flayan ve 13 Eyl\u00fcl&#8217;de sona erecek olan ek yerle\u015ftirme rehberlik hizmeti, Mersin B\u00fcy\u00fck\u015fehir Belediyesi Kurs Merkezi&#8217;nin bulundu\u011fu t\u00fcm il\u00e7elerde, t\u00fcm rehberlik \u00f6\u011fretmenleri taraf\u0131ndan \u00fcniversite okumak isteyen \u00f6\u011frencilere sunuluyor.<\/p>\n","protected":false},"excerpt":{"rendered":"<p>\u00d6SYM, 7 Eyl\u00fcl&#8217;de ba\u015flayan ve 13 Eyl\u00fcl&#8217;e kadar devam edecek olan 2022-2023 e\u011fitim-\u00f6\u011fretim y\u0131l\u0131 ek yerle\u015ftirme s\u00fcrecini ba\u015flat\u0131rken, Mersin B\u00fcy\u00fck\u015fehir Belediyesi YKS Kurs Merkezlerinde g\u00f6rev yapan rehber \u00f6\u011fretmenler de, \u00f6\u011frencilerin &hellip; <a href=\"https:\/\/akdenizolaygazetesi.com\/?p=20859\" class=\"more-link\">Devam\u0131n\u0131 Oku&#8230;<\/a><\/p>\n","protected":false},"author":2,"featured_media":20860,"comment_status":"open","ping_status":"open","sticky":false,"template":"","format":"standard","meta":[],"categories":[34,1,2,3,5],"tags":[],"_links":{"self":[{"href":"https:\/\/akdenizolaygazetesi.com\/index.php?rest_route=\/wp\/v2\/posts\/20859"}],"collection":[{"href":"https:\/\/akdenizolaygazetesi.com\/index.php?rest_route=\/wp\/v2\/posts"}],"about":[{"href":"https:\/\/akdenizolaygazetesi.com\/index.php?rest_route=\/wp\/v2\/types\/post"}],"author":[{"embeddable":true,"href":"https:\/\/akdenizolaygazetesi.com\/index.php?rest_route=\/wp\/v2\/users\/2"}],"replies":[{"embeddable":true,"href":"https:\/\/akdenizolaygazetesi.com\/index.php?rest_route=%2Fwp%2Fv2%2Fcomments&post=20859"}],"version-history":[{"count":1,"href":"https:\/\/akdenizolaygazetesi.com\/index.php?rest_route=\/wp\/v2\/posts\/20859\/revisions"}],"predecessor-version":[{"id":20861,"href":"https:\/\/akdenizolaygazetesi.com\/index.php?rest_route=\/wp\/v2\/posts\/20859\/revisions\/20861"}],"wp:featuredmedia":[{"embeddable":true,"href":"https:\/\/akdenizolaygazetesi.com\/index.php?rest_route=\/wp\/v2\/media\/20860"}],"wp:attachment":[{"href":"https:\/\/akdenizolaygazetesi.com\/index.php?rest_route=%2Fwp%2Fv2%2Fmedia&parent=20859"}],"wp:term":[{"taxonomy":"category","embeddable":true,"href":"https:\/\/akdenizolaygazetesi.com\/index.php?rest_route=%2Fwp%2Fv2%2Fcategories&post=20859"},{"taxonomy":"post_tag","embeddable":true,"href":"https:\/\/akdenizolaygazetesi.com\/index.php?rest_route=%2Fwp%2Fv2%2Ftags&post=20859"}],"curies":[{"name":"wp","href":"https:\/\/api.w.org\/{rel}","templated":true}]}}