{"id":20874,"date":"2022-09-09T15:57:47","date_gmt":"2022-09-09T12:57:47","guid":{"rendered":"http:\/\/akdenizolaygazetesi.com\/?p=20874"},"modified":"2022-09-09T15:57:47","modified_gmt":"2022-09-09T12:57:47","slug":"oberhausendan-donen-genclerden-baskan-secere-ziyaret","status":"publish","type":"post","link":"https:\/\/akdenizolaygazetesi.com\/?p=20874","title":{"rendered":"OBERHAUSEN&#8217;DAN D\u00d6NEN GEN\u00c7LERDEN BA\u015eKAN SE\u00c7ER&#8217;E Z\u0130YARET"},"content":{"rendered":"<p>Mersin B\u00fcy\u00fck\u015fehir Belediyesi&#8217;nin &#8216;Karde\u015f \u015eehirler \u00d6\u011frenci De\u011fi\u015fim Program\u0131&#8217; ile 23 Temmuz-7 A\u011fustos tarihleri aras\u0131nda B\u00fcy\u00fck\u015fehir Belediyesi&#8217;nin karde\u015f kenti Almanya&#8217;n\u0131n Oberhausen kentine giden 14-18 ya\u015f aral\u0131\u011f\u0131ndaki Mersinli \u00f6\u011frenciler, B\u00fcy\u00fck\u015fehir Belediye Ba\u015fkan\u0131 Vahap Se\u00e7er&#8217;i ziyaret etti.<br \/>\n2 hafta s\u00fcren program sayesinde, farkl\u0131 insanlarla tan\u0131\u015fma ve kayna\u015fma imk\u00e2n\u0131 bulduklar\u0131n\u0131 dile getiren \u00f6\u011frenciler, e\u011flenceli zaman ge\u00e7irdiklerini ve kendi k\u00fclt\u00fcrlerini Almanya&#8217;da yans\u0131tmaya \u00e7al\u0131\u015ft\u0131klar\u0131n\u0131 anlatt\u0131.  Bu program\u0131n kendileri i\u00e7in \u00e7ok g\u00fczel bir tecr\u00fcbe oldu\u011funu ve \u00e7ok \u015fey kazand\u0131rd\u0131\u011f\u0131n\u0131 aktaran gen\u00e7ler, programda yer almaktan duyduklar\u0131 mutlulu\u011fu ifade ettiler.<br \/>\nSe\u00e7er: &#8220;Her \u015fey asl\u0131nda bilmekle ba\u015flar&#8221;<br \/>\nBa\u015fkan Se\u00e7er ziyaretteki konu\u015fmas\u0131nda; &#8220;Benim 2 o\u011flum var. Bir tanesi, &#8216;Baba, bana hayatta ne tavsiye edersin?&#8217; diye sormu\u015ftu.  &#8216;Her yeri gezmeni isterim. Farkl\u0131 k\u00fclt\u00fcrleri g\u00f6rmeni isterim. Yani T\u00fcrkiye&#8217;de de d\u00fcnyada da de\u011fi\u015fik k\u00fclt\u00fcrleri g\u00f6rmeni, izlemeni, insanlar\u0131n ya\u015famlar\u0131n\u0131n nas\u0131l ge\u00e7ti\u011fini, nas\u0131l d\u00fc\u015f\u00fcnd\u00fcklerini, nas\u0131l ya\u015fad\u0131klar\u0131n\u0131 g\u00f6rmeni isterim&#8217; diye cevap verdim. &#8216;Bu kadar m\u0131?&#8217; dedi. Dedim ki; &#8216;Zaten bundan sonra her \u015fey kendili\u011finden gelir.&#8217; \u00c7\u00fcnk\u00fc gezmek, g\u00f6rmek ve do\u011fal olarak kitap okumaktan daha b\u00fcy\u00fck bir deneyim ve kazan\u00e7 olamaz. Yani her \u015fey o asl\u0131nda; bilmek. \u00c7\u00fcnk\u00fc birikimli, e\u011fitimli, g\u00f6rg\u00fcl\u00fc insanlar\u0131n hayat\u0131nda, her konuda bir farkl\u0131l\u0131k olur&#8221; dedi.<br \/>\n&#8220;Ho\u015fg\u00f6r\u00fcl\u00fc olun, payla\u015f\u0131mc\u0131 olun&#8221;<br \/>\nGen\u00e7lerin anlatt\u0131klar\u0131ndan yola \u00e7\u0131karak, g\u00f6rg\u00fc edinmenin \u00f6nemine de de\u011finen Ba\u015fkan Se\u00e7er, &#8220;G\u00f6rg\u00fc demek, her konuda ya da geni\u015f alanlarda bilgi sahibi olmak, haberdar olmak, farkl\u0131 ortamlara girmek demek. \u0130nsan\u0131n hi\u00e7 bilmedi\u011fi bir dili duymas\u0131 veya \u00f6\u011frenmesi gibi. Ben bu seyahatinizin \u00e7ok de\u011ferli oldu\u011funu d\u00fc\u015f\u00fcn\u00fcyorum. D\u00fcnyay\u0131 alg\u0131laman\u0131z, de\u011ferlendirmeleriniz, g\u00f6rd\u00fckleriniz kar\u015f\u0131s\u0131nda bunu dile d\u00f6k\u00fcp yans\u0131tman\u0131z bile \u00e7ok g\u00fczel. &#8216;Siyasette 3Z kural\u0131ndan vazge\u00e7meyin&#8217; der \u00fcstat siyaset\u00e7iler. 3Z&#8217;den bir tanesi; zarafet. Zarafetli, nazik, kibar, asaletli adam olacaks\u0131n. Ziyaret; insanlarla i\u00e7 i\u00e7e olacaks\u0131n\u0131z, ziyaret edeceksiniz. Bir de ziyafet. Egoist, bencil olmayacaks\u0131n\u0131z. Yani payla\u015fmay\u0131 bileceksiniz. Bunlar insan\u0131 diri tutar, ayakta tutar&#8221; diye konu\u015ftu.<br \/>\n&#8220;\u00dclkemizin geli\u015fmesine \u00f6nemli katk\u0131lar yapaca\u011f\u0131n\u0131za inan\u0131yorum&#8221;<br \/>\nGen\u00e7lerin ziyaretinden duydu\u011fu mutlulu\u011fu da s\u00f6zlerine ekleyen Ba\u015fkan Se\u00e7er, &#8220;Ben sizleri tan\u0131maktan dolay\u0131 \u00e7ok mutlu oldum. \u00d6n\u00fcn\u00fczde uzun y\u0131llar\u0131n\u0131z olacak. Daha \u00e7ok gen\u00e7siniz. P\u0131r\u0131l p\u0131r\u0131ls\u0131n\u0131z, ay y\u00fczl\u00fcs\u00fcn\u00fcz. Allah yolunuzu a\u00e7\u0131k etsin. Bir b\u00fcy\u00fc\u011f\u00fcn\u00fcz olarak size tavsiyem, her \u015feyden \u00f6te mutlu olun. \u00d6nce tabi ki \u00fclkemize, ama genel anlamda insanl\u0131\u011fa yararl\u0131 birer birey olun. Ama buna kendi mahallemizden ba\u015flamakta yarar var diye d\u00fc\u015f\u00fcn\u00fcyorum. Yani kendi \u00fclkemizin geli\u015fmesine \u00f6nemli katk\u0131lar yapaca\u011f\u0131n\u0131zdan eminim&#8221; dedi.<\/p>\n","protected":false},"excerpt":{"rendered":"<p>Mersin B\u00fcy\u00fck\u015fehir Belediyesi&#8217;nin &#8216;Karde\u015f \u015eehirler \u00d6\u011frenci De\u011fi\u015fim Program\u0131&#8217; ile 23 Temmuz-7 A\u011fustos tarihleri aras\u0131nda B\u00fcy\u00fck\u015fehir Belediyesi&#8217;nin karde\u015f kenti Almanya&#8217;n\u0131n Oberhausen kentine giden 14-18 ya\u015f aral\u0131\u011f\u0131ndaki Mersinli \u00f6\u011frenciler, B\u00fcy\u00fck\u015fehir Belediye Ba\u015fkan\u0131 &hellip; <a href=\"https:\/\/akdenizolaygazetesi.com\/?p=20874\" class=\"more-link\">Devam\u0131n\u0131 Oku&#8230;<\/a><\/p>\n","protected":false},"author":2,"featured_media":20875,"comment_status":"open","ping_status":"open","sticky":false,"template":"","format":"standard","meta":[],"categories":[3],"tags":[],"_links":{"self":[{"href":"https:\/\/akdenizolaygazetesi.com\/index.php?rest_route=\/wp\/v2\/posts\/20874"}],"collection":[{"href":"https:\/\/akdenizolaygazetesi.com\/index.php?rest_route=\/wp\/v2\/posts"}],"about":[{"href":"https:\/\/akdenizolaygazetesi.com\/index.php?rest_route=\/wp\/v2\/types\/post"}],"author":[{"embeddable":true,"href":"https:\/\/akdenizolaygazetesi.com\/index.php?rest_route=\/wp\/v2\/users\/2"}],"replies":[{"embeddable":true,"href":"https:\/\/akdenizolaygazetesi.com\/index.php?rest_route=%2Fwp%2Fv2%2Fcomments&post=20874"}],"version-history":[{"count":1,"href":"https:\/\/akdenizolaygazetesi.com\/index.php?rest_route=\/wp\/v2\/posts\/20874\/revisions"}],"predecessor-version":[{"id":20876,"href":"https:\/\/akdenizolaygazetesi.com\/index.php?rest_route=\/wp\/v2\/posts\/20874\/revisions\/20876"}],"wp:featuredmedia":[{"embeddable":true,"href":"https:\/\/akdenizolaygazetesi.com\/index.php?rest_route=\/wp\/v2\/media\/20875"}],"wp:attachment":[{"href":"https:\/\/akdenizolaygazetesi.com\/index.php?rest_route=%2Fwp%2Fv2%2Fmedia&parent=20874"}],"wp:term":[{"taxonomy":"category","embeddable":true,"href":"https:\/\/akdenizolaygazetesi.com\/index.php?rest_route=%2Fwp%2Fv2%2Fcategories&post=20874"},{"taxonomy":"post_tag","embeddable":true,"href":"https:\/\/akdenizolaygazetesi.com\/index.php?rest_route=%2Fwp%2Fv2%2Ftags&post=20874"}],"curies":[{"name":"wp","href":"https:\/\/api.w.org\/{rel}","templated":true}]}}