{"id":20880,"date":"2022-09-09T16:02:48","date_gmt":"2022-09-09T13:02:48","guid":{"rendered":"http:\/\/akdenizolaygazetesi.com\/?p=20880"},"modified":"2022-09-09T16:02:48","modified_gmt":"2022-09-09T13:02:48","slug":"akdeniz-belediye-baskani-gultak-chp-ve-hdpli-meclis-uyelerini-halkimiza-sikayet-ediyorum","status":"publish","type":"post","link":"https:\/\/akdenizolaygazetesi.com\/?p=20880","title":{"rendered":"AKDEN\u0130Z BELED\u0130YE BA\u015eKANI G\u00dcLTAK; \u201cCHP VE HDP\u2019L\u0130 MECL\u0130S \u00dcYELER\u0130N\u0130 HALKIMIZA \u015e\u0130K\u00c2YET ED\u0130YORUM\u201d"},"content":{"rendered":"<p>Akdeniz Belediye Meclisi, Eyl\u00fcl Ay\u0131 ikinci birle\u015fimini M. Mustafa G\u00fcltak Ba\u015fkanl\u0131\u011f\u0131\u2019nda ger\u00e7ekle\u015ftirdi. \u0130lk toplant\u0131da komisyonlara havale edilen konular\u0131n bekletilerek Meclis\u2019in g\u00fcndemsiz toplanmas\u0131 nedeniyle \u00e7ok \u00f6nemli kararlar al\u0131namad\u0131. Duruma tepki g\u00f6steren Ba\u015fkan G\u00fcltak; \u201cAkdeniz\u2019e hizmetin \u00f6n\u00fcn\u00fc kesmek isteyen CHP ve HDP\u2019li Meclis \u00fcyelerini halk\u0131m\u0131za ve muhtarlar\u0131m\u0131za \u015fik\u00e2yet ediyorum\u201d dedi.<br \/>\nSayg\u0131 Duru\u015fu ve \u0130stiklal Mar\u015f\u0131 ile ba\u015flayan Meclis toplant\u0131s\u0131nda, Toplu Konut \u0130daresi taraf\u0131ndan \u00c7ay Mahallesi\u2019nde tamamlanan yerinde kentsel d\u00f6n\u00fc\u015f\u00fcm projesini tan\u0131tan, \u00f6rnek daireleri gezen mahalleli baz\u0131 ailelerin heyecan ve mutlulu\u011funu yans\u0131tan k\u0131sa film g\u00f6sterimi ger\u00e7ekle\u015fti.<br \/>\n\u201cMustafa G\u00fcltak\u2019\u0131n h\u0131z\u0131n\u0131 kesemezsiniz\u201d<br \/>\nAkdeniz\u2019e hizmetin \u00f6n\u00fcn\u00fcn kesildi\u011fini belirterek tepki g\u00f6steren Akdeniz Belediye Ba\u015fkan\u0131 Mustafa G\u00fcltak; CHP ve HDP\u2019li meclis \u00fcyelerine seslenerek \u015f\u00f6yle konu\u015ftu; \u201cSizleri, hem muhtarlar\u0131m\u0131za hem Akdeniz halk\u0131m\u0131za \u015fik\u00e2yet ediyorum. Oturup karar verece\u011finiz konular\u0131, yine kurnazl\u0131k yap\u0131p vermediniz, geciktirdiniz. Bunu yaparak Mustafa G\u00fcltak\u2019\u0131n h\u0131z\u0131n\u0131 kesemezsiniz. Bende \u00f6yle bir iman g\u00fcc\u00fc var ki, durduramazs\u0131n\u0131z. Bo\u015funa u\u011fra\u015f\u0131yorsunuz. Bu hizmetlerin hepsi ger\u00e7ekle\u015fecek.<br \/>\nSizi bir kez daha muhtarlara ve Akdeniz halk\u0131na \u015fik\u00e2yet ediyorum. Neden? Muhtarlar\u0131n bu ay ekstra 150 lira almas\u0131n\u0131 engellediniz. Ayr\u0131ca \u00c7ukurova Kalk\u0131nma Ajans\u0131\u2019ndan gelecek olan 2,4 milyon TL hibenin gelmesini engellediniz. Ki burada en az 5 kad\u0131n\u0131n istihdam\u0131n\u0131 sa\u011flayacakt\u0131k. Bunu da engellediniz. Neyi bekliyorsunuz? \u0130\u00e7el Sanat Kul\u00fcb\u00fc\u2019ne verilecek deste\u011fin neyini d\u00fc\u015f\u00fcn\u00fcyorsunuz?<br \/>\nBu, sizin de ger\u00e7ek y\u00fcz\u00fcn\u00fcz\u00fc ortaya koyuyor. Komisyonlar\u0131 toplamayal\u0131m, i\u015flemeyelim, ayda bir karar verelim; Mustafa G\u00fcltak\u2019\u0131n h\u0131z\u0131n\u0131 keselim\u2026 CHP ve HDP meclis \u00fcyelerini, muhtarlar\u0131m\u0131za ve Akdeniz halk\u0131na \u015fik\u00e2yet ediyorum. Kad\u0131nlar\u0131n istihdam\u0131n\u0131, muhtarlara yard\u0131m\u0131n artt\u0131r\u0131lmas\u0131n\u0131 engellemi\u015flerdir. Bana de\u011fil, as\u0131l cezay\u0131 siz Akdeniz halk\u0131na kesiyorsunuz. Bunlar\u0131 yapmak i\u00e7in se\u00e7ilmediniz, bunun i\u00e7in meclis \u00fcyesi olmad\u0131n\u0131z. Sizleri k\u0131n\u0131yorum\u201d ifadelerini kulland\u0131.<\/p>\n<p>\u00d6nceki oturumda komisyonlara sevk edilen konular g\u00f6r\u00fc\u015f\u00fclemedi<br \/>\n\u00d6te yandan; Meclis\u2019in bu oturumunda, \u00c7ukurova Kalk\u0131nma Ajans\u0131&#8217;ndan gelecek olan kad\u0131nlar\u0131n istihdam\u0131na y\u00f6nelik projeler i\u00e7in kullan\u0131lmas\u0131 hedeflenen 2 milyon 350 bin TL\u2019lik hibe; Akdeniz Mahallesi\u2019ne ba\u011fl\u0131 muhtarlara her ay verilen 500 TL\u2019lik nakdi yard\u0131m\u0131n 650 TL\u2019ye \u00e7\u0131kar\u0131lmas\u0131 ve \u0130\u00e7el Sanat Kul\u00fcb\u00fc&#8217;ne sa\u011flanacak olan maddi destekle ilgili konular da g\u00f6r\u00fc\u015f\u00fclecekti.<br \/>\nFakat Meclis\u2019in 5 Eyl\u00fcl 2022 Pazartesi g\u00fcnk\u00fc ilk oturumunda, ilgili komisyonlara sevk edilen bu konular, komisyonlarda bekletilerek bug\u00fcnk\u00fc toplant\u0131da g\u00fcndeme gelmemesi sa\u011fland\u0131. Dolay\u0131s\u0131yla Eyl\u00fcl ay\u0131 ikinci Meclis oturumunda bu g\u00fcndem maddeleri ile ilgili herhangi bir karar al\u0131namad\u0131.<br \/>\nK\u0131lavuz\u2019un soru \u00f6nergesine verilen yan\u0131t\u2026<br \/>\nMeclis toplant\u0131s\u0131nda, Akdeniz Belediye Ba\u015fkan\u0131 M. Mustafa G\u00fcltak; MHP Mersin Milletvekili Olcay K\u0131lavuz\u2019un; \u201cMersin B\u00fcy\u00fck\u015fehir Belediyesi\u2019nde ter\u00f6r \u00f6rg\u00fctleri ile iltisakl\u0131 personel olup olmad\u0131\u011f\u0131na\u201d y\u00f6nelik soru \u00f6nergesine, \u0130\u00e7i\u015fleri Bakan\u0131 S\u00fcleyman Soylu&#8217;nun verdi\u011fi yan\u0131t\u0131 da okudu.<br \/>\n\u0130\u00e7i\u015fleri Bakanl\u0131\u011f\u0131n\u0131n, K\u0131lavuz\u2019un soru \u00f6nergesine verdi\u011fi yan\u0131tta; \u201cCHP&#8217;li Mersin B\u00fcy\u00fck\u015fehir Belediyesi&#8217;nde \u00e7al\u0131\u015fan 33 ki\u015finin PKK\/KCK 5 ki\u015finin FET\u00d6\/PDY ve 2 ki\u015finin de Hizbullah ter\u00f6r \u00f6rg\u00fct\u00fc mensubu oldu\u011fu gerek\u00e7esiyle g\u00f6zalt\u0131na al\u0131nd\u0131\u011f\u0131 a\u00e7\u0131klan\u0131rken, g\u00f6zalt\u0131na al\u0131nan bu ki\u015filerden 14\u2019\u00fcn\u00fcn adli makamlarca tutukland\u0131\u011f\u0131 belirtildi. Bakanl\u0131\u011f\u0131n verdi\u011fi yan\u0131tta ayr\u0131ca PKK\/KCK ter\u00f6r \u00f6rg\u00fct\u00fc i\u00e7erisinde faaliyet y\u00fcr\u00fct\u00fcrken \u00f6len veya ter\u00f6r su\u00e7lar\u0131ndan tutuklu\/h\u00fck\u00fcml\u00fc bulunan \u015fah\u0131slar\u0131n yak\u0131nlar\u0131ndan 33 ki\u015finin ise halen belediyede \u00e7al\u0131\u015ft\u0131\u011f\u0131 kaydedildi.<br \/>\n\u201cDedikodu yapm\u0131yor, belge ile konu\u015fuyoruz\u201d<br \/>\nBa\u015fkan G\u00fcltak; \u0130\u00e7i\u015fleri Bakanl\u0131\u011f\u0131\u2019n\u0131n, MHP\u2019li K\u0131lavuz\u2019un soru \u00f6nergesine verdi\u011fi yan\u0131t \u00fczerinden ele\u015ftirilerini s\u00fcrd\u00fcrerek; \u201cB\u00fcy\u00fck\u015fehir Belediye Ba\u015fkan\u0131\u2019n\u0131n 3 bin 500 ki\u015fiyi i\u015ften \u00e7\u0131kar\u0131p kimleri i\u015fe ald\u0131\u011f\u0131 devlet kanallar\u0131 taraf\u0131ndan ispatlanm\u0131\u015ft\u0131r. Biz dedikodu yapm\u0131yoruz; net, belgeli konu\u015fuyoruz. Kimin, kiminle ortak oldu\u011fu, kimin kiminle kapal\u0131 kap\u0131lar ard\u0131nda birbirine g\u00f6z k\u0131rpt\u0131\u011f\u0131n\u0131n belgesidir.<br \/>\nHi\u00e7 kimse bo\u015f konu\u015fmas\u0131n, bunun b\u00f6yle olmad\u0131\u011f\u0131n\u0131 ispatlas\u0131n. Bu \u00fclkenin banisi ve kurucusu Gazi Mustafa Kemal Atat\u00fcrk\u2019\u00fcn kurdu\u011fu partinin \u015fu anki y\u00f6neticileri, CHP\u2019yi ne hale getirmi\u015flerdir? Cumhuriyetimizin banisi ve kurucusu Atat\u00fcrk\u2019\u00fcn kurdu\u011fu partinin \u00fcst y\u00f6neticilerinin geldi\u011fi durumun g\u00f6stergesidir. Kapal\u0131 kap\u0131lar ard\u0131nda ne i\u015fler g\u00f6r\u00fcld\u00fc\u011f\u00fcn\u00fcn belgesidir bu\u201d ifadelerini kulland\u0131.<br \/>\n Akdeniz Belediye Meclisi\u2019nin bir toplant\u0131s\u0131, 3 Ekim 2022 Pazartesi g\u00fcn\u00fc saat 10:00\u2019da yap\u0131lacak. <\/p>\n","protected":false},"excerpt":{"rendered":"<p>Akdeniz Belediye Meclisi, Eyl\u00fcl Ay\u0131 ikinci birle\u015fimini M. Mustafa G\u00fcltak Ba\u015fkanl\u0131\u011f\u0131\u2019nda ger\u00e7ekle\u015ftirdi. \u0130lk toplant\u0131da komisyonlara havale edilen konular\u0131n bekletilerek Meclis\u2019in g\u00fcndemsiz toplanmas\u0131 nedeniyle \u00e7ok \u00f6nemli kararlar al\u0131namad\u0131. Duruma tepki g\u00f6steren &hellip; <a href=\"https:\/\/akdenizolaygazetesi.com\/?p=20880\" class=\"more-link\">Devam\u0131n\u0131 Oku&#8230;<\/a><\/p>\n","protected":false},"author":2,"featured_media":0,"comment_status":"open","ping_status":"open","sticky":false,"template":"","format":"standard","meta":[],"categories":[34,2,3,6],"tags":[],"_links":{"self":[{"href":"https:\/\/akdenizolaygazetesi.com\/index.php?rest_route=\/wp\/v2\/posts\/20880"}],"collection":[{"href":"https:\/\/akdenizolaygazetesi.com\/index.php?rest_route=\/wp\/v2\/posts"}],"about":[{"href":"https:\/\/akdenizolaygazetesi.com\/index.php?rest_route=\/wp\/v2\/types\/post"}],"author":[{"embeddable":true,"href":"https:\/\/akdenizolaygazetesi.com\/index.php?rest_route=\/wp\/v2\/users\/2"}],"replies":[{"embeddable":true,"href":"https:\/\/akdenizolaygazetesi.com\/index.php?rest_route=%2Fwp%2Fv2%2Fcomments&post=20880"}],"version-history":[{"count":1,"href":"https:\/\/akdenizolaygazetesi.com\/index.php?rest_route=\/wp\/v2\/posts\/20880\/revisions"}],"predecessor-version":[{"id":20882,"href":"https:\/\/akdenizolaygazetesi.com\/index.php?rest_route=\/wp\/v2\/posts\/20880\/revisions\/20882"}],"wp:attachment":[{"href":"https:\/\/akdenizolaygazetesi.com\/index.php?rest_route=%2Fwp%2Fv2%2Fmedia&parent=20880"}],"wp:term":[{"taxonomy":"category","embeddable":true,"href":"https:\/\/akdenizolaygazetesi.com\/index.php?rest_route=%2Fwp%2Fv2%2Fcategories&post=20880"},{"taxonomy":"post_tag","embeddable":true,"href":"https:\/\/akdenizolaygazetesi.com\/index.php?rest_route=%2Fwp%2Fv2%2Ftags&post=20880"}],"curies":[{"name":"wp","href":"https:\/\/api.w.org\/{rel}","templated":true}]}}