{"id":20883,"date":"2022-09-10T16:10:42","date_gmt":"2022-09-10T13:10:42","guid":{"rendered":"http:\/\/akdenizolaygazetesi.com\/?p=20883"},"modified":"2022-09-10T16:10:42","modified_gmt":"2022-09-10T13:10:42","slug":"sahutoglu-belediyemizin-tarimsal-calismalarinin-tanitimini-yaptik","status":"publish","type":"post","link":"https:\/\/akdenizolaygazetesi.com\/?p=20883","title":{"rendered":"\u015eahuto\u011flu: &#8220;Belediyemizin tar\u0131msal \u00e7al\u0131\u015fmalar\u0131n\u0131n tan\u0131t\u0131m\u0131n\u0131 yapt\u0131k&#8221;"},"content":{"rendered":"<p>Mersin B\u00fcy\u00fck\u015fehir Belediyesi, T\u00fcrkiye ve d\u00fcnyan\u0131n pek \u00e7ok yerinden k\u00fc\u00e7\u00fck \u00fcretici, kooperatif ve tar\u0131mla ilgili sivil toplum kurulu\u015funun kat\u0131ld\u0131\u011f\u0131 Terra Madre Anadolu-\u0130zmir 2022 Fuar\u0131&#8217;na kat\u0131larak, Mersin&#8217;i ve Mersin tar\u0131m\u0131n\u0131 kat\u0131l\u0131mc\u0131lara tan\u0131tt\u0131.<\/p>\n<p>D\u00fcnya genelinde gastronominin en \u00f6nemli etkinli\u011fi olarak kabul edilen Terra Madre fuar\u0131nda a\u00e7\u0131lan Mersin B\u00fcy\u00fck\u015fehir Belediyesi stand\u0131na; Mersinden Kad\u0131n Kooperatifi, Tarsus Eshab-\u0131 Keyf Kooperatifi, Mut Kad\u0131n Kooperatifi, Anamur Kad\u0131n Kooperatifi, Mut Tar\u0131msal Kooperatifi ve Mezitli Kooperatifi birlikte kat\u0131l\u0131m sa\u011flad\u0131.<\/p>\n<p>\u015eahuto\u011flu: &#8220;Belediyemizin tar\u0131msal \u00e7al\u0131\u015fmalar\u0131n\u0131n tan\u0131t\u0131m\u0131n\u0131 yapt\u0131k&#8221;<\/p>\n<p>Fuara ili\u015fkin bilgi veren Tar\u0131msal Hizmetler Dairesi Ba\u015fkanvekili Sel\u00e7uk \u015eahuto\u011flu, &#8220;Ana teman\u0131n tar\u0131m \u00fcr\u00fcnleri oldu\u011fu bu fuarda, biz de Mersin B\u00fcy\u00fck\u015fehir Belediyesi olarak Tar\u0131msal Hizmetler Dairesi Ba\u015fkanl\u0131\u011f\u0131&#8217;n\u0131n yapm\u0131\u015f oldu\u011fu projeler ile \u00e7al\u0131\u015fmalar hakk\u0131nda, kat\u0131l\u0131mc\u0131lara bilgilendirme ve de\u011ferlendirmelerde bulunduk&#8221; dedi.<\/p>\n<p>Fuarda slow foot birliklerinin, kooperatiflerin, ayn\u0131 zamanda k\u00fc\u00e7\u00fck \u00fcreticilerin ve tar\u0131mla ilgili sivil toplum kurulu\u015flar\u0131n\u0131n hepsinin bir araya gelmesi ile olu\u015fan bir yo\u011funluk oldu\u011funu ifade eden \u015eahuto\u011flu &#8220;Mersin B\u00fcy\u00fck\u015fehir Belediyesi stand\u0131m\u0131z\u0131 yakla\u015f\u0131k 3 bin ki\u015fi ziyaret etti. Bu organizasyonda hem projelerimizi de\u011ferlendirme, tekrar g\u00f6zden ge\u00e7irme, hem de kat\u0131l\u0131mc\u0131larla fikir al\u0131\u015fveri\u015finde bulundu\u011fumuz ortam olu\u015ftu. Tar\u0131m\u0131n, kooperatifle\u015fmenin, birle\u015fmenin, el eme\u011finin son derece \u00f6nemli oldu\u011fu bug\u00fcnlerde bu tarz fuarlar\u0131n ger\u00e7ekle\u015fmesinin, hem \u00fcreticiler a\u00e7\u0131s\u0131ndan hem de kat\u0131l\u0131mc\u0131lar a\u00e7\u0131s\u0131ndan son derece \u00f6nemli oldu\u011funu d\u00fc\u015f\u00fcn\u00fcyorum&#8221; diye konu\u015ftu.<\/p>\n","protected":false},"excerpt":{"rendered":"<p>Mersin B\u00fcy\u00fck\u015fehir Belediyesi, T\u00fcrkiye ve d\u00fcnyan\u0131n pek \u00e7ok yerinden k\u00fc\u00e7\u00fck \u00fcretici, kooperatif ve tar\u0131mla ilgili sivil toplum kurulu\u015funun kat\u0131ld\u0131\u011f\u0131 Terra Madre Anadolu-\u0130zmir 2022 Fuar\u0131&#8217;na kat\u0131larak, Mersin&#8217;i ve Mersin tar\u0131m\u0131n\u0131 kat\u0131l\u0131mc\u0131lara &hellip; <a href=\"https:\/\/akdenizolaygazetesi.com\/?p=20883\" class=\"more-link\">Devam\u0131n\u0131 Oku&#8230;<\/a><\/p>\n","protected":false},"author":2,"featured_media":20884,"comment_status":"open","ping_status":"open","sticky":false,"template":"","format":"standard","meta":[],"categories":[34,2,3,5],"tags":[],"_links":{"self":[{"href":"https:\/\/akdenizolaygazetesi.com\/index.php?rest_route=\/wp\/v2\/posts\/20883"}],"collection":[{"href":"https:\/\/akdenizolaygazetesi.com\/index.php?rest_route=\/wp\/v2\/posts"}],"about":[{"href":"https:\/\/akdenizolaygazetesi.com\/index.php?rest_route=\/wp\/v2\/types\/post"}],"author":[{"embeddable":true,"href":"https:\/\/akdenizolaygazetesi.com\/index.php?rest_route=\/wp\/v2\/users\/2"}],"replies":[{"embeddable":true,"href":"https:\/\/akdenizolaygazetesi.com\/index.php?rest_route=%2Fwp%2Fv2%2Fcomments&post=20883"}],"version-history":[{"count":1,"href":"https:\/\/akdenizolaygazetesi.com\/index.php?rest_route=\/wp\/v2\/posts\/20883\/revisions"}],"predecessor-version":[{"id":20885,"href":"https:\/\/akdenizolaygazetesi.com\/index.php?rest_route=\/wp\/v2\/posts\/20883\/revisions\/20885"}],"wp:featuredmedia":[{"embeddable":true,"href":"https:\/\/akdenizolaygazetesi.com\/index.php?rest_route=\/wp\/v2\/media\/20884"}],"wp:attachment":[{"href":"https:\/\/akdenizolaygazetesi.com\/index.php?rest_route=%2Fwp%2Fv2%2Fmedia&parent=20883"}],"wp:term":[{"taxonomy":"category","embeddable":true,"href":"https:\/\/akdenizolaygazetesi.com\/index.php?rest_route=%2Fwp%2Fv2%2Fcategories&post=20883"},{"taxonomy":"post_tag","embeddable":true,"href":"https:\/\/akdenizolaygazetesi.com\/index.php?rest_route=%2Fwp%2Fv2%2Ftags&post=20883"}],"curies":[{"name":"wp","href":"https:\/\/api.w.org\/{rel}","templated":true}]}}