{"id":20886,"date":"2022-09-10T16:12:21","date_gmt":"2022-09-10T13:12:21","guid":{"rendered":"http:\/\/akdenizolaygazetesi.com\/?p=20886"},"modified":"2022-09-10T16:12:21","modified_gmt":"2022-09-10T13:12:21","slug":"ozdulger-bu-etkinligi-cok-kiymetli-buluyoruz","status":"publish","type":"post","link":"https:\/\/akdenizolaygazetesi.com\/?p=20886","title":{"rendered":"\u00d6ZD\u00dcLGER: &#8220;BU ETK\u0130NL\u0130\u011e\u0130 \u00c7OK KIYMETL\u0130 BULUYORUZ&#8221;"},"content":{"rendered":"<p>Haziran ay\u0131ndan itibaren Mersin&#8217;in d\u00f6rt bir k\u00f6\u015fesini saran &#8216;K\u00f6y Bizim \u015eenlik Bizim&#8217; etkinlikleri, Akdeniz il\u00e7esine ba\u011fl\u0131 Esenli Mahallesi&#8217;nde ger\u00e7ekle\u015fti. \u00c7ocuklar\u0131n yan\u0131 s\u0131ra her ya\u015ftan yeti\u015fkinin de b\u00fcy\u00fck ilgi ile izledi\u011fi etkinlikte, Mersin B\u00fcy\u00fck\u015fehir Belediyesi K\u00fclt\u00fcr ve Sosyal \u0130\u015fler Dairesi Ba\u015fkanl\u0131\u011f\u0131 personelleri, geleneksel sokak oyunlar\u0131ndan dans etkinli\u011fine, resim yapma ve y\u00fcz boyama etkinli\u011finden kukla oyununa, \u00e7\u00f6mlek yap\u0131m at\u00f6lyesinden Karag\u00f6z-Hacivat orta oyununa kadar bir\u00e7ok g\u00f6steriyi kat\u0131l\u0131mc\u0131lar\u0131n be\u011fenisine sundu.<\/p>\n<p>\u00d6zd\u00fclger: &#8220;Etkinliklerle ilgili \u00e7ok olumlu d\u00f6n\u00fc\u015fler al\u0131yoruz&#8221;<\/p>\n<p>B\u00fcy\u00fck ilgi g\u00f6ren etkinlikler hakk\u0131nda bilgi veren Mersin B\u00fcy\u00fck\u015fehir Belediyesi K\u00fclt\u00fcr ve Sosyal \u0130\u015fler Dairesi Ba\u015fkanl\u0131\u011f\u0131 Koordinat\u00f6r\u00fc Opera Sanat\u00e7\u0131s\u0131 Bengi \u0130spir \u00d6zd\u00fclger, &#8220;Bu etkinli\u011fi \u00e7ok \u00f6nemsiyoruz. Haziran ay\u0131ndan itibaren \u00f6nce Tarsus&#8217;ta ba\u015flad\u0131k. \u00c7aml\u0131yayla, Silifke, Mut, G\u00fclnar, Erdemli, Toroslar, Yeni\u015fehir, Mezitli ve Akdeniz il\u00e7elerinde devam ettiriyoruz. Akdeniz&#8217;de yapt\u0131\u011f\u0131m\u0131z ilk etkinlik bu. Onun i\u00e7in halk\u0131m\u0131zla birlikte olman\u0131n heyecan\u0131n\u0131 ya\u015f\u0131yoruz&#8221; dedi.<\/p>\n<p>\u00c7ocuklarla keyifli vakit ge\u00e7irmek, Karag\u00f6z-Hacivat oyunlar\u0131yla, orta oyunuyla, balon \u015fovlar\u0131yla, resim at\u00f6lyeleriyle, m\u00fczik dinletileriyle, ayn\u0131 zamanda e\u011flenceli m\u00fczikler \u00e7alarak hep beraber oyunlara e\u015flik etmek noktas\u0131nda bir arada olmak i\u00e7in bu \u00e7al\u0131\u015fmalar\u0131n yap\u0131ld\u0131\u011f\u0131na dikkat \u00e7eken \u00d6zd\u00fclger, &#8220;Ger\u00e7ekten de \u00e7ok olumlu d\u00f6n\u00fc\u015fler al\u0131yoruz. \u00c7\u00fcnk\u00fc k\u00f6y\u00fcnde, mahallesinde yaz\u0131 ge\u00e7iren k\u00f6yl\u00fcm\u00fcz de, \u00e7ocuklar\u0131m\u0131z da bizim olmazsa olmaz, \u00e7ok k\u0131ymetlilerimiz. Onlarla bu etkinlikte bu payla\u015f\u0131mda bulunmak, bizim i\u00e7in \u00e7ok \u00f6nemli&#8221; diye konu\u015ftu.<\/p>\n<p>\u00d6zd\u00fclger: &#8220;\u00c7ocuklar\u0131m\u0131z\u0131n okuma al\u0131\u015fkanl\u0131\u011f\u0131 kazanmas\u0131n\u0131 da istiyoruz&#8221;<\/p>\n<p>Etkinli\u011fin i\u00e7erisinde k\u00fclt\u00fcrel ve sanatsal, ayn\u0131 zamanda \u00e7ocuk oyunlar\u0131 \u00e7al\u0131\u015fmalar\u0131n\u0131n yan\u0131 s\u0131ra Sosyal Hizmetler Dairesi&#8217;nden al\u0131nan cupcake, dondurma ve limonata gibi payla\u015f\u0131mlarla lezzetli ve keyifli vakit ge\u00e7irilmesini de hedeflediklerini s\u00f6yleyen \u00d6zd\u00fclger, &#8220;Ayn\u0131 zamanda bizim yine \u00e7ok \u00f6nemsedi\u011fimiz okuma al\u0131\u015fkanl\u0131\u011f\u0131n\u0131 geli\u015ftirme noktas\u0131nda, \u00e7ocuklar\u0131m\u0131za \u00e7ocuk kitaplar\u0131 da\u011f\u0131t\u0131yoruz. Bu birliktelik konusunda da g\u00fczel aksiyonlar al\u0131yoruz. Ger\u00e7ekten \u00e7ok keyifli, dolu dolu ge\u00e7en etkinlikler oluyor. T\u00fcm il\u00e7elerimizde her g\u00fcn \u00e7al\u0131\u015fmalar\u0131m\u0131z, projelerimiz devam edecek. Okulun a\u00e7\u0131lmas\u0131ndan sonraki hafta, hepsini tamamlamay\u0131 hedefliyoruz. Bunu belli aral\u0131klarla tekrar ger\u00e7ekle\u015ftirme amac\u0131nday\u0131z. \u00c7\u00fcnk\u00fc bu g\u00fczel dokunu\u015flar, bu g\u00fczel etkinlikler bizlere de doping oluyor ayn\u0131 zamanda&#8221; \u015feklinde konu\u015ftu.<\/p>\n<p>Ba\u015fkan Vahap Se\u00e7er&#8217;in de &#8216;K\u00f6y Bizim \u015eenlik Bizim&#8217; etkinli\u011fini \u00e7ok \u00f6nemsedi\u011fine dikkat \u00e7eken \u00d6zd\u00fclger, \u015funlar\u0131 kaydetti:<\/p>\n<p>&#8220;Kendisi, \u00e7ok \u00f6nemsedi\u011fi bu \u00e7al\u0131\u015fman\u0131n her noktada olmas\u0131n\u0131 ve bize bu konuda ne yap\u0131lmas\u0131 gerekiyorsa yapma talimatlar\u0131 var. Biz de o do\u011frultuda elimizden gelen g\u00fczelli\u011fi ba\u015far\u0131y\u0131 sergilemek istiyoruz.&#8221;<\/p>\n<p>&#8220;\u00c7ocuklar\u0131m\u0131z ilk defa b\u00f6yle bir etkinlik g\u00f6rd\u00fc&#8221;<\/p>\n<p>Etkinli\u011fi \u00e7ok be\u011fendi\u011fini s\u00f6yleyen \u015eerafettin \u00c7elikkol, &#8220;Bu bir ba\u015flang\u0131\u00e7t\u0131r. Etkinli\u011fin anlam\u0131, genelde toplumun yeni yeti\u015fmekte olan kesimin olgunluk ve genel k\u00fclt\u00fcr\u00fcn\u00fc geli\u015ftirme ve g\u00fc\u00e7lendirme anlam\u0131n\u0131 ta\u015f\u0131r. Gelecek y\u0131llara daha g\u00fczel, daha payla\u015f\u0131mc\u0131 olmas\u0131n\u0131 dileriz&#8221; dedi.<\/p>\n<p>Etkinli\u011fe e\u015fi ile birlikte severek geldi\u011fini s\u00f6yleyen Hanife Kan, &#8220;\u00c7ok g\u00fczel bir etkinlik, memnun oldum. \u00c7ocuklar b\u00f6yle \u015feyler g\u00f6rm\u00fcyorlar, ancak televizyon, telefon. Canl\u0131 canl\u0131 g\u00f6rmeleri \u00e7ok g\u00fczel oldu. Buraya fazla bir etkinlik gelmiyordu. \u015eimdi 2-3 defad\u0131r geliyor, \u00e7ok seviyoruz, severek de geliyoruz&#8221; diye konu\u015ftu.<\/p>\n<p>Etkinli\u011fi \u00e7ok sevdi\u011fini s\u00f6yleyen Kaan G\u00f6ktu\u011f Dede isimli \u00e7ocuk ise &#8220;\u00c7ok g\u00fczel oldu. Etkinlikte y\u00fcz\u00fcm\u00fc boyad\u0131lar, k\u0131l\u0131\u00e7 yapt\u0131lar bana. Daha \u00f6nce b\u00f6yle bir etkinli\u011fe kat\u0131lmam\u0131\u015ft\u0131m. Bu etkinli\u011fi \u00e7ok sevdim&#8221; dedi.<\/p>\n","protected":false},"excerpt":{"rendered":"<p>Haziran ay\u0131ndan itibaren Mersin&#8217;in d\u00f6rt bir k\u00f6\u015fesini saran &#8216;K\u00f6y Bizim \u015eenlik Bizim&#8217; etkinlikleri, Akdeniz il\u00e7esine ba\u011fl\u0131 Esenli Mahallesi&#8217;nde ger\u00e7ekle\u015fti. \u00c7ocuklar\u0131n yan\u0131 s\u0131ra her ya\u015ftan yeti\u015fkinin de b\u00fcy\u00fck ilgi ile izledi\u011fi &hellip; <a href=\"https:\/\/akdenizolaygazetesi.com\/?p=20886\" class=\"more-link\">Devam\u0131n\u0131 Oku&#8230;<\/a><\/p>\n","protected":false},"author":2,"featured_media":20887,"comment_status":"open","ping_status":"open","sticky":false,"template":"","format":"standard","meta":[],"categories":[34,2,3,5],"tags":[],"_links":{"self":[{"href":"https:\/\/akdenizolaygazetesi.com\/index.php?rest_route=\/wp\/v2\/posts\/20886"}],"collection":[{"href":"https:\/\/akdenizolaygazetesi.com\/index.php?rest_route=\/wp\/v2\/posts"}],"about":[{"href":"https:\/\/akdenizolaygazetesi.com\/index.php?rest_route=\/wp\/v2\/types\/post"}],"author":[{"embeddable":true,"href":"https:\/\/akdenizolaygazetesi.com\/index.php?rest_route=\/wp\/v2\/users\/2"}],"replies":[{"embeddable":true,"href":"https:\/\/akdenizolaygazetesi.com\/index.php?rest_route=%2Fwp%2Fv2%2Fcomments&post=20886"}],"version-history":[{"count":1,"href":"https:\/\/akdenizolaygazetesi.com\/index.php?rest_route=\/wp\/v2\/posts\/20886\/revisions"}],"predecessor-version":[{"id":20888,"href":"https:\/\/akdenizolaygazetesi.com\/index.php?rest_route=\/wp\/v2\/posts\/20886\/revisions\/20888"}],"wp:featuredmedia":[{"embeddable":true,"href":"https:\/\/akdenizolaygazetesi.com\/index.php?rest_route=\/wp\/v2\/media\/20887"}],"wp:attachment":[{"href":"https:\/\/akdenizolaygazetesi.com\/index.php?rest_route=%2Fwp%2Fv2%2Fmedia&parent=20886"}],"wp:term":[{"taxonomy":"category","embeddable":true,"href":"https:\/\/akdenizolaygazetesi.com\/index.php?rest_route=%2Fwp%2Fv2%2Fcategories&post=20886"},{"taxonomy":"post_tag","embeddable":true,"href":"https:\/\/akdenizolaygazetesi.com\/index.php?rest_route=%2Fwp%2Fv2%2Ftags&post=20886"}],"curies":[{"name":"wp","href":"https:\/\/api.w.org\/{rel}","templated":true}]}}