{"id":20895,"date":"2022-09-11T10:22:19","date_gmt":"2022-09-11T07:22:19","guid":{"rendered":"http:\/\/akdenizolaygazetesi.com\/?p=20895"},"modified":"2022-09-11T10:22:19","modified_gmt":"2022-09-11T07:22:19","slug":"efsane-baskan-ali-kaya-mutlu-olumunun-6-yildonumunde-mezari-basinda-anildi","status":"publish","type":"post","link":"https:\/\/akdenizolaygazetesi.com\/?p=20895","title":{"rendered":"&#8216;EFSANE BA\u015eKAN&#8217; AL\u0130 KAYA MUTLU, \u00d6L\u00dcM\u00dcN\u00dcN 6. YILD\u00d6N\u00dcM\u00dcNDE MEZARI BA\u015eINDA ANILDI"},"content":{"rendered":"<p>Mersin&#8217;de 3 d\u00f6nem belediye ba\u015fkanl\u0131\u011f\u0131 yapan &#8216;Efsane Ba\u015fkan&#8217; Ali Kaya Mutlu, \u00f6l\u00fcm\u00fcn\u00fcn 6. y\u0131ld\u00f6n\u00fcm\u00fcnde mezar\u0131 ba\u015f\u0131nda an\u0131ld\u0131.<\/p>\n<p>Mersin B\u00fcy\u00fck\u015fehir Belediye Ba\u015fkan\u0131 Vahap Se\u00e7er de anma t\u00f6renine kat\u0131larak, Ali Kaya Mutlu Ba\u015fkan&#8217;\u0131n sene-i devriyesinde ona olan vefalar\u0131n\u0131 g\u00f6stermek i\u00e7in bir araya geldiklerini vurgulad\u0131 ve &#8220;\u0130n\u015fallah biz de onun gibi bir Ba\u015fkan oluruz. Onun gibi efsane oluruz. Bu bayra\u011f\u0131 da \u015ferefle, onurla ta\u015f\u0131y\u0131p, bizden sonra gelen m\u00fccadele arkada\u015flar\u0131m\u0131za devrederiz. Allah gani gani rahmet eylesin, mekan\u0131 cennet olsun&#8221; dedi.<\/p>\n<p>Se\u00e7er: &#8220;Kaya Ba\u015fkan, \u00f6nemli hizmetler yapm\u0131\u015f bir ba\u015fkan\u0131m\u0131z&#8221;<\/p>\n<p>Akbelen \u015eehir Mezarl\u0131\u011f\u0131&#8217;nda d\u00fczenlenen anma t\u00f6renine; Mersin B\u00fcy\u00fck\u015fehir Belediye Ba\u015fkan\u0131 Vahap Se\u00e7er,  Meclis \u00fcyeleri, Kaya Mutlu&#8217;nun ailesi ve sevenleri, partililer, oda ba\u015fkanlar\u0131 ve siyasiler kat\u0131ld\u0131. T\u00f6rende Kur&#8217;an-\u0131 Kerim tilaveti yap\u0131ld\u0131 ve dualar okundu.<\/p>\n<p>Mersin B\u00fcy\u00fck\u015fehir Belediye Ba\u015fkan\u0131 Vahap Se\u00e7er konu\u015fmas\u0131nda; &#8220;Bug\u00fcn Ali Kaya Mutlu Ba\u015fkan\u0131m\u0131z\u0131n sene-i devriyesinde, ona olan vefam\u0131z\u0131 g\u00f6stermek i\u00e7in bir araya geldik. Benim tabi buradaki bulunma sebeplerimden bir tanesi de; onlardan devrald\u0131\u011f\u0131m\u0131z bu onurlu ve \u015ferefli g\u00f6revi, yerine getirme gayreti i\u00e7erisinde olmak. Cumhuriyet tarihinde, \u00e7ok partili d\u00f6neme ge\u00e7tikten sonra, bizim d\u00fcnya g\u00f6r\u00fc\u015f\u00fcm\u00fcz\u00fc yans\u0131tan belediye ba\u015fkanlar\u0131m\u0131z i\u00e7erisinde rahmetli Kaya Ba\u015fkan \u00f6nemli hizmetler yapm\u0131\u015f bir Ba\u015fkan\u0131m\u0131z. Bizler \u015fu anda g\u00f6rev yapt\u0131\u011f\u0131m\u0131z s\u00fcre i\u00e7erisinde onlar\u0131n b\u0131rakt\u0131\u011f\u0131,  teslim etti\u011fi bayra\u011f\u0131 in\u015fallah onurla, \u015ferefle ta\u015f\u0131r\u0131z. Onlar\u0131n hizmetlerini \u00f6rnek alarak, anlay\u0131\u015flar\u0131ndan, insan ili\u015fkilerinden feyz alarak, bizlere g\u00fcvenen ve inanan siz de\u011ferli partililerimizin, yol arkada\u015flar\u0131m\u0131z\u0131n bu onuru, bu mutlulu\u011fu ta\u015f\u0131mas\u0131n\u0131 sa\u011flamak istiyoruz&#8221; dedi.<\/p>\n<p>&#8220;\u0130n\u015fallah biz de onun gibi Efsane Ba\u015fkan oluruz&#8221;<\/p>\n<p>Kaya Ba\u015fkan ile ilgili hep g\u00fczel \u015feyler duydu\u011funu dile getiren Ba\u015fkan Se\u00e7er, &#8220;Onunla ilgili, ba\u015fta insan ili\u015fkileri olmak \u00fczere hep g\u00fczel an\u0131lar anlat\u0131ld\u0131. Ger\u00e7ekten bug\u00fcn de bize \u00f6rnek olan bir insand\u0131. \u0130n\u015fallah biz de onun gibi Efsane Ba\u015fkan oluruz. Bu bayra\u011f\u0131 da \u015ferefle, onurla ta\u015f\u0131y\u0131p, bizden sonra gelen m\u00fccadele arkada\u015flar\u0131m\u0131za devrederiz. Allah gani gani rahmet eylesin, mekan\u0131 cennet olsun&#8221; diye konu\u015ftu.<\/p>\n","protected":false},"excerpt":{"rendered":"<p>Mersin&#8217;de 3 d\u00f6nem belediye ba\u015fkanl\u0131\u011f\u0131 yapan &#8216;Efsane Ba\u015fkan&#8217; Ali Kaya Mutlu, \u00f6l\u00fcm\u00fcn\u00fcn 6. y\u0131ld\u00f6n\u00fcm\u00fcnde mezar\u0131 ba\u015f\u0131nda an\u0131ld\u0131. Mersin B\u00fcy\u00fck\u015fehir Belediye Ba\u015fkan\u0131 Vahap Se\u00e7er de anma t\u00f6renine kat\u0131larak, Ali Kaya Mutlu &hellip; <a href=\"https:\/\/akdenizolaygazetesi.com\/?p=20895\" class=\"more-link\">Devam\u0131n\u0131 Oku&#8230;<\/a><\/p>\n","protected":false},"author":2,"featured_media":20896,"comment_status":"open","ping_status":"open","sticky":false,"template":"","format":"standard","meta":[],"categories":[3],"tags":[],"_links":{"self":[{"href":"https:\/\/akdenizolaygazetesi.com\/index.php?rest_route=\/wp\/v2\/posts\/20895"}],"collection":[{"href":"https:\/\/akdenizolaygazetesi.com\/index.php?rest_route=\/wp\/v2\/posts"}],"about":[{"href":"https:\/\/akdenizolaygazetesi.com\/index.php?rest_route=\/wp\/v2\/types\/post"}],"author":[{"embeddable":true,"href":"https:\/\/akdenizolaygazetesi.com\/index.php?rest_route=\/wp\/v2\/users\/2"}],"replies":[{"embeddable":true,"href":"https:\/\/akdenizolaygazetesi.com\/index.php?rest_route=%2Fwp%2Fv2%2Fcomments&post=20895"}],"version-history":[{"count":1,"href":"https:\/\/akdenizolaygazetesi.com\/index.php?rest_route=\/wp\/v2\/posts\/20895\/revisions"}],"predecessor-version":[{"id":20897,"href":"https:\/\/akdenizolaygazetesi.com\/index.php?rest_route=\/wp\/v2\/posts\/20895\/revisions\/20897"}],"wp:featuredmedia":[{"embeddable":true,"href":"https:\/\/akdenizolaygazetesi.com\/index.php?rest_route=\/wp\/v2\/media\/20896"}],"wp:attachment":[{"href":"https:\/\/akdenizolaygazetesi.com\/index.php?rest_route=%2Fwp%2Fv2%2Fmedia&parent=20895"}],"wp:term":[{"taxonomy":"category","embeddable":true,"href":"https:\/\/akdenizolaygazetesi.com\/index.php?rest_route=%2Fwp%2Fv2%2Fcategories&post=20895"},{"taxonomy":"post_tag","embeddable":true,"href":"https:\/\/akdenizolaygazetesi.com\/index.php?rest_route=%2Fwp%2Fv2%2Ftags&post=20895"}],"curies":[{"name":"wp","href":"https:\/\/api.w.org\/{rel}","templated":true}]}}