{"id":20898,"date":"2022-09-11T10:26:12","date_gmt":"2022-09-11T07:26:12","guid":{"rendered":"http:\/\/akdenizolaygazetesi.com\/?p=20898"},"modified":"2022-09-11T10:26:12","modified_gmt":"2022-09-11T07:26:12","slug":"mevlana-kadin-ve-cocuk-atolyesine-giden-32-cocugu-okul-heyecani-sardi","status":"publish","type":"post","link":"https:\/\/akdenizolaygazetesi.com\/?p=20898","title":{"rendered":"MEVLANA KADIN VE \u00c7OCUK AT\u00d6LYES\u0130&#8217;NE G\u0130DEN 32 \u00c7OCU\u011eU OKUL HEYECANI SARDI"},"content":{"rendered":"<p>Mersin B\u00fcy\u00fck\u015fehir Belediyesi Kad\u0131n ve Aile Hizmetleri Dairesi b\u00fcnyesinde faaliyetlerini s\u00fcrd\u00fcren Mevlana Kad\u0131n ve \u00c7ocuk At\u00f6lyesi&#8217;nde, y\u0131l boyu geli\u015fimlerini destekleyici etkinliklere kat\u0131lan \u00e7ocuklar, bitirme sertifikalar\u0131n\u0131 ald\u0131. 4-6 ya\u015f aral\u0131\u011f\u0131ndaki \u00e7ocuklar d\u00fczenlenen etkinlikte \u015fark\u0131lar s\u00f6yleyip dans etti.<\/p>\n<p>\u00c7ocuklar e\u011flenerek at\u00f6lyeyi tamamlad\u0131<\/p>\n<p>B\u00fcy\u00fck\u015fehir Belediyesi&#8217;nin Toroslar il\u00e7esinde faaliyetlerini y\u00fcr\u00fcten Mevlana Kad\u0131n ve \u00c7ocuk At\u00f6lyesi&#8217;nde, \u00e7o\u011funlu\u011fu 4-6 ya\u015f aral\u0131\u011f\u0131ndaki 60 \u00e7ocuk e\u011fitim al\u0131yor. Bilimden sanata, oyundan \u00e7e\u015fitli sosyal etkinliklere kadar pek \u00e7ok ayr\u0131nt\u0131, \u00e7ocuklar\u0131n potansiyelini ortaya \u00e7\u0131karmak i\u00e7in d\u00fc\u015f\u00fcn\u00fcl\u00fcyor. \u00c7ocuklar; hafta i\u00e7i her g\u00fcn bili\u015fsel, dil, sosyal ve \u00f6z bak\u0131m becerileri i\u00e7eren i\u00e7eriklerle, geli\u015fimlerini destekleyici etkinliklere kat\u0131ld\u0131. 32 \u00e7ocuktan 28&#8217;i ilkokula ge\u00e7i\u015f yaparken, 4 \u00e7ocuk da anaokuluna ge\u00e7i\u015f yapacak.<\/p>\n<p>At\u00f6lyenin bah\u00e7esinde ailelerin de kat\u0131l\u0131m sa\u011flad\u0131\u011f\u0131 mezuniyet etkinli\u011finde \u00e7ocuklara sertifikalar\u0131 tek tek verildi. Haz\u0131rlanan panoda hat\u0131ra foto\u011fraf\u0131 \u00e7ekildi. \u00c7ocuk \u015fark\u0131lar\u0131 s\u00f6yleyerek e\u011flenen \u00e7ocuklar dans etti, oyunlar oynad\u0131.<\/p>\n<p>&#8220;\u00c7ocuklar\u0131m\u0131z burada hayata haz\u0131rland\u0131lar&#8221;<\/p>\n<p>Mevlana Kad\u0131n ve \u00c7ocuk At\u00f6lyesi Birim Sorumlusu ve Okul \u00d6ncesi \u00d6\u011fretmeni Sonay Berber, &#8220;Burada bug\u00fcn, bir y\u0131l boyunca d\u00fczenli olarak gelmi\u015f ve aktivitelerimize kat\u0131lm\u0131\u015f \u00e7ocuklar\u0131m\u0131za sertifikalar\u0131n\u0131 veriyoruz. \u00c7ocuklar\u0131n geli\u015fimlerine uygun aktiviteler yap\u0131yoruz. Sanattan m\u00fczi\u011fe, danstan harekete, \u00e7izgi \u00e7al\u0131\u015fmalar\u0131na kadar onlar\u0131 asl\u0131nda biz hayata haz\u0131rl\u0131yoruz. \u00c7ocuklar\u0131m\u0131z, aileleriyle birlikte yaz k\u0131\u015f demeden at\u00f6lyelerimize kat\u0131l\u0131m sa\u011flad\u0131lar ve e\u011fitimlerini tamamlad\u0131lar. At\u00f6lye i\u00e7eriklerimiz \u00e7ok y\u00f6nl\u00fc oldu\u011fu i\u00e7in, onlar da her sabah, \u00f6\u011flen ve ak\u015fam demeden etkinliklerini tamamlad\u0131lar. Bu s\u00fcre boyunca, 32 \u00e7ocu\u011fumuz at\u00f6lye aktivitesini ba\u015far\u0131yla tamamlad\u0131. Bunlardan 28&#8217;i ilkokula, 4&#8217;\u00fc de anaokuluna ge\u00e7i\u015f yapt\u0131. Biz bu y\u00fczden \u00e7ok mutluyuz. 5 Temmuz 2021&#8217;den beri at\u00f6lye etkinliklerimize devam ediyoruz&#8221; dedi.<\/p>\n<p>&#8220;Burada g\u00fczel g\u00fcnler ge\u00e7irdim&#8221;<\/p>\n<p>6 ya\u015f\u0131ndaki \u0130kranur S\u00f6nmez, &#8220;Burada b\u00fct\u00fcn y\u0131l arkada\u015flar\u0131mla, \u00f6\u011fretmenlerimle oyunlar oynad\u0131k. G\u00fczel g\u00fcnler ge\u00e7irdim. Okula ba\u015flayaca\u011f\u0131m. Bug\u00fcn burada mezuniyet yap\u0131yoruz. \u00c7ok g\u00fczel oyunlar oynuyoruz&#8221; dedi.<\/p>\n<p>Merve Turgut, Mevlana Kad\u0131n ve \u00c7ocuk At\u00f6lyesi&#8217;ne her g\u00fcn geldi\u011fini s\u00f6yleyerek, &#8220;Oyuncak oynuyorduk, resim yap\u0131yorduk, boyama yap\u0131yorduk. Buray\u0131, \u00f6\u011fretmenlerimi seviyordum. Mezun olaca\u011f\u0131m diye geldik. Okula ba\u015flayaca\u011f\u0131m&#8221; diye konu\u015ftu.<\/p>\n<p>\u00c7\u0131nar Ayd\u0131n ise b\u00fct\u00fcn y\u0131l at\u00f6lyede yapt\u0131klar\u0131n\u0131 anlatarak, &#8220;Ben mezun oldum, okula gidece\u011fim. Bug\u00fcnl\u00fck geldim, bug\u00fcn bir \u015feyler yiyece\u011fiz, oyun oynayaca\u011f\u0131z, foto\u011fraf \u00e7ekilece\u011fiz&#8221; dedi.<\/p>\n","protected":false},"excerpt":{"rendered":"<p>Mersin B\u00fcy\u00fck\u015fehir Belediyesi Kad\u0131n ve Aile Hizmetleri Dairesi b\u00fcnyesinde faaliyetlerini s\u00fcrd\u00fcren Mevlana Kad\u0131n ve \u00c7ocuk At\u00f6lyesi&#8217;nde, y\u0131l boyu geli\u015fimlerini destekleyici etkinliklere kat\u0131lan \u00e7ocuklar, bitirme sertifikalar\u0131n\u0131 ald\u0131. 4-6 ya\u015f aral\u0131\u011f\u0131ndaki \u00e7ocuklar &hellip; <a href=\"https:\/\/akdenizolaygazetesi.com\/?p=20898\" class=\"more-link\">Devam\u0131n\u0131 Oku&#8230;<\/a><\/p>\n","protected":false},"author":2,"featured_media":20899,"comment_status":"open","ping_status":"open","sticky":false,"template":"","format":"standard","meta":[],"categories":[1,2,3,5],"tags":[],"_links":{"self":[{"href":"https:\/\/akdenizolaygazetesi.com\/index.php?rest_route=\/wp\/v2\/posts\/20898"}],"collection":[{"href":"https:\/\/akdenizolaygazetesi.com\/index.php?rest_route=\/wp\/v2\/posts"}],"about":[{"href":"https:\/\/akdenizolaygazetesi.com\/index.php?rest_route=\/wp\/v2\/types\/post"}],"author":[{"embeddable":true,"href":"https:\/\/akdenizolaygazetesi.com\/index.php?rest_route=\/wp\/v2\/users\/2"}],"replies":[{"embeddable":true,"href":"https:\/\/akdenizolaygazetesi.com\/index.php?rest_route=%2Fwp%2Fv2%2Fcomments&post=20898"}],"version-history":[{"count":1,"href":"https:\/\/akdenizolaygazetesi.com\/index.php?rest_route=\/wp\/v2\/posts\/20898\/revisions"}],"predecessor-version":[{"id":20900,"href":"https:\/\/akdenizolaygazetesi.com\/index.php?rest_route=\/wp\/v2\/posts\/20898\/revisions\/20900"}],"wp:featuredmedia":[{"embeddable":true,"href":"https:\/\/akdenizolaygazetesi.com\/index.php?rest_route=\/wp\/v2\/media\/20899"}],"wp:attachment":[{"href":"https:\/\/akdenizolaygazetesi.com\/index.php?rest_route=%2Fwp%2Fv2%2Fmedia&parent=20898"}],"wp:term":[{"taxonomy":"category","embeddable":true,"href":"https:\/\/akdenizolaygazetesi.com\/index.php?rest_route=%2Fwp%2Fv2%2Fcategories&post=20898"},{"taxonomy":"post_tag","embeddable":true,"href":"https:\/\/akdenizolaygazetesi.com\/index.php?rest_route=%2Fwp%2Fv2%2Ftags&post=20898"}],"curies":[{"name":"wp","href":"https:\/\/api.w.org\/{rel}","templated":true}]}}