{"id":20901,"date":"2022-09-11T10:27:40","date_gmt":"2022-09-11T07:27:40","guid":{"rendered":"http:\/\/akdenizolaygazetesi.com\/?p=20901"},"modified":"2022-09-11T10:27:40","modified_gmt":"2022-09-11T07:27:40","slug":"buyuksehir-mustafa-ve-meryem-ciftinin-mutluluguna-ortak-oldu","status":"publish","type":"post","link":"https:\/\/akdenizolaygazetesi.com\/?p=20901","title":{"rendered":"B\u00dcY\u00dcK\u015eEH\u0130R, MUSTAFA VE MERYEM \u00c7\u0130FT\u0130N\u0130N MUTLULU\u011eUNA ORTAK OLDU"},"content":{"rendered":"<p>Mersin B\u00fcy\u00fck\u015fehir Belediyesi, hizmetleriyle engelleri a\u015fmaya devam ediyor. Verdi\u011fi hizmetlerle her kesimden vatanda\u015f\u0131n, her an\u0131nda yan\u0131nda olan B\u00fcy\u00fck\u015fehir Belediyesi&#8217;nin insan odakl\u0131 \u00e7al\u0131\u015fmalar\u0131, vatanda\u015flardan takdir toplamaya devam ediyor.<\/p>\n<p>Engelli Transfer Arac\u0131, Er\u015fahin \u00e7iftinin mutluluklar\u0131 i\u00e7in yola \u00e7\u0131kt\u0131<\/p>\n<p>Mersin B\u00fcy\u00fck\u015fehir Belediyesi Sa\u011fl\u0131k \u0130\u015fleri Dairesi Ba\u015fkanl\u0131\u011f\u0131 Engelliler \u015eube M\u00fcd\u00fcrl\u00fc\u011f\u00fc taraf\u0131ndan verilen Engelli Transfer Arac\u0131 hizmeti, bu kez de Er\u015fahin \u00e7iftinin mutluluklar\u0131 i\u00e7in yola \u00e7\u0131kt\u0131. Ortopedik engeli bulunan Mustafa Er\u015fahin, d\u00fc\u011f\u00fcn\u00fcne Engelli Transfer Arac\u0131 hizmeti ile gitti.<\/p>\n<p>Mustafa Er\u015fahin, ge\u00e7ti\u011fimiz g\u00fcnlerde B\u00fcy\u00fck\u015fehir Belediye Ba\u015fkan\u0131 Vahap Se\u00e7er ile Meclis Toplant\u0131s\u0131 sonras\u0131nda Kongre ve Sergi Salonu&#8217;nda g\u00f6r\u00fc\u015ferek, d\u00fc\u011f\u00fcn\u00fc i\u00e7in Engelli Transfer Arac\u0131 hizmetinden faydalanmak istedi\u011fini belirtti ve Ba\u015fkan Se\u00e7er de Er\u015fahin&#8217;in talebini h\u0131zl\u0131ca yerine getirdi. Mustafa ve Meryem Er\u015fahin&#8217;in bu mutlu g\u00fcnlerinde yanlar\u0131nda olan Mersin B\u00fcy\u00fck\u015fehir Belediyesi, \u00e7iftin mutluluklar\u0131na da ortak oldu.<\/p>\n<p>Er\u015fahin: &#8220;Ba\u015fkan\u0131m\u0131z bu \u00f6zel g\u00fcn\u00fcm\u00fczde bize yard\u0131mc\u0131 oldu&#8221;<\/p>\n<p>Mustafa Er\u015fahin duygular\u0131n\u0131 aktar\u0131rken, &#8220;Ortopedik engelliyim. Sonradan kaza ge\u00e7irerek oldu\u011fum i\u00e7in, 11 y\u0131ld\u0131r engelliyim. Engelli olmak ayr\u0131cal\u0131kt\u0131r, bu \u015fekilde de hayat devam ediyor. Te\u015fekk\u00fcr ediyorum Say\u0131n Ba\u015fkan\u0131ma. Bizim ara\u00e7 s\u0131k\u0131nt\u0131m\u0131z oldu\u011fu i\u00e7in, Meclis Toplant\u0131s\u0131 \u00e7\u0131k\u0131\u015f\u0131nda Ba\u015fkan\u0131m\u0131z\u0131n yan\u0131na vard\u0131m. Kendimi tan\u0131tt\u0131m. Engelli ara\u00e7 ihtiyac\u0131m\u0131 s\u00f6yledim. Sa\u011f olsun o da k\u0131rmad\u0131 beni. Bu mutlu ve g\u00fczel g\u00fcn\u00fcm\u00fczde bizimle oldu, bizlere yard\u0131mc\u0131 oldu. Ona bu konuda \u00e7ok te\u015fekk\u00fcr ediyorum. Bizim gibi engellilerin yan\u0131nda oldu\u011fu i\u00e7in, bizlere \u00f6zellikle destek oldu\u011fu i\u00e7in te\u015fekk\u00fcr ediyor ve sayg\u0131lar\u0131m\u0131 sunuyorum&#8221; dedi.<\/p>\n","protected":false},"excerpt":{"rendered":"<p>Mersin B\u00fcy\u00fck\u015fehir Belediyesi, hizmetleriyle engelleri a\u015fmaya devam ediyor. Verdi\u011fi hizmetlerle her kesimden vatanda\u015f\u0131n, her an\u0131nda yan\u0131nda olan B\u00fcy\u00fck\u015fehir Belediyesi&#8217;nin insan odakl\u0131 \u00e7al\u0131\u015fmalar\u0131, vatanda\u015flardan takdir toplamaya devam ediyor. Engelli Transfer Arac\u0131, &hellip; <a href=\"https:\/\/akdenizolaygazetesi.com\/?p=20901\" class=\"more-link\">Devam\u0131n\u0131 Oku&#8230;<\/a><\/p>\n","protected":false},"author":2,"featured_media":20902,"comment_status":"open","ping_status":"open","sticky":false,"template":"","format":"standard","meta":[],"categories":[2,3],"tags":[],"_links":{"self":[{"href":"https:\/\/akdenizolaygazetesi.com\/index.php?rest_route=\/wp\/v2\/posts\/20901"}],"collection":[{"href":"https:\/\/akdenizolaygazetesi.com\/index.php?rest_route=\/wp\/v2\/posts"}],"about":[{"href":"https:\/\/akdenizolaygazetesi.com\/index.php?rest_route=\/wp\/v2\/types\/post"}],"author":[{"embeddable":true,"href":"https:\/\/akdenizolaygazetesi.com\/index.php?rest_route=\/wp\/v2\/users\/2"}],"replies":[{"embeddable":true,"href":"https:\/\/akdenizolaygazetesi.com\/index.php?rest_route=%2Fwp%2Fv2%2Fcomments&post=20901"}],"version-history":[{"count":1,"href":"https:\/\/akdenizolaygazetesi.com\/index.php?rest_route=\/wp\/v2\/posts\/20901\/revisions"}],"predecessor-version":[{"id":20903,"href":"https:\/\/akdenizolaygazetesi.com\/index.php?rest_route=\/wp\/v2\/posts\/20901\/revisions\/20903"}],"wp:featuredmedia":[{"embeddable":true,"href":"https:\/\/akdenizolaygazetesi.com\/index.php?rest_route=\/wp\/v2\/media\/20902"}],"wp:attachment":[{"href":"https:\/\/akdenizolaygazetesi.com\/index.php?rest_route=%2Fwp%2Fv2%2Fmedia&parent=20901"}],"wp:term":[{"taxonomy":"category","embeddable":true,"href":"https:\/\/akdenizolaygazetesi.com\/index.php?rest_route=%2Fwp%2Fv2%2Fcategories&post=20901"},{"taxonomy":"post_tag","embeddable":true,"href":"https:\/\/akdenizolaygazetesi.com\/index.php?rest_route=%2Fwp%2Fv2%2Ftags&post=20901"}],"curies":[{"name":"wp","href":"https:\/\/api.w.org\/{rel}","templated":true}]}}