{"id":20904,"date":"2022-09-11T15:11:17","date_gmt":"2022-09-11T12:11:17","guid":{"rendered":"http:\/\/akdenizolaygazetesi.com\/?p=20904"},"modified":"2022-09-11T15:11:17","modified_gmt":"2022-09-11T12:11:17","slug":"baskan-yilmaz-cami-de-bizim-cemevi-de-bizimdir","status":"publish","type":"post","link":"https:\/\/akdenizolaygazetesi.com\/?p=20904","title":{"rendered":"BA\u015eKAN YILMAZ; &#8220;CAM\u0130 DE B\u0130Z\u0130M, CEMEV\u0130 DE B\u0130Z\u0130MD\u0130R&#8221;"},"content":{"rendered":"<p>Toroslar Belediyesi ile Alevi K\u00fclt\u00fcr Derne\u011fi Toroslar Cemevi&#8217;nin geleneksel olarak d\u00fczenledi\u011fi a\u015fure etkinli\u011finde birlik ve beraberli\u011fe vurgu yap\u0131ld\u0131.<\/p>\n<p>Yunus Emre K\u00fclt\u00fcr Merkezi&#8217;nin bah\u00e7esinde binlerce ki\u015finin kat\u0131l\u0131m\u0131yla ger\u00e7ekle\u015fen etkinlikte; deyi\u015fler s\u00f6ylendi, semah g\u00f6sterileri geceye renk katt\u0131. Halk ozanlar\u0131 ise ba\u011flamalar\u0131n\u0131n teline bu kez Mersinliler i\u00e7in dokundu.<\/p>\n<p>Toroslar Belediye Ba\u015fkan\u0131 Ats\u0131z Af\u015f\u0131n Y\u0131lmaz, \u0130stiklal \u015eairi Mehmet Akif Ersoy&#8217;un; &#8220;Girmeden tefrika bir millete, d\u00fc\u015fman giremez; Toplu vurduk\u00e7a y\u00fcrekler, onu top sindiremez&#8221; s\u00f6z\u00fcn\u00fc hat\u0131rlatarak; &#8220;Bu anlay\u0131\u015fla biriz ve beraberiz. Allah&#8217;\u0131n izniyle bizim birbirimizi sevmeye, birbirimize sayg\u0131 g\u00f6stermeye, dinlemeye, anlamaya g\u00fcc\u00fcm\u00fcz yeter. Anadolu ferasetinin g\u00fcc\u00fc buna yeter. Birbirimizi sevmek, saymak, anlamak i\u00e7in Amerikal\u0131ya, \u0130ngilizlere, Frans\u0131zlara ve onlar\u0131n \u00f6\u011f\u00fctlerine, akl\u0131na, hakemli\u011fine Allah&#8217;a \u00e7ok \u015f\u00fck\u00fcr ki ihtiyac\u0131m\u0131z yoktur ve hi\u00e7bir zaman olmayacakt\u0131r&#8221; dedi.<\/p>\n<p>Mersin&#8217;in merkez il\u00e7esi Toroslar Belediyesi, Toroslar&#8217;da birlik ve beraberlik ruhunu; Muharrem ay\u0131nda d\u00fczenledi\u011fi a\u015fure etkinli\u011fi ile doruklara \u00e7\u0131kard\u0131. Alevi K\u00fclt\u00fcr Derne\u011fi Toroslar Cemevi ile birlikte yap\u0131lan etkinlik, yo\u011fun ilgi g\u00f6rd\u00fc.<\/p>\n<p>A\u015fure etkinli\u011fine; AK Parti Mersin Milletvekili Hac\u0131 \u00d6zkan, Toroslar Kaymakam\u0131 \u0130brahim \u00c7enet, Mersin Barosu Ba\u015fkan\u0131 Gazi \u00d6zdemir, siyasi parti ve STK temsilcileri, kurum m\u00fcd\u00fcrleri, Alevi K\u00fclt\u00fcr Derne\u011fi Ba\u015fkanlar\u0131, mahalle muhtarlar\u0131 ve 7&#8217;den 70&#8217;e binlerce ki\u015fi kat\u0131ld\u0131.<\/p>\n<p>Toroslar Cemevi Ba\u015fkan\u0131 De\u011ferli; &#8220;Ba\u015fkan\u0131m\u0131z Ats\u0131z Af\u015f\u0131n Y\u0131lmaz, Bizlerin Her Zaman Yan\u0131nda&#8221;<\/p>\n<p>Toroslar Cemevi Semah Ekibinin g\u00f6sterilerinin ard\u0131ndan etkinli\u011fin a\u00e7\u0131l\u0131\u015f konu\u015fmas\u0131n\u0131 yapan Alevi K\u00fclt\u00fcr Derne\u011fi Toroslar Cemevi Ba\u015fkan\u0131 H\u00fcseyin De\u011ferli, her y\u0131l geleneksel olarak d\u00fczenledikleri a\u015fure etkinli\u011fine katk\u0131 sunan Toroslar Belediye Ba\u015fkan\u0131 Ats\u0131z Af\u015f\u0131n Y\u0131lmaz ve ekibine te\u015fekk\u00fcr etti.<\/p>\n<p>De\u011ferli; &#8220;Biz, alevi, s\u00fcnni, T\u00fcrk, K\u00fcrt ayr\u0131m\u0131 yapmadan, karde\u015flikten yanay\u0131z. Biz, Hz. Muhammed&#8217;in (S.A.V) size iki emanet b\u0131rak\u0131yorum dedi\u011fi Kuran-\u0131 Kerim ve Ehli Beyt&#8217;ten yanay\u0131z. Gazi Mustafa Kemal Atat\u00fcrk&#8217;\u00fcn bize emanet etti\u011fi Cumhuriyet ve t\u00fcm de\u011ferlerimizden yanay\u0131z. Bu g\u00fczel etkinlikte bulu\u015fmaktan b\u00fcy\u00fck mutluluk duyuyoruz. Cemevi ile ilgili her konuda bizlere yard\u0131mc\u0131 olan Toroslar Belediye Ba\u015fkan\u0131m\u0131z Say\u0131n Ats\u0131z Af\u015f\u0131n Y\u0131lmaz&#8217;a te\u015fekk\u00fcr ederiz. Yolu a\u00e7\u0131k, ba\u015far\u0131s\u0131 daim olsun&#8221; ifadelerini kulland\u0131.<\/p>\n<p>Ba\u015fkan Y\u0131lmaz; &#8220;Bizim Aram\u0131zda Ayr\u0131mc\u0131l\u0131\u011fa Yer Yoktur&#8221;<\/p>\n<p>Daha sonra s\u00f6z alan Toroslar Belediye Ba\u015fkan\u0131 Ats\u0131z Af\u015f\u0131n Y\u0131lmaz ise a\u015fure etkinli\u011finin bir anlamda da yas ve anma etkinli\u011fi oldu\u011funu belirterek; &#8220;Hicri 61. Y\u0131lda Kerbela&#8217;da Hz. H\u00fcseyin, 72 yol arkada\u015f\u0131 ile katledildi. Bu tarihe bir kara leke olarak kaz\u0131nd\u0131. Her y\u0131l bu ac\u0131y\u0131 birlikte an\u0131yor ve idrak ediyoruz. Ruhlar\u0131 \u015fad, mekanlar\u0131 cennet olsun&#8221; dedi.<\/p>\n<p>&#8220;Bizim aram\u0131zda ayr\u0131mc\u0131l\u0131\u011fa yer yoktur&#8221; diyen Ba\u015fkan Y\u0131lmaz, t\u00fcm hem\u015fehrilerine seslenerek; &#8220;Hz. Muhammet hepimizin Peygamberi, Hz. Ali hepimizin iftihar kayna\u011f\u0131d\u0131r. Kerbela hepimizin m\u00fc\u015fterek teess\u00fcr\u00fc, Hz.H\u00fcseyin hepimizin kahraman\u0131, hepimizin \u015fehididir. Cem de bizimdir, semah da bizimdir. Cami de bizim, Cemevi de bizimdir. Saz da bizim, s\u00f6z de bizimdir. 12 \u0130mam da bizimdir, erenler, evliyalar, arifler, Anadolu&#8217;ya T\u00fcrk-\u0130slam nefesi \u00fcfleyen elleri \u00f6p\u00fclesi b\u00fcy\u00fcklerimiz de bizim \u015fan\u0131m\u0131z, g\u00f6z nurumuzdur. Hz. Yesevi&#8217;nin derg\u00e2h\u0131nda diz dize, g\u00f6n\u00fcl g\u00f6n\u00fcle oturan bizim ecdad\u0131m\u0131zd\u0131r. Hac\u0131 Bekta\u015f Veli&#8217;nin duas\u0131yla ir\u015fat olan, y\u00f6n\u00fcn\u00fc \u00e7izen T\u00fcrk milletidir. \u015eeyh Edebal\u0131&#8217;dan Geyikli Baba&#8217;ya, Lokman-\u0131 Perende&#8217;den Pir Sultan Abdal&#8217;a, Ahi Evran&#8217;dan Sar\u0131 Saltuk&#8217;a, Arslan Baba&#8217;dan Mevlana&#8217;ya, Ak\u015femsettin&#8217;den Yunus&#8217;a kadar b\u00fct\u00fcn kutup y\u0131ld\u0131zlar\u0131m\u0131z Anadolu&#8217;nun ve T\u00fcrk yurtlar\u0131n\u0131n ba\u011fr\u0131na nak\u0131\u015f nak\u0131\u015f T\u00fcrk milletini dokumu\u015ftur. Bizim aram\u0131zda ayr\u0131mc\u0131l\u0131\u011fa yer yoktur. Bizim aram\u0131zda b\u00f6l\u00fcc\u00fcl\u00fc\u011fe ya\u015fama hakk\u0131 yoktur. Bizim aram\u0131zda ayr\u0131k otlar\u0131 tutunamayacakt\u0131r. Ne S\u00fcnni&#8217;den ge\u00e7eriz, ne Alevi&#8217;den ge\u00e7eriz&#8221; diye konu\u015ftu.<\/p>\n<p>&#8220;Siyasi Tarihi Yeniden G\u00f6zden Ge\u00e7irmeliyiz&#8221;<\/p>\n<p>Siyasi tarihi yeniden yazmak, yeniden g\u00f6zden ge\u00e7irmek gerekti\u011fine dikkat \u00e7eken Ba\u015fkan Y\u0131lmaz; &#8220;\u00d6nce sosyal s\u0131k\u0131nt\u0131lar\u0131 bulurlar, kaz\u0131rlar, kanat\u0131rlar, b\u00f6lerler ve par\u00e7alarlar. Ve o memleketin insanlar\u0131n\u0131 s\u00f6m\u00fcr\u00fcrler, milleti y\u00f6netirler. Ama Allah&#8217;\u0131n izniyle biz, biriz ve beraberiz. Bir elin ve bir b\u00fct\u00fcn\u00fcn par\u00e7alar\u0131y\u0131z. Bir ve beraber olmaya devam edece\u011fiz in\u015fallah. Nas\u0131l Ramazan ay\u0131nda iftar sofralar\u0131nda toplan\u0131yor ve bir araya geliyorsak, dedelerimiz de te\u015frif ediyorsa bug\u00fcn de Muharrem ay\u0131n\u0131n 10. g\u00fcn\u00fcnde ayn\u0131 birlik ve beraberlik i\u00e7erisindeyiz. Bu etkinli\u011fimize eme\u011fi ge\u00e7en Toroslar Cemevi Ba\u015fkan\u0131 H\u00fcseyin De\u011ferli&#8217;ye, k\u0131ymetli b\u00fcy\u00fcklerimize ve herkese can\u0131 g\u00f6n\u00fclden te\u015fekk\u00fcr ediyorum. Anadolu&#8217;nun bilgeli\u011fini, dostlu\u011funu, karde\u015fli\u011fini g\u00f6rd\u00fc\u011f\u00fcm\u00fcz Say\u0131n De\u011ferli&#8217;nin \u015fahs\u0131nda sizlerin dostlu\u011funu ve karde\u015fli\u011fini g\u00f6rd\u00fck. Hepinize sevgi ve sayg\u0131lar\u0131m\u0131 sunuyorum. Hac\u0131 Bekta\u015f Veli Hazretlerinin dedi\u011fi gibi bir olaca\u011f\u0131z, iri olaca\u011f\u0131z ve diri olaca\u011f\u0131z. \u00c7ocuklar\u0131m\u0131z tam ba\u011f\u0131ms\u0131z g\u00fc\u00e7l\u00fc T\u00fcrkiye&#8217;de ya\u015fas\u0131n diye emin ad\u0131mlarla hep beraber el ele, g\u00f6n\u00fcl g\u00f6n\u00fcle m\u00fccadele edece\u011fiz&#8221; \u015feklinde konu\u015ftu.<\/p>\n<p>Kaymakam \u00c7enet; &#8220;Anadolu&#8217;nun Bollu\u011funu ve Bereketini Hep Birlikte \u0130drak Ettik&#8221;<\/p>\n<p>Toroslar Kaymakam\u0131 \u0130brahim \u00c7enet de etkinli\u011fi d\u00fczenleyen Toroslar Belediye Ba\u015fkan\u0131 Ats\u0131z Af\u015f\u0131n Y\u0131lmaz&#8217;a ve Toroslar Cemevi&#8217;ne te\u015fekk\u00fcr ederek; &#8220;Tarihimizde \u00e7ok \u00f6nemli bir yer tutan Muharrem ay\u0131n\u0131n 10. g\u00fcn\u00fcnde, a\u015fure etkinli\u011finde bir araya gelerek Anadolu&#8217;nun bollu\u011funu ve bereketini simgeleyen bu g\u00fczel g\u00fcn\u00fc hep birlikte idrak etmenin mutlulu\u011funu ya\u015fad\u0131k&#8221; ifadelerini kulland\u0131.<\/p>\n<p>Konu\u015fmalar\u0131n ard\u0131ndan K\u0131z\u0131lkaya Yenid\u00fcnya Derne\u011fi Tahtac\u0131lar Grubunun y\u00f6resel oyunu da b\u00fcy\u00fck be\u011feni toplad\u0131.<\/p>\n<p>Toroslar Belediye Ba\u015fkan\u0131 Ats\u0131z Af\u015f\u0131n Y\u0131lmaz, Alevi K\u00fclt\u00fcr Derne\u011fi Toroslar Cemevi Ba\u015fkan\u0131 H\u00fcseyin De\u011ferli&#8217;ye \u00e7i\u00e7ek ve plaket takdim ederek te\u015fekk\u00fcr etti. De\u011ferli de Ba\u015fkan Y\u0131lmaz&#8217;a Cemevi&#8217;ne sundu\u011fu her t\u00fcrl\u00fc katk\u0131lar\u0131ndan dolay\u0131 te\u015fekk\u00fcr plaketi verdi.<\/p>\n<p>Tiyatro sanat\u00e7\u0131s\u0131 G\u00fcrsel F\u0131rat&#8217;\u0131n sunuculu\u011funu yapt\u0131\u011f\u0131 etkinlik; sanat\u00e7\u0131lar Tolga Sa\u011f, Nil\u00fcfer Sar\u0131ta\u015f, Cem Do\u011fan ve A\u015f\u0131k Esrari&#8217;nin konserleriyle son buldu.<\/p>\n","protected":false},"excerpt":{"rendered":"<p>Toroslar Belediyesi ile Alevi K\u00fclt\u00fcr Derne\u011fi Toroslar Cemevi&#8217;nin geleneksel olarak d\u00fczenledi\u011fi a\u015fure etkinli\u011finde birlik ve beraberli\u011fe vurgu yap\u0131ld\u0131. Yunus Emre K\u00fclt\u00fcr Merkezi&#8217;nin bah\u00e7esinde binlerce ki\u015finin kat\u0131l\u0131m\u0131yla ger\u00e7ekle\u015fen etkinlikte; deyi\u015fler s\u00f6ylendi, &hellip; <a href=\"https:\/\/akdenizolaygazetesi.com\/?p=20904\" class=\"more-link\">Devam\u0131n\u0131 Oku&#8230;<\/a><\/p>\n","protected":false},"author":2,"featured_media":20905,"comment_status":"open","ping_status":"open","sticky":false,"template":"","format":"standard","meta":[],"categories":[2,3],"tags":[],"_links":{"self":[{"href":"https:\/\/akdenizolaygazetesi.com\/index.php?rest_route=\/wp\/v2\/posts\/20904"}],"collection":[{"href":"https:\/\/akdenizolaygazetesi.com\/index.php?rest_route=\/wp\/v2\/posts"}],"about":[{"href":"https:\/\/akdenizolaygazetesi.com\/index.php?rest_route=\/wp\/v2\/types\/post"}],"author":[{"embeddable":true,"href":"https:\/\/akdenizolaygazetesi.com\/index.php?rest_route=\/wp\/v2\/users\/2"}],"replies":[{"embeddable":true,"href":"https:\/\/akdenizolaygazetesi.com\/index.php?rest_route=%2Fwp%2Fv2%2Fcomments&post=20904"}],"version-history":[{"count":1,"href":"https:\/\/akdenizolaygazetesi.com\/index.php?rest_route=\/wp\/v2\/posts\/20904\/revisions"}],"predecessor-version":[{"id":20906,"href":"https:\/\/akdenizolaygazetesi.com\/index.php?rest_route=\/wp\/v2\/posts\/20904\/revisions\/20906"}],"wp:featuredmedia":[{"embeddable":true,"href":"https:\/\/akdenizolaygazetesi.com\/index.php?rest_route=\/wp\/v2\/media\/20905"}],"wp:attachment":[{"href":"https:\/\/akdenizolaygazetesi.com\/index.php?rest_route=%2Fwp%2Fv2%2Fmedia&parent=20904"}],"wp:term":[{"taxonomy":"category","embeddable":true,"href":"https:\/\/akdenizolaygazetesi.com\/index.php?rest_route=%2Fwp%2Fv2%2Fcategories&post=20904"},{"taxonomy":"post_tag","embeddable":true,"href":"https:\/\/akdenizolaygazetesi.com\/index.php?rest_route=%2Fwp%2Fv2%2Ftags&post=20904"}],"curies":[{"name":"wp","href":"https:\/\/api.w.org\/{rel}","templated":true}]}}