{"id":20910,"date":"2022-09-12T12:23:06","date_gmt":"2022-09-12T09:23:06","guid":{"rendered":"http:\/\/akdenizolaygazetesi.com\/?p=20910"},"modified":"2022-09-12T12:23:06","modified_gmt":"2022-09-12T09:23:06","slug":"sehir-tiyatrosuna-3-tiyatro-oyuncusu-daha-katildi","status":"publish","type":"post","link":"https:\/\/akdenizolaygazetesi.com\/?p=20910","title":{"rendered":"\u015eEH\u0130R T\u0130YATROSUNA 3 T\u0130YATRO OYUNCUSU DAHA KATILDI"},"content":{"rendered":"<p>Mersin B\u00fcy\u00fck\u015fehir Belediyesi K\u00fclt\u00fcr ve Sosyal \u0130\u015fler Dairesi b\u00fcnyesinde faaliyetlerini s\u00fcrd\u00fcren B\u00fcy\u00fck\u015fehir Belediyesi \u015eehir Tiyatrosu, sanat\u00e7\u0131 al\u0131m\u0131 ger\u00e7ekle\u015ftirdi. 2020 y\u0131l\u0131nda yeni al\u0131mlarla kadrolar\u0131 g\u00fc\u00e7lendirilen sanat ekibi, ihtiya\u00e7 dahilinde geni\u015flemeye devam ediyor. Sanat\u00e7\u0131 kadrosuna kat\u0131lan 3 tiyatro oyuncusuyla yeni sezona giri\u015f yapacak olan \u015eehir Tiyatrosu, 14 Ekim&#8217;de seyircisine merhaba diyecek.<br \/>\n\u015eehir Tiyatrosu kadrosuna 3 oyuncu daha eklendi<br \/>\nMersin B\u00fcy\u00fck\u015fehir Belediye Ba\u015fkan\u0131 Vahap Se\u00e7er&#8217;in k\u00fclt\u00fcr ve sanata verdi\u011fi \u00f6nemle, Mersin&#8217;de sanat\u0131 herkese ve her kesime ula\u015ft\u0131rma vizyonuyla, 2020 y\u0131l\u0131nda Mersin \u015eehir Tiyatrosu&#8217;nun yeniden yap\u0131land\u0131r\u0131lmas\u0131na ili\u015fkin s\u00fcre\u00e7 ba\u015flat\u0131lm\u0131\u015f, yurdun d\u00f6rt bir yan\u0131nda e\u011fitim g\u00f6rm\u00fc\u015f, sahne \u00f6n\u00fc ve gerisinde \u00e7al\u0131\u015facak oyuncu ve teknik personel al\u0131m\u0131 yap\u0131larak kadrolar g\u00fc\u00e7lendirilmi\u015fti. Ger\u00e7ekle\u015ftirilen se\u00e7me s\u0131nav\u0131yla adaylar; B\u00fcy\u00fck\u015fehir Belediyesi Genel Sekreter Yard\u0131mc\u0131s\u0131 Serdal G\u00f6kayaz, K\u00fclt\u00fcr ve Sosyal \u0130\u015fler Dairesi Ba\u015fkanl\u0131\u011f\u0131 Koordinat\u00f6r\u00fc Opera Sanat\u00e7\u0131s\u0131 Bengi \u0130spir \u00d6zd\u00fclger, B\u00fcy\u00fck\u015fehir Belediyesi \u015eehir Tiyatrosu Genel Sanat Y\u00f6netmeni Murat Atak ve alan\u0131nda yetkin isimlerin yer ald\u0131\u011f\u0131 j\u00fcrinin kar\u015f\u0131s\u0131nda yeteneklerini sergiledi.<br \/>\n&#8220;Sanat\u0131n gereklili\u011fi liyakat ve objektif de\u011ferlendirme&#8221;<br \/>\nK\u00fclt\u00fcr ve Sosyal \u0130\u015fler Dairesi Ba\u015fkanl\u0131\u011f\u0131 Koordinat\u00f6r\u00fc Opera Sanat\u00e7\u0131s\u0131 Bengi \u0130spir \u00d6zd\u00fclger, yeni kadro ile yeni sezona giri\u015f yapacaklar\u0131n\u0131 s\u00f6yleyerek, &#8220;Bundan 2 y\u0131l \u00f6nce Temmuz ay\u0131nda \u015eehir Tiyatromuza yeni yol arkada\u015flar\u0131m\u0131z\u0131 kazand\u0131rmak ve onlarla birlikte g\u00fczel bir yolda sanat yolculu\u011fu yapmak i\u00e7in bir araya gelmi\u015ftik. 2 y\u0131l sonra tekrar bir araday\u0131z. Sezonumuz ba\u015flamadan \u00f6nce, 3 yeni tiyatro oyuncusu arkada\u015f\u0131m\u0131zla daha yol alal\u0131m istedik. \u00c7\u00fcnk\u00fc Ekim ay\u0131nda pr\u00f6miyer ger\u00e7ekle\u015ftirece\u011fiz ve perdelerimizi a\u00e7aca\u011f\u0131z. 3 yeni arkada\u015f\u0131m\u0131z\u0131 se\u00e7mek i\u00e7in, hep beraber yine g\u00fczel bir komisyonla bir araday\u0131z. \u00c7\u00fcnk\u00fc sanat\u0131n gereklili\u011fi liyakat ve objektif de\u011ferlendirme oldu\u011fu i\u00e7in, bir \u00f6nceki s\u0131navda yapt\u0131\u011f\u0131m\u0131z gibi, bir j\u00fcri heyetinin \u00f6n\u00fcnde bu sanatsal de\u011ferlendirmeyi yap\u0131yoruz&#8221; dedi.<br \/>\n&#8220;Kadromuz her ge\u00e7en g\u00fcn biraz daha g\u00fc\u00e7leniyor&#8221;<br \/>\nB\u00fcy\u00fck\u015fehir Belediyesi \u015eehir Tiyatrosu Genel Sanat Y\u00f6netmeni Murat Atak, g\u00fc\u00e7lendirilmi\u015f kadrolar\u0131yla 14 Ekim&#8217;de perdeleri a\u00e7acaklar\u0131n\u0131 ifade ederek, &#8220;Bir \u015eehir Tiyatrosu, 2 y\u0131l arayla yeni bir s\u0131nav yap\u0131yor ve kadromuz her ge\u00e7en g\u00fcn biraz daha g\u00fc\u00e7leniyor. Bu \u015fahane bir durum. Bu bir yetenek s\u0131nav\u0131 de\u011fil. Biz b\u00fct\u00fcn mezunlar\u0131m\u0131z\u0131n hepsini yetenekli ve ehliyetli kabul ediyoruz. Bu bir se\u00e7me s\u0131nav\u0131. Mersin B\u00fcy\u00fck\u015fehir Belediyesi \u015eehir Tiyatromuzun kimlere ihtiyac\u0131 varsa, hangi t\u00fcr, hangi tip oyuncuya ihtiyac\u0131 varsa onlar\u0131 se\u00e7meye \u00e7al\u0131\u015f\u0131yoruz. \u00dc\u00e7\u00fcnc\u00fc sezonumuza giriyoruz. Pandemi s\u00fcrecinde, m\u00fcmk\u00fcn oldu\u011fu m\u00fcddet\u00e7e perdelerimizi a\u00e7t\u0131k. Salg\u0131n s\u00fcrecinde ciddi s\u0131k\u0131nt\u0131lar ya\u015fayan sanat d\u00fcnyas\u0131, \u015fimdi yava\u015f yava\u015f kendine geliyor. Bu y\u0131l yeni s\u00fcrprizler ve daha g\u00fc\u00e7lendirilmi\u015f bir kadroyla perde a\u00e7aca\u011f\u0131m\u0131z i\u00e7in de \u00e7ok mutluyuz. Daha geni\u015f, daha sa\u011flam bir kadro ile 14 Ekim&#8217;de perdelerimizi a\u00e7arak seyircimizle bulu\u015faca\u011f\u0131z&#8221;  diye konu\u015ftu.<\/p>\n","protected":false},"excerpt":{"rendered":"<p>Mersin B\u00fcy\u00fck\u015fehir Belediyesi K\u00fclt\u00fcr ve Sosyal \u0130\u015fler Dairesi b\u00fcnyesinde faaliyetlerini s\u00fcrd\u00fcren B\u00fcy\u00fck\u015fehir Belediyesi \u015eehir Tiyatrosu, sanat\u00e7\u0131 al\u0131m\u0131 ger\u00e7ekle\u015ftirdi. 2020 y\u0131l\u0131nda yeni al\u0131mlarla kadrolar\u0131 g\u00fc\u00e7lendirilen sanat ekibi, ihtiya\u00e7 dahilinde geni\u015flemeye devam &hellip; <a href=\"https:\/\/akdenizolaygazetesi.com\/?p=20910\" class=\"more-link\">Devam\u0131n\u0131 Oku&#8230;<\/a><\/p>\n","protected":false},"author":2,"featured_media":20911,"comment_status":"open","ping_status":"open","sticky":false,"template":"","format":"standard","meta":[],"categories":[2,3],"tags":[],"_links":{"self":[{"href":"https:\/\/akdenizolaygazetesi.com\/index.php?rest_route=\/wp\/v2\/posts\/20910"}],"collection":[{"href":"https:\/\/akdenizolaygazetesi.com\/index.php?rest_route=\/wp\/v2\/posts"}],"about":[{"href":"https:\/\/akdenizolaygazetesi.com\/index.php?rest_route=\/wp\/v2\/types\/post"}],"author":[{"embeddable":true,"href":"https:\/\/akdenizolaygazetesi.com\/index.php?rest_route=\/wp\/v2\/users\/2"}],"replies":[{"embeddable":true,"href":"https:\/\/akdenizolaygazetesi.com\/index.php?rest_route=%2Fwp%2Fv2%2Fcomments&post=20910"}],"version-history":[{"count":1,"href":"https:\/\/akdenizolaygazetesi.com\/index.php?rest_route=\/wp\/v2\/posts\/20910\/revisions"}],"predecessor-version":[{"id":20912,"href":"https:\/\/akdenizolaygazetesi.com\/index.php?rest_route=\/wp\/v2\/posts\/20910\/revisions\/20912"}],"wp:featuredmedia":[{"embeddable":true,"href":"https:\/\/akdenizolaygazetesi.com\/index.php?rest_route=\/wp\/v2\/media\/20911"}],"wp:attachment":[{"href":"https:\/\/akdenizolaygazetesi.com\/index.php?rest_route=%2Fwp%2Fv2%2Fmedia&parent=20910"}],"wp:term":[{"taxonomy":"category","embeddable":true,"href":"https:\/\/akdenizolaygazetesi.com\/index.php?rest_route=%2Fwp%2Fv2%2Fcategories&post=20910"},{"taxonomy":"post_tag","embeddable":true,"href":"https:\/\/akdenizolaygazetesi.com\/index.php?rest_route=%2Fwp%2Fv2%2Ftags&post=20910"}],"curies":[{"name":"wp","href":"https:\/\/api.w.org\/{rel}","templated":true}]}}