{"id":20919,"date":"2022-09-12T12:28:25","date_gmt":"2022-09-12T09:28:25","guid":{"rendered":"http:\/\/akdenizolaygazetesi.com\/?p=20919"},"modified":"2022-09-12T12:28:25","modified_gmt":"2022-09-12T09:28:25","slug":"yenisehir-gelincik-tepesi-hava-sporlarinin-merkezi-haline-geliyor","status":"publish","type":"post","link":"https:\/\/akdenizolaygazetesi.com\/?p=20919","title":{"rendered":"Yeni\u015fehir Gelincik Tepesi hava sporlar\u0131n\u0131n merkezi haline geliyor"},"content":{"rendered":"<p>\u201cMersin\u2019in balkonu\u201d olarak adland\u0131r\u0131lan Yeni\u015fehir\u2019deki Gelincik Tepesi hava sporlar\u0131n\u0131n merkezi haline geliyor.Amat\u00f6r hava sporcular\u0131n\u0131n s\u0131k s\u0131k yama\u00e7 para\u015f\u00fct\u00fc yapt\u0131\u011f\u0131 Gelincik Tepesi,  profesyonel organizasyonlara da ev sahipli\u011fi yap\u0131yor. Yeni\u015fehir Belediyesinin de deste\u011fiyle d\u00fczenlenen T\u00fcrkiye Yama\u00e7 Para\u015f\u00fct\u00fc Hedef \u015eampiyonas\u0131 4.Etap yar\u0131\u015flar\u0131nda 12 ilden 60 sporcu milli tak\u0131ma se\u00e7ilmek i\u00e7in Yeni\u015fehir semalar\u0131nda u\u00e7tu.<br \/>\nYeni\u015fehir Belediye Ba\u015fkan\u0131 Abdullah \u00d6zyi\u011fit\u2019in Gelincik Tepesi\u2019ni bir ya\u015fam ve spor alan\u0131 olarak kente kazand\u0131rmak istemesi ve alan\u0131n Tar\u0131m ve Orman Bakanl\u0131\u011f\u0131ndan kiralanmas\u0131yla proje haz\u0131rl\u0131klar\u0131 s\u00fcrerken, Gelincik Tepesi\u2019nde bir\u00e7ok spor organizasyonu da yap\u0131lmaya ba\u015fland\u0131.<br \/>\nDestek\u00e7ileri aras\u0131nda Mersin Yeni\u015fehir Belediyesi ve Mersin B\u00fcy\u00fck\u015fehir Belediyesinin de bulundu\u011fu T\u00fcrkiye Hava Sporlar\u0131 Federasyonu taraf\u0131ndan d\u00fczenlenen T\u00fcrkiye Yama\u00e7 Para\u015f\u00fct\u00fc Hedef \u015eampiyonas\u0131 4.Etap yar\u0131\u015flar\u0131 nefes kesti. Gelincik Tepesi\u2019nden atlayan sporcular da\u011f\u0131n ete\u011findeki hedefe inmeye \u00e7al\u0131\u015f\u0131rken,60 sporcu dereceye girmek i\u00e7in m\u00fccadele etti. Yar\u0131\u015fmaya kat\u0131lan t\u00fcm sporcular Gelincik Tepesi\u2019nin hava sporlar\u0131 i\u00e7in \u00e7ok uygun ve \u00f6zel bir alan oldu\u011funu dile getirdi. Yar\u0131\u015fmalar\u0131n ard\u0131ndan dereceye giren sporcular madalya ve kupalar\u0131n\u0131 ald\u0131. <\/p>\n","protected":false},"excerpt":{"rendered":"<p>\u201cMersin\u2019in balkonu\u201d olarak adland\u0131r\u0131lan Yeni\u015fehir\u2019deki Gelincik Tepesi hava sporlar\u0131n\u0131n merkezi haline geliyor.Amat\u00f6r hava sporcular\u0131n\u0131n s\u0131k s\u0131k yama\u00e7 para\u015f\u00fct\u00fc yapt\u0131\u011f\u0131 Gelincik Tepesi, profesyonel organizasyonlara da ev sahipli\u011fi yap\u0131yor. Yeni\u015fehir Belediyesinin de &hellip; <a href=\"https:\/\/akdenizolaygazetesi.com\/?p=20919\" class=\"more-link\">Devam\u0131n\u0131 Oku&#8230;<\/a><\/p>\n","protected":false},"author":2,"featured_media":20920,"comment_status":"open","ping_status":"open","sticky":false,"template":"","format":"standard","meta":[],"categories":[3,10],"tags":[],"_links":{"self":[{"href":"https:\/\/akdenizolaygazetesi.com\/index.php?rest_route=\/wp\/v2\/posts\/20919"}],"collection":[{"href":"https:\/\/akdenizolaygazetesi.com\/index.php?rest_route=\/wp\/v2\/posts"}],"about":[{"href":"https:\/\/akdenizolaygazetesi.com\/index.php?rest_route=\/wp\/v2\/types\/post"}],"author":[{"embeddable":true,"href":"https:\/\/akdenizolaygazetesi.com\/index.php?rest_route=\/wp\/v2\/users\/2"}],"replies":[{"embeddable":true,"href":"https:\/\/akdenizolaygazetesi.com\/index.php?rest_route=%2Fwp%2Fv2%2Fcomments&post=20919"}],"version-history":[{"count":1,"href":"https:\/\/akdenizolaygazetesi.com\/index.php?rest_route=\/wp\/v2\/posts\/20919\/revisions"}],"predecessor-version":[{"id":20921,"href":"https:\/\/akdenizolaygazetesi.com\/index.php?rest_route=\/wp\/v2\/posts\/20919\/revisions\/20921"}],"wp:featuredmedia":[{"embeddable":true,"href":"https:\/\/akdenizolaygazetesi.com\/index.php?rest_route=\/wp\/v2\/media\/20920"}],"wp:attachment":[{"href":"https:\/\/akdenizolaygazetesi.com\/index.php?rest_route=%2Fwp%2Fv2%2Fmedia&parent=20919"}],"wp:term":[{"taxonomy":"category","embeddable":true,"href":"https:\/\/akdenizolaygazetesi.com\/index.php?rest_route=%2Fwp%2Fv2%2Fcategories&post=20919"},{"taxonomy":"post_tag","embeddable":true,"href":"https:\/\/akdenizolaygazetesi.com\/index.php?rest_route=%2Fwp%2Fv2%2Ftags&post=20919"}],"curies":[{"name":"wp","href":"https:\/\/api.w.org\/{rel}","templated":true}]}}