{"id":20922,"date":"2022-09-12T16:11:24","date_gmt":"2022-09-12T13:11:24","guid":{"rendered":"http:\/\/akdenizolaygazetesi.com\/?p=20922"},"modified":"2022-09-12T16:11:24","modified_gmt":"2022-09-12T13:11:24","slug":"egitime-destegimiz-her-zaman-surecek","status":"publish","type":"post","link":"https:\/\/akdenizolaygazetesi.com\/?p=20922","title":{"rendered":"&#8220;E\u011fitime Deste\u011fimiz Her Zaman S\u00fcrecek&#8221;"},"content":{"rendered":"<p>Toroslar Belediye Ba\u015fkan\u0131 Ats\u0131z Af\u015f\u0131n Y\u0131lmaz, 2022-2023 e\u011fitim \u00f6\u011fretim y\u0131l\u0131 dolay\u0131s\u0131yla bir mesaj yay\u0131nlad\u0131.<\/p>\n<p>Yeni e\u011fitim \u00f6\u011fretim y\u0131l\u0131n\u0131n; \u00f6\u011frencilere, \u00f6\u011fretmenlere ve velilere hay\u0131rl\u0131 olmas\u0131n\u0131 dileyen Ba\u015fkan Y\u0131lmaz; &#8220;\u00c7ocuklar\u0131m\u0131z, uzun bir yaz tatilini geride b\u0131rakt\u0131. Bu s\u00fcre zarf\u0131nda Toroslar Belediyesi olarak, \u00c7ocuk Geli\u015fim At\u00f6lyelerimiz ve spor okullar\u0131m\u0131z ile \u00e7ocuklar\u0131m\u0131z\u0131n e\u011flenirken \u00f6\u011frenmesini, sanatla ve sporla b\u00fct\u00fcnle\u015fmelerini ve yaz tatilini verimli ge\u00e7irmelerini sa\u011flad\u0131k&#8221; dedi.<\/p>\n<p>&#8220;E\u011fitime Deste\u011fimiz Her Zaman S\u00fcrecek&#8221;<\/p>\n<p>Ba\u015fkan Y\u0131lmaz, il\u00e7edeki okullarda e\u011fitim kalitesinin artmas\u0131na, \u00f6\u011frencilerin daha sa\u011fl\u0131kl\u0131 ve g\u00fcvenli ortamlarda e\u011fitim almalar\u0131na \u00f6nem verdiklerini kaydederek; &#8220;Gelece\u011fimizin teminat\u0131 \u00e7ocuklar\u0131m\u0131z\u0131n, daha iyi ko\u015fullarda e\u011fitim hayatlar\u0131n\u0131 s\u00fcrd\u00fcrmeleri i\u00e7in \u00fczerimize d\u00fc\u015fen sorumlulu\u011fun fark\u0131nday\u0131z. Bu nedenle e\u011fitimi her zaman \u00f6nceliklerimiz aras\u0131nda tuttuk. \u0130l\u00e7emizdeki okullar\u0131n fiziki ko\u015fullar\u0131n\u0131n iyile\u015ftirilmesi ad\u0131na \u00e7al\u0131\u015fmalar yap\u0131yoruz. Okul y\u00f6neticilerimizden gelen talep do\u011frultusunda okullar\u0131m\u0131z\u0131n d\u0131\u015f cephe boyamas\u0131n\u0131 da \u00fccretsiz olarak ger\u00e7ekle\u015ftiriyoruz. E\u011fitim ve \u00f6\u011fretime olan desteklerimiz artarak devam edecek&#8221; ifadelerini kulland\u0131.<\/p>\n<p>&#8220;Hedefimiz, Milli ve Manevi De\u011ferlerine Sahip Gen\u00e7ler Yeti\u015fmesi&#8221;<\/p>\n<p>&#8220;\u00c7ocuklar\u0131m\u0131z\u0131n, bilgi \u00e7a\u011f\u0131n\u0131n b\u00fct\u00fcn geli\u015fmi\u015fliklerini kullanabilen, ara\u015ft\u0131ran, sporcu kimlikleriyle \u00f6ne \u00e7\u0131kan ve T\u00fcrk Milletinin de\u011ferlerini \u00f6z\u00fcmsemi\u015f bir gen\u00e7lik olarak yeti\u015fmeleri en b\u00fcy\u00fck arzumuz&#8221; diyen Ba\u015fkan Y\u0131lmaz; &#8220;Yeni e\u011fitim \u00f6\u011fretim y\u0131l\u0131na ba\u015flarken \u00f6\u011frencilerimizin ya\u015fad\u0131klar\u0131 heyecan\u0131 y\u00fcrekten payla\u015f\u0131yoruz.  Bu duygu ve d\u00fc\u015f\u00fcncelerle ba\u015fta sevgili \u00f6\u011frencilerimiz olmak \u00fczere t\u00fcm e\u011fitim camias\u0131n\u0131n 2022-2023 e\u011fitim \u00f6\u011fretim y\u0131l\u0131n\u0131 kutluyor, kentimize ve \u00fclkemize ba\u015far\u0131lar getirmesini temenni ediyorum&#8221; diye konu\u015ftu.<\/p>\n","protected":false},"excerpt":{"rendered":"<p>Toroslar Belediye Ba\u015fkan\u0131 Ats\u0131z Af\u015f\u0131n Y\u0131lmaz, 2022-2023 e\u011fitim \u00f6\u011fretim y\u0131l\u0131 dolay\u0131s\u0131yla bir mesaj yay\u0131nlad\u0131. Yeni e\u011fitim \u00f6\u011fretim y\u0131l\u0131n\u0131n; \u00f6\u011frencilere, \u00f6\u011fretmenlere ve velilere hay\u0131rl\u0131 olmas\u0131n\u0131 dileyen Ba\u015fkan Y\u0131lmaz; &#8220;\u00c7ocuklar\u0131m\u0131z, uzun bir &hellip; <a href=\"https:\/\/akdenizolaygazetesi.com\/?p=20922\" class=\"more-link\">Devam\u0131n\u0131 Oku&#8230;<\/a><\/p>\n","protected":false},"author":2,"featured_media":20923,"comment_status":"open","ping_status":"open","sticky":false,"template":"","format":"standard","meta":[],"categories":[2,3,5],"tags":[],"_links":{"self":[{"href":"https:\/\/akdenizolaygazetesi.com\/index.php?rest_route=\/wp\/v2\/posts\/20922"}],"collection":[{"href":"https:\/\/akdenizolaygazetesi.com\/index.php?rest_route=\/wp\/v2\/posts"}],"about":[{"href":"https:\/\/akdenizolaygazetesi.com\/index.php?rest_route=\/wp\/v2\/types\/post"}],"author":[{"embeddable":true,"href":"https:\/\/akdenizolaygazetesi.com\/index.php?rest_route=\/wp\/v2\/users\/2"}],"replies":[{"embeddable":true,"href":"https:\/\/akdenizolaygazetesi.com\/index.php?rest_route=%2Fwp%2Fv2%2Fcomments&post=20922"}],"version-history":[{"count":1,"href":"https:\/\/akdenizolaygazetesi.com\/index.php?rest_route=\/wp\/v2\/posts\/20922\/revisions"}],"predecessor-version":[{"id":20924,"href":"https:\/\/akdenizolaygazetesi.com\/index.php?rest_route=\/wp\/v2\/posts\/20922\/revisions\/20924"}],"wp:featuredmedia":[{"embeddable":true,"href":"https:\/\/akdenizolaygazetesi.com\/index.php?rest_route=\/wp\/v2\/media\/20923"}],"wp:attachment":[{"href":"https:\/\/akdenizolaygazetesi.com\/index.php?rest_route=%2Fwp%2Fv2%2Fmedia&parent=20922"}],"wp:term":[{"taxonomy":"category","embeddable":true,"href":"https:\/\/akdenizolaygazetesi.com\/index.php?rest_route=%2Fwp%2Fv2%2Fcategories&post=20922"},{"taxonomy":"post_tag","embeddable":true,"href":"https:\/\/akdenizolaygazetesi.com\/index.php?rest_route=%2Fwp%2Fv2%2Ftags&post=20922"}],"curies":[{"name":"wp","href":"https:\/\/api.w.org\/{rel}","templated":true}]}}