{"id":20925,"date":"2022-09-12T16:12:40","date_gmt":"2022-09-12T13:12:40","guid":{"rendered":"http:\/\/akdenizolaygazetesi.com\/?p=20925"},"modified":"2022-09-12T16:12:40","modified_gmt":"2022-09-12T13:12:40","slug":"baskan-secer-ilkogretim-haftasi-kutlama-programina-katildi","status":"publish","type":"post","link":"https:\/\/akdenizolaygazetesi.com\/?p=20925","title":{"rendered":"BA\u015eKAN SE\u00c7ER, &#8216;\u0130LK\u00d6\u011eRET\u0130M HAFTASI KUTLAMA PROGRAMI&#8217;NA KATILDI"},"content":{"rendered":"<p>Mersin B\u00fcy\u00fck\u015fehir Belediye Ba\u015fkan\u0131 Vahap Se\u00e7er, Mersin \u0130l Milli E\u011fitim M\u00fcd\u00fcrl\u00fc\u011f\u00fc taraf\u0131ndan d\u00fczenlenen &#8216;\u0130lk\u00f6\u011fretim Haftas\u0131 Kutlama Program\u0131&#8217;na kat\u0131ld\u0131.<br \/>\nYeni\u015fehir \u0130lkokulu&#8217;nda \u00f6\u011frenciler taraf\u0131ndan \u00e7i\u00e7eklerle kar\u015f\u0131lanan Ba\u015fkan Se\u00e7er, 2022-2023 e\u011fitim-\u00f6\u011fretim d\u00f6neminin hay\u0131rl\u0131 olmas\u0131n\u0131 temenni ederek, &#8220;Sevgili \u00e7ocuklar; zihniniz Akdeniz kadar a\u00e7\u0131k, notlar\u0131n\u0131z Toroslar kadar y\u00fcksek olsun&#8221; dedi.<br \/>\nYeni\u015fehir \u0130lkokulu&#8217;nda ger\u00e7ekle\u015fen programa; Mersin Valisi Ali Hamza Pehlivan ve e\u015fi Y\u0131ld\u0131z Pehlivan, Mersin B\u00fcy\u00fck\u015fehir Belediye Ba\u015fkan\u0131 Vahap Se\u00e7er, AK Parti Mersin Milletvekili Hac\u0131 \u00d6zkan, Mersin Barosu Ba\u015fkan\u0131 Gazi \u00d6zdemir, Mesleki ve Teknik E\u011fitim Genel M\u00fcd\u00fcr\u00fc Nazan \u015eener, Mersin \u0130l Milli E\u011fitim M\u00fcd\u00fcr\u00fc Adem Koca, sivil toplum kurulu\u015flar\u0131n\u0131n ve odalar\u0131n temsilcileri, \u00f6\u011fretmenler, \u00f6\u011frenciler ile velileri kat\u0131ld\u0131.<br \/>\nVali Pehlivan: &#8220;Eminim ki, Mersin e\u011fitimde daha da yukar\u0131lara \u00e7\u0131kacakt\u0131r&#8221;<br \/>\nMersin Valisi Ali Hamza Pehlivan, yeni e\u011fitim-\u00f6\u011fretim sezonunun hay\u0131rl\u0131 olmas\u0131n\u0131 temenni ederek, &#8220;Yeni bir heyecanla, 2022-2023 e\u011fitim-\u00f6\u011fretim sezonunu bug\u00fcn ba\u015flat\u0131yoruz. Yurdumuzun 81 vilayetinde oldu\u011fu gibi, Mersinimizde de okullar\u0131m\u0131z \u015fenlendi, ne\u015felendi. Co\u015fku ile okul bah\u00e7eleri, derslikler doldu ta\u015ft\u0131. Bu y\u0131l artan bir heyecanla, daha fazla bir heyecan ve sevin\u00e7le yeni sezona haz\u0131rlan\u0131yoruz. E\u011fitimde ba\u015far\u0131 ve kalite d\u00fczeyinde belli seviyelere gelmi\u015f, \u00f6nemli mesafeler kat etmi\u015f, \u00f6nemli ba\u015far\u0131lar elde etmi\u015f Mersinimiz, inan\u0131yorum ki bu sezon birka\u00e7 basamak daha yukar\u0131lara do\u011fru \u00e7\u0131kacakt\u0131r. Elbette ki bu, m\u00fc\u015fterek gayretle olacak&#8221; ifadelerini kulland\u0131.<br \/>\nBa\u015fkan Se\u00e7er: &#8220;\u00c7a\u011fda\u015f d\u00fcnya ile rekabeti, bilim ve sanatla ger\u00e7ekle\u015ftirebiliriz&#8221;<br \/>\nKonu\u015fmas\u0131na, \u00e7ocuklar\u0131n enerjisinden kendilerinin de faydaland\u0131\u011f\u0131n\u0131 belirterek ba\u015flayan Ba\u015fkan Se\u00e7er, &#8220;E\u011fitim, toplumlar\u0131n en temel unsurlar\u0131ndan bir tanesidir. Bir\u00e7ok konuda toplumlar\u0131 y\u00f6netenler hata yapabilir. O hatadan d\u00f6n\u00fcld\u00fc\u011f\u00fc zaman, k\u0131sa bir s\u00fcre i\u00e7erisinde telafisi m\u00fcmk\u00fcn olabilir. Ama e\u011fitim alan\u0131nda yap\u0131lan hatalar\u0131n telafisi, uzun y\u0131llar s\u00fcrebilir. Onun i\u00e7in Ulu \u00d6nder Mustafa Kemal Atat\u00fcrk&#8217;\u00fcn a\u00e7t\u0131\u011f\u0131 yolda, g\u00f6sterdi\u011fi hedefte, &#8216;Hayatta En Hakiki M\u00fcr\u015fit \u0130limdir&#8217; \u015fiar\u0131yla g\u00fcn\u00fcm\u00fcz d\u00fcnyas\u0131nda, muas\u0131r medeniyet seviyesine \u00e7\u0131kacaksak, \u00e7a\u011fda\u015f d\u00fcnya ile rekabet edeceksek; hurafelerle de\u011fil, bilimle, teknikle, sanatla bunu ger\u00e7ekle\u015ftirmek zorunday\u0131z. Onun i\u00e7in de e\u011fitime-\u00f6\u011fretime ihtiyac\u0131m\u0131z var. Onu verecek olan \u00e7ok de\u011ferli, \u00e7a\u011fda\u015f, y\u00fcz\u00fc Bat\u0131&#8217;ya d\u00f6n\u00fck, Atat\u00fcrk ilkelerini ve prensiplerini kendine \u015fiar edinmi\u015f bir \u00f6\u011fretmen toplulu\u011funa ihtiyac\u0131m\u0131z var. Onlarla bu \u00fclkeyi kalk\u0131nd\u0131raca\u011f\u0131z&#8221; dedi.<br \/>\n&#8220;En \u00f6nemli prensiplerimizden birisi, e\u011fitime en y\u00fcksek katk\u0131y\u0131 sunmak&#8221;<br \/>\nB\u00fcy\u00fck\u015fehir Belediyesi olarak, yasalar\u0131n verdi\u011fi yetki \u00e7er\u00e7evesinde e\u011fitime katk\u0131y\u0131 en \u00fcst d\u00fczeyde yapmak istediklerini vurgulayan Ba\u015fkan Se\u00e7er, &#8220;E\u011fitim alan\u0131nda her ne kadar makro politikalar\u0131 belirleyen Milli E\u011fitim Bakanl\u0131\u011f\u0131 da olsa, yerel y\u00f6netimler olarak yasalar \u00e7er\u00e7evesinde bizlerin de baz\u0131 uygulamalar\u0131 hayata ge\u00e7irme \u015fans\u0131m\u0131z var. Mutlaka yerel y\u00f6netimler, e\u011fitime bir kaynak ay\u0131rmak durumundad\u0131r. Bizim de y\u00f6netime geldi\u011fimizden beri temel prensibimiz, imk\u00e2n\u0131m\u0131z\u0131 en \u00fcst seviyede kullanarak, Mersin&#8217;de e\u011fitime katk\u0131 sunmak, Mersin&#8217;i bir \u00f6\u011frenci kenti yapmak. Sadece ilk\u00f6\u011fretim \u00e7a\u011f\u0131nda, burada ya\u015fayan ailelerimizin \u00e7ocuklar\u0131 i\u00e7in de\u011fil. 4 \u00fcniversitemize \u00fclkenin her yerinden, hatta di\u011fer \u00fclkelerden \u00f6\u011frenci gelmesini sa\u011flamak i\u00e7in, Mersin&#8217;i bir cazibe merkezi haline getirecek tedbirleri, katk\u0131lar\u0131 bizler de Mersin B\u00fcy\u00fck\u015fehir Belediyesi olarak yap\u0131yoruz&#8221; diye konu\u015ftu.<br \/>\n&#8220;\u0130l Milli E\u011fitim M\u00fcd\u00fcrl\u00fc\u011f\u00fc ile i\u015fbirli\u011fimizi \u00e7ok \u00f6nemsiyorum&#8221;<br \/>\nE\u011fitim alan\u0131nda \u0130l Milli E\u011fitim M\u00fcd\u00fcrl\u00fc\u011f\u00fc ile bug\u00fcne kadar \u00e7ok de\u011ferli \u00e7al\u0131\u015fmalar\u0131 birlikte yapt\u0131klar\u0131n\u0131 ve bu i\u015fbirli\u011finin \u00e7ok \u00f6nemli oldu\u011funu s\u00f6zlerine ekleyen Ba\u015fkan Se\u00e7er, &#8220;Bu \u00e7al\u0131\u015fmalarda eme\u011fi ge\u00e7en \u0130l Milli E\u011fitim M\u00fcd\u00fcrl\u00fc\u011f\u00fc \u00e7al\u0131\u015fanlar\u0131na, Mersin B\u00fcy\u00fck\u015fehir Belediyesi \u00e7al\u0131\u015fanlar\u0131na te\u015fekk\u00fcr ediyorum. Bug\u00fcne kadar oldu\u011fu gibi bundan sonra da i\u015fbirli\u011fimiz devam edecek. \u00c7\u00fcnk\u00fc her \u015fey \u00e7ocuklar\u0131m\u0131z i\u00e7in, her \u015fey \u00fclkemiz i\u00e7in, her \u015fey gelece\u011fimiz i\u00e7in. Sevgili \u00e7ocuklar e\u011fitim-\u00f6\u011fretim y\u0131l\u0131n\u0131z hay\u0131rl\u0131 olsun. Zihniniz Akdeniz kadar a\u00e7\u0131k, notlar\u0131n\u0131z Toroslar kadar y\u00fcksek olsun&#8221; dedi.<\/p>\n","protected":false},"excerpt":{"rendered":"<p>Mersin B\u00fcy\u00fck\u015fehir Belediye Ba\u015fkan\u0131 Vahap Se\u00e7er, Mersin \u0130l Milli E\u011fitim M\u00fcd\u00fcrl\u00fc\u011f\u00fc taraf\u0131ndan d\u00fczenlenen &#8216;\u0130lk\u00f6\u011fretim Haftas\u0131 Kutlama Program\u0131&#8217;na kat\u0131ld\u0131. Yeni\u015fehir \u0130lkokulu&#8217;nda \u00f6\u011frenciler taraf\u0131ndan \u00e7i\u00e7eklerle kar\u015f\u0131lanan Ba\u015fkan Se\u00e7er, 2022-2023 e\u011fitim-\u00f6\u011fretim d\u00f6neminin hay\u0131rl\u0131 &hellip; <a href=\"https:\/\/akdenizolaygazetesi.com\/?p=20925\" class=\"more-link\">Devam\u0131n\u0131 Oku&#8230;<\/a><\/p>\n","protected":false},"author":2,"featured_media":20926,"comment_status":"open","ping_status":"open","sticky":false,"template":"","format":"standard","meta":[],"categories":[2,3,5],"tags":[],"_links":{"self":[{"href":"https:\/\/akdenizolaygazetesi.com\/index.php?rest_route=\/wp\/v2\/posts\/20925"}],"collection":[{"href":"https:\/\/akdenizolaygazetesi.com\/index.php?rest_route=\/wp\/v2\/posts"}],"about":[{"href":"https:\/\/akdenizolaygazetesi.com\/index.php?rest_route=\/wp\/v2\/types\/post"}],"author":[{"embeddable":true,"href":"https:\/\/akdenizolaygazetesi.com\/index.php?rest_route=\/wp\/v2\/users\/2"}],"replies":[{"embeddable":true,"href":"https:\/\/akdenizolaygazetesi.com\/index.php?rest_route=%2Fwp%2Fv2%2Fcomments&post=20925"}],"version-history":[{"count":1,"href":"https:\/\/akdenizolaygazetesi.com\/index.php?rest_route=\/wp\/v2\/posts\/20925\/revisions"}],"predecessor-version":[{"id":20927,"href":"https:\/\/akdenizolaygazetesi.com\/index.php?rest_route=\/wp\/v2\/posts\/20925\/revisions\/20927"}],"wp:featuredmedia":[{"embeddable":true,"href":"https:\/\/akdenizolaygazetesi.com\/index.php?rest_route=\/wp\/v2\/media\/20926"}],"wp:attachment":[{"href":"https:\/\/akdenizolaygazetesi.com\/index.php?rest_route=%2Fwp%2Fv2%2Fmedia&parent=20925"}],"wp:term":[{"taxonomy":"category","embeddable":true,"href":"https:\/\/akdenizolaygazetesi.com\/index.php?rest_route=%2Fwp%2Fv2%2Fcategories&post=20925"},{"taxonomy":"post_tag","embeddable":true,"href":"https:\/\/akdenizolaygazetesi.com\/index.php?rest_route=%2Fwp%2Fv2%2Ftags&post=20925"}],"curies":[{"name":"wp","href":"https:\/\/api.w.org\/{rel}","templated":true}]}}