{"id":20928,"date":"2022-09-13T12:51:38","date_gmt":"2022-09-13T09:51:38","guid":{"rendered":"http:\/\/akdenizolaygazetesi.com\/?p=20928"},"modified":"2022-09-13T12:51:38","modified_gmt":"2022-09-13T09:51:38","slug":"toroslar-emekli-evi-misafirlerini-agirlamaya-basladi","status":"publish","type":"post","link":"https:\/\/akdenizolaygazetesi.com\/?p=20928","title":{"rendered":"TOROSLAR EMEKL\u0130 EV\u0130 M\u0130SAF\u0130RLER\u0130N\u0130 A\u011eIRLAMAYA BA\u015eLADI"},"content":{"rendered":"<p>Mersin B\u00fcy\u00fck\u015fehir Belediyesi&#8217;nin, her ya\u015ftan her kesime y\u00f6nelik hayata ge\u00e7irdi\u011fi projelerden birisi olan &#8216;Emekli Evi&#8217;, Toroslar il\u00e7esinde de faaliyete ge\u00e7ti. Ya\u015f alm\u0131\u015f vatanda\u015flar\u0131n hayat\u0131na huzurlu, sa\u011fl\u0131kl\u0131, aktif ve mutlu bir \u015fekilde dokunman\u0131n hedeflendi\u011fi Emekli Evi&#8217;ne \u00fcye vatanda\u015flar ise verilen hizmetten olduk\u00e7a memnun.<br \/>\nMersin B\u00fcy\u00fck\u015fehir Belediyesi&#8217;nin &#8216;Ya\u015fl\u0131 Dostu Kent&#8217; \u015fiar\u0131 ile ilk olarak Yeni\u015fehir il\u00e7esinde a\u00e7\u0131lan, ard\u0131ndan Tarsus&#8217;ta da yo\u011fun ilgi g\u00f6ren Emekli Evi&#8217;nde \u00e7al\u0131\u015fmalar hakk\u0131nda bilgi veren Sosyal Hizmetler Dairesi Ba\u015fkanl\u0131\u011f\u0131 Psikologlar\u0131ndan Ba\u015fak G\u00f6kdal Bayraktar; Emekli Evi projesinin amac\u0131n\u0131n, ya\u015f alm\u0131\u015f vatanda\u015flar\u0131n aktif ve sa\u011fl\u0131kl\u0131 bir \u015fekilde hayatlar\u0131n\u0131 s\u00fcrd\u00fcrmek ve ya\u015fam kalitelerini y\u00fckseltmek oldu\u011funu s\u00f6yledi.<br \/>\n&#8220;55 ya\u015f ve \u00fczeri t\u00fcm emekli vatanda\u015flar faydalanabilecek&#8221;<br \/>\nYeni\u015fehir ile Tarsus&#8217;ta hizmet veren ve \u00f6n\u00fcm\u00fczdeki g\u00fcnlerde Toroslar il\u00e7esinde de faaliyete ge\u00e7ecek olan Emekli Evi&#8217;nin, bu ama\u00e7 do\u011frultusunda \u00fcyelerine \u00e7e\u015fitli kurslar, el sanatlar\u0131, bri\u00e7 kurslar\u0131, k\u00fclt\u00fcrel ve sosyal geziler ile psikolojik dan\u0131\u015fmanl\u0131k hizmetleri verece\u011fini s\u00f6yleyen Bayraktar, &#8220;55 ya\u015f ve \u00fczerindeki t\u00fcm emekli vatanda\u015flar\u0131m\u0131z, Mersin ilinde ikamet ediyor olmak ko\u015fuluyla bu hizmetimizden yararlanabilecekler. Ayn\u0131 zamanda \u00fcyelerin e\u015fleri de bu hizmetten yararlanabiliyor. Geziler, sosyal k\u00fclt\u00fcrel faaliyetlerin yan\u0131 s\u0131ra, gelip kitap ve gazetelerini okuyabilecekleri, bu s\u00fcre i\u00e7erisinde de \u00fccretsiz olarak \u00e7ay i\u00e7ip sohbet edebilecekleri bir ortam haz\u0131rlad\u0131k&#8221; dedi.<br \/>\n&#8220;En mutlu oldu\u011fum y\u0131llar, son 2-3 y\u0131l&#8221;<br \/>\nToroslar il\u00e7esinde ya\u015fad\u0131\u011f\u0131n\u0131 ve Yeni\u015fehir Emekli Evi&#8217;ne s\u00fcrekli gitti\u011fini s\u00f6yleyen H\u00fcseyin G\u00fcler isimli vatanda\u015f, verilen hizmetten \u00e7ok memnun oldu\u011funu belirterek, &#8220;Benim ger\u00e7ekten vakit ge\u00e7irecek, oyalanacak yerim yoktu. K\u0131raathanelere gitmem, ast\u0131m\u0131m var, sigara duman\u0131 dokunuyor. Oyun hastal\u0131\u011f\u0131m, i\u00e7kim, kumar\u0131m yok, buras\u0131 tam benim yerim. Arkada\u015flar\u0131mla oturup sohbet-muhabbet edip, kitab\u0131m\u0131z\u0131 gazetemizi okuyup, \u00e7ok g\u00fczel zaman ge\u00e7iriyorum. Diyebilirim ki, benim en mutlu y\u0131llar\u0131m son 2-3 y\u0131ld\u0131r. Bu Emekli Evi kuruldu kurulal\u0131 \u00e7ok mutluyum&#8221; diye konu\u015ftu.<br \/>\nVerilen hizmetten son derece mutlu oldu\u011funu ve arkada\u015f \u00e7evresi ile de payla\u015ft\u0131\u011f\u0131n\u0131 ifade eden \u0130brahim Kulu isimli emekli vatanda\u015f ise, &#8220;Hizmet \u00e7ok g\u00fczel, arkada\u015flar\u0131m\u0131z g\u00fczel ilgileniyor bizimle. Bu ya\u015ftan sonra beklentimiz ne olacak? Geliyoruz, oturuyoruz, sohbet ediyoruz. Vahap Bey, hizmetlerinden dolay\u0131 berhudar olsun. T\u00fcm \u00e7evreme s\u00f6yledim. Yayladaki, memleketteki, sa\u011fdaki soldaki hepsine s\u00f6yledim. Onlar da k\u0131sa s\u00fcre i\u00e7inde gelecekler&#8221; \u015feklinde konu\u015ftu.<\/p>\n","protected":false},"excerpt":{"rendered":"<p>Mersin B\u00fcy\u00fck\u015fehir Belediyesi&#8217;nin, her ya\u015ftan her kesime y\u00f6nelik hayata ge\u00e7irdi\u011fi projelerden birisi olan &#8216;Emekli Evi&#8217;, Toroslar il\u00e7esinde de faaliyete ge\u00e7ti. Ya\u015f alm\u0131\u015f vatanda\u015flar\u0131n hayat\u0131na huzurlu, sa\u011fl\u0131kl\u0131, aktif ve mutlu bir &hellip; <a href=\"https:\/\/akdenizolaygazetesi.com\/?p=20928\" class=\"more-link\">Devam\u0131n\u0131 Oku&#8230;<\/a><\/p>\n","protected":false},"author":2,"featured_media":20929,"comment_status":"open","ping_status":"open","sticky":false,"template":"","format":"standard","meta":[],"categories":[3,5],"tags":[],"_links":{"self":[{"href":"https:\/\/akdenizolaygazetesi.com\/index.php?rest_route=\/wp\/v2\/posts\/20928"}],"collection":[{"href":"https:\/\/akdenizolaygazetesi.com\/index.php?rest_route=\/wp\/v2\/posts"}],"about":[{"href":"https:\/\/akdenizolaygazetesi.com\/index.php?rest_route=\/wp\/v2\/types\/post"}],"author":[{"embeddable":true,"href":"https:\/\/akdenizolaygazetesi.com\/index.php?rest_route=\/wp\/v2\/users\/2"}],"replies":[{"embeddable":true,"href":"https:\/\/akdenizolaygazetesi.com\/index.php?rest_route=%2Fwp%2Fv2%2Fcomments&post=20928"}],"version-history":[{"count":1,"href":"https:\/\/akdenizolaygazetesi.com\/index.php?rest_route=\/wp\/v2\/posts\/20928\/revisions"}],"predecessor-version":[{"id":20930,"href":"https:\/\/akdenizolaygazetesi.com\/index.php?rest_route=\/wp\/v2\/posts\/20928\/revisions\/20930"}],"wp:featuredmedia":[{"embeddable":true,"href":"https:\/\/akdenizolaygazetesi.com\/index.php?rest_route=\/wp\/v2\/media\/20929"}],"wp:attachment":[{"href":"https:\/\/akdenizolaygazetesi.com\/index.php?rest_route=%2Fwp%2Fv2%2Fmedia&parent=20928"}],"wp:term":[{"taxonomy":"category","embeddable":true,"href":"https:\/\/akdenizolaygazetesi.com\/index.php?rest_route=%2Fwp%2Fv2%2Fcategories&post=20928"},{"taxonomy":"post_tag","embeddable":true,"href":"https:\/\/akdenizolaygazetesi.com\/index.php?rest_route=%2Fwp%2Fv2%2Ftags&post=20928"}],"curies":[{"name":"wp","href":"https:\/\/api.w.org\/{rel}","templated":true}]}}