{"id":20937,"date":"2022-09-13T17:23:39","date_gmt":"2022-09-13T14:23:39","guid":{"rendered":"http:\/\/akdenizolaygazetesi.com\/?p=20937"},"modified":"2022-09-13T17:23:39","modified_gmt":"2022-09-13T14:23:39","slug":"ogrencilerden-baskan-secere-ziyaret","status":"publish","type":"post","link":"https:\/\/akdenizolaygazetesi.com\/?p=20937","title":{"rendered":"\u00d6\u011eRENC\u0130LERDEN BA\u015eKAN SE\u00c7ER&#8217;E Z\u0130YARET"},"content":{"rendered":"<p>Mersin B\u00fcy\u00fck\u015fehir Belediye Ba\u015fkan\u0131 Vahap Se\u00e7er, okullar\u0131n a\u00e7\u0131lmas\u0131n\u0131n heyecan\u0131n\u0131 ya\u015fayan Mezitli Vali \u015eenol Engin \u0130lkokulu \u00f6\u011frencilerini ve y\u00f6netici ile \u00f6\u011fretmenlerini makam\u0131nda a\u011f\u0131rlad\u0131. Ba\u015fkan Se\u00e7er&#8217;in \u00e7ocuklara sordu\u011fu sorularla renklenen ziyarette, \u00e7ocuklar kendilerini tan\u0131t\u0131p yaz tatilinde yapt\u0131klar\u0131n\u0131 anlatt\u0131.<br \/>\nZiyarette; Mezitli \u0130l\u00e7e Milli E\u011fitim M\u00fcd\u00fcr\u00fc Dursun K\u0131l\u0131\u00e7, Mezitli Vali \u015eenol Engin \u0130lkokulu M\u00fcd\u00fcr\u00fc Mustafa Karaayd\u0131n, \u00f6\u011fretmenler Durdane \u00c7elik ve Ali Baran ile minik \u00f6\u011frenciler yer ald\u0131.<br \/>\nBa\u015fkan Se\u00e7er&#8217;e \u00e7i\u00e7ek takdim eden \u00f6\u011frenciler, sohbetten duyduklar\u0131 memnuniyeti tatl\u0131 s\u00f6zleriyle dile getirdiler. Okul M\u00fcd\u00fcr\u00fc Mustafa Karaayd\u0131n, okulun yap\u0131s\u0131 ve \u00f6\u011frenci say\u0131s\u0131 hakk\u0131nda bilgiler verdi. Ard\u0131ndan \u00f6\u011frenciler tek tek kendilerini tan\u0131tt\u0131.<br \/>\nSohbetin devam\u0131nda &#8220;Yaz tatilinde neler yapt\u0131n\u0131z?&#8221; diye soran Ba\u015fkan Se\u00e7er&#8217;e \u00e7ocuklardan; denize girmekten, ailece gidilen pikniklere kadar birbirinden renkli cevaplar geldi. Ziyaretin sonunda Ba\u015fkan Se\u00e7er, minik \u00f6\u011frencilere hediyeler verdi ve foto\u011fraf \u00e7ektirdi.<br \/>\n&#8220;\u00c7ok g\u00fcler y\u00fczl\u00fc bir Ba\u015fkan\u0131m\u0131z&#8221;<br \/>\nDuygular\u0131n\u0131 payla\u015fan 2&#8217;nci s\u0131n\u0131f \u00f6\u011frencisi Eyl\u00fcl Y\u0131lmaz, &#8220;Okulumdan \u00e7ok memnunum. \u00d6\u011fretmenlerimi, arkada\u015flar\u0131m\u0131 \u00e7ok seviyorum. Buraya gelmek \u00e7ok gururland\u0131rd\u0131 beni. \u00c7ok heyecanl\u0131y\u0131m. Okulumuz yeni ba\u015flad\u0131. Yeni e\u015fyalar\u0131mla ba\u015flayaca\u011f\u0131z. Yeni \u015feyler, yeni s\u0131n\u0131f, yeni d\u00f6nem; \u00e7ok heyecanl\u0131y\u0131m. \u00d6\u011fretmenimi, arkada\u015flar\u0131m\u0131 hepsini \u00e7ok \u00f6zledim. Onlarla bulu\u015faca\u011f\u0131m&#8221; dedi.<br \/>\n&#8220;Vahap Ba\u015fkan\u0131m\u0131z\u0131 da g\u00f6rd\u00fcm. Ba\u015fkan\u0131m\u0131z \u00e7ok g\u00fcler y\u00fczl\u00fc. Onu \u00e7ok sevdim&#8221; diyerek konu\u015fmas\u0131na devam eden Y\u0131lmaz, ald\u0131\u011f\u0131 hediyelere dair de &#8220;Kitap, boya kalemi, kalem kutusu, kitaplar verdiler. Bir de bir tane bebek verdiler. Benim de \u00e7ok ho\u015fuma gitti, karde\u015fime verece\u011fim&#8221; ifadelerini kulland\u0131.<br \/>\n3&#8217;\u00fcnc\u00fc s\u0131n\u0131f \u00f6\u011frencisi Fatih Kaan Yan\u0131k ise, &#8220;\u00c7ok mutluyum. Buraya Ba\u015fkan&#8217;a geldik. Sohbetini be\u011fendim, \u00e7ok g\u00fczeldi. Hediye verdiler. Araba verdiler. Boya kalemleri, kalemlik, kitaplar ve defterler verdiler. Arkada\u015flar\u0131m\u0131 \u00f6zlemi\u015ftim. Heyecanl\u0131y\u0131m. Bug\u00fcnk\u00fc g\u00fcn\u00fcm \u00e7ok mutluydu&#8221; diye konu\u015ftu.<\/p>\n","protected":false},"excerpt":{"rendered":"<p>Mersin B\u00fcy\u00fck\u015fehir Belediye Ba\u015fkan\u0131 Vahap Se\u00e7er, okullar\u0131n a\u00e7\u0131lmas\u0131n\u0131n heyecan\u0131n\u0131 ya\u015fayan Mezitli Vali \u015eenol Engin \u0130lkokulu \u00f6\u011frencilerini ve y\u00f6netici ile \u00f6\u011fretmenlerini makam\u0131nda a\u011f\u0131rlad\u0131. Ba\u015fkan Se\u00e7er&#8217;in \u00e7ocuklara sordu\u011fu sorularla renklenen ziyarette, \u00e7ocuklar &hellip; <a href=\"https:\/\/akdenizolaygazetesi.com\/?p=20937\" class=\"more-link\">Devam\u0131n\u0131 Oku&#8230;<\/a><\/p>\n","protected":false},"author":2,"featured_media":20938,"comment_status":"open","ping_status":"open","sticky":false,"template":"","format":"standard","meta":[],"categories":[3],"tags":[],"_links":{"self":[{"href":"https:\/\/akdenizolaygazetesi.com\/index.php?rest_route=\/wp\/v2\/posts\/20937"}],"collection":[{"href":"https:\/\/akdenizolaygazetesi.com\/index.php?rest_route=\/wp\/v2\/posts"}],"about":[{"href":"https:\/\/akdenizolaygazetesi.com\/index.php?rest_route=\/wp\/v2\/types\/post"}],"author":[{"embeddable":true,"href":"https:\/\/akdenizolaygazetesi.com\/index.php?rest_route=\/wp\/v2\/users\/2"}],"replies":[{"embeddable":true,"href":"https:\/\/akdenizolaygazetesi.com\/index.php?rest_route=%2Fwp%2Fv2%2Fcomments&post=20937"}],"version-history":[{"count":1,"href":"https:\/\/akdenizolaygazetesi.com\/index.php?rest_route=\/wp\/v2\/posts\/20937\/revisions"}],"predecessor-version":[{"id":20939,"href":"https:\/\/akdenizolaygazetesi.com\/index.php?rest_route=\/wp\/v2\/posts\/20937\/revisions\/20939"}],"wp:featuredmedia":[{"embeddable":true,"href":"https:\/\/akdenizolaygazetesi.com\/index.php?rest_route=\/wp\/v2\/media\/20938"}],"wp:attachment":[{"href":"https:\/\/akdenizolaygazetesi.com\/index.php?rest_route=%2Fwp%2Fv2%2Fmedia&parent=20937"}],"wp:term":[{"taxonomy":"category","embeddable":true,"href":"https:\/\/akdenizolaygazetesi.com\/index.php?rest_route=%2Fwp%2Fv2%2Fcategories&post=20937"},{"taxonomy":"post_tag","embeddable":true,"href":"https:\/\/akdenizolaygazetesi.com\/index.php?rest_route=%2Fwp%2Fv2%2Ftags&post=20937"}],"curies":[{"name":"wp","href":"https:\/\/api.w.org\/{rel}","templated":true}]}}