{"id":20949,"date":"2022-09-14T13:15:10","date_gmt":"2022-09-14T10:15:10","guid":{"rendered":"http:\/\/akdenizolaygazetesi.com\/?p=20949"},"modified":"2022-09-14T13:15:10","modified_gmt":"2022-09-14T10:15:10","slug":"baskan-secer-onemli-bir-ilke-imza-atiyoruz-ata-egitim-merkezini-hayata-geciriyoruz","status":"publish","type":"post","link":"https:\/\/akdenizolaygazetesi.com\/?p=20949","title":{"rendered":"BA\u015eKAN SE\u00c7ER: &#8220;\u00d6NEML\u0130 B\u0130R \u0130LKE \u0130MZA ATIYORUZ; ATA E\u011e\u0130T\u0130M MERKEZ\u0130&#8217;N\u0130 HAYATA GE\u00c7\u0130R\u0130YORUZ&#8221;"},"content":{"rendered":"<p>Mersin B\u00fcy\u00fck\u015fehir Belediye Meclisi&#8217;nin Eyl\u00fcl ay\u0131 1. Birle\u015fim Toplant\u0131s\u0131, B\u00fcy\u00fck\u015fehir Belediye Ba\u015fkan\u0131 Vahap Se\u00e7er ba\u015fkanl\u0131\u011f\u0131nda ger\u00e7ekle\u015ftirildi. Meclis Toplant\u0131s\u0131&#8217;nda; idareden gelen 25, komisyonlara havale edilen 17 olmak \u00fczere toplam 42 madde g\u00f6r\u00fc\u015f\u00fcld\u00fc.<\/p>\n<p>&#8220;Ata E\u011fitim Merkezi&#8217;ni hayata ge\u00e7iriyoruz&#8221;<\/p>\n<p>Meclis toplant\u0131s\u0131n\u0131n dilek ve temenniler b\u00f6l\u00fcm\u00fcnde konu\u015fan Ba\u015fkan Se\u00e7er, ge\u00e7ti\u011fimiz hafta G\u00fclnar&#8217;da ya\u015fanan orman yang\u0131n\u0131n\u0131 s\u00f6nd\u00fcrmek i\u00e7in m\u00fccadele eden kurum, kurulu\u015f ve g\u00f6revli personele te\u015fekk\u00fcr ederek, yaralananlara acil \u015fifalar diledi.<br \/>\nG\u00fclnar orman yang\u0131n\u0131na ilk andan itibaren m\u00fcdahale eden B\u00fcy\u00fck\u015fehir Belediyesi&#8217;nin itfaiye te\u015fkilat\u0131n\u0131 g\u00fc\u00e7lendirmek ad\u0131na ger\u00e7ekle\u015ftirdikleri yeniliklerden bahseden Ba\u015fkan Se\u00e7er, &#8220;563 itfaiye eri ile Mersin&#8217;e hizmet ediyoruz. \u0130tfaiye te\u015fkilat\u0131m\u0131z\u0131 g\u00fc\u00e7lendirmek ad\u0131na \u00f6nemli bir ilke imza at\u0131yoruz; Ata E\u011fitim Merkezi&#8217;ni hayata ge\u00e7iriyoruz. Sadece kendi personellerimizi e\u011fitmek i\u00e7in de\u011fil; T\u00fcrkiye&#8217;nin her b\u00f6lgesinden, belediyelerimizden bize m\u00fcracaat edecek olan itfaiye erleri ile ilgili e\u011fitimi orada verece\u011fiz. Son derece \u00e7a\u011fa uygun, modern bir tesis. \u015eu anda yap\u0131m\u0131 devam ediyor. \u0130n\u015fallah k\u0131sa bir s\u00fcre sonra da faaliyete sokaca\u011f\u0131z&#8221; diye konu\u015ftu.<\/p>\n<p>&#8220;\u0130tfaiye eri al\u0131m\u0131 i\u00e7in 7 ayd\u0131r bakanl\u0131ktan onay bekliyoruz&#8221;<\/p>\n<p>\u0130tfaiye te\u015fkilat\u0131n\u0131 g\u00fc\u00e7lendirmek ad\u0131na, itfaiye eri kadrosuna atama iznini ilgili bakanl\u0131ktan istediklerini de aktaran Ba\u015fkan Se\u00e7er, &#8220;282 yeni itfaiye eri al\u0131m\u0131 i\u00e7in 28 \u015eubat 2022 tarihinde \u00c7evre Bakanl\u0131\u011f\u0131&#8217;na bir yaz\u0131 yazarak, itfaiye eri kadrosuna atama izni talep ettik. Ancak ne yaz\u0131k ki, yaz\u0131n\u0131n \u00fczerinden 7 aya yak\u0131n bir s\u00fcre ge\u00e7mi\u015f olmas\u0131na ra\u011fmen, olumlu bir netice ile bize d\u00f6n\u00fclmedi. Biz Mersin B\u00fcy\u00fck\u015fehir Belediyesi \u0130tfaiye te\u015fkilat\u0131n\u0131, T\u00fcrkiye&#8217;de \u00f6rnek bir te\u015fkilat haline getirmek istiyoruz. E\u011fitim merkezimizle, ara\u00e7 gere\u00e7lerimizle, personelimizle&#8230; Te\u015fkilat\u0131m\u0131za yeni ara\u00e7lar ve ekipmanlar kazand\u0131rd\u0131k. Bu konuda b\u00fct\u00e7eye ac\u0131mad\u0131k, \u00e7\u00fcnk\u00fc bizim i\u00e7in esas olan insanlar\u0131n en ba\u015fta can ve sonras\u0131nda mal g\u00fcvenli\u011fidir&#8221; ifadelerini kulland\u0131.<\/p>\n<p>&#8220;Rauf Denkta\u015f Park\u0131&#8217;na bir \u00e7ivi \u00e7akmam\u0131z i\u00e7in oran\u0131n tahsisi gerekiyor&#8221;<\/p>\n<p>Ba\u015fkan Se\u00e7er, Anamur il\u00e7esindeki Rauf Denkta\u015f Park\u0131&#8217;n\u0131n tahsisiyle ilgili Anamur Belediye Ba\u015fkan\u0131 Hidayet K\u0131l\u0131n\u00e7&#8217;\u0131n de\u011ferlendirmeleri \u00fczerine, &#8220;Biz y\u00f6netime geldi\u011fimizde Rauf Denkta\u015f Park\u0131&#8217;nda, halk\u0131n kullanaca\u011f\u0131 bir tuvalet dahi yoktu. Bizim oraya bir \u00e7ivi \u00e7akmam\u0131z i\u00e7in, oran\u0131n tahsisinin bizde olmas\u0131 gerekiyor. Biz 3,5 y\u0131ld\u0131r bu park\u0131n tahsisini istedik. Hatta biz denize bakan b\u00f6lgesini de istedik ki; vatanda\u015f oradan denize girsin diye.  O park 30 d\u00f6n\u00fcm diye biliyorum. Mevzuat gere\u011fi de bizim saham\u0131zda olmas\u0131 gereken bir yer. Tahsisi bize yap\u0131lmad\u0131\u011f\u0131 i\u00e7in, park oldu\u011fu gibi duruyor. Olan halka oldu, ben onu anlatay\u0131m halk takdir etsin. Ancak, mevzuat gere\u011fi o park zaten bug\u00fcne kadar bana verilmek durumundayd\u0131. Verilseydi p\u0131r\u0131l p\u0131r\u0131l bir park\u0131n\u0131z olacakt\u0131. Konu bundan ibaret&#8221; ifadelerine yer verdi.<\/p>\n<p>Ba\u015fkan Se\u00e7er, Anamur Hali ile ilgili de &#8220;Bizim kimsenin i\u015fini engelleme gibi bir durumumuz yok. Oraya hal yapmak istiyoruz. Tahsis istedik, hatta biraz da maliyetli olacak, ama biz biliyoruz ki, Mersin&#8217;deki hanemize gelir olarak kaydetti\u011fimiz hal r\u00fcsumlar\u0131n\u0131n \u00f6nemli bir k\u0131sm\u0131, o b\u00f6lgede yeti\u015fen \u00fcr\u00fcnlerden geliyor. Oraya da yak\u0131\u015f\u0131r bir hal yapal\u0131m dedik, ama bu konuda da s\u0131k\u0131nt\u0131lar ya\u015f\u0131yoruz&#8221; dedi.<\/p>\n<p>&#8220;Tarsus G\u00fcrl\u00fc&#8217;ye \u00e7ok fonksiyonlu kat\u0131 at\u0131k depolama tesisi yapaca\u011f\u0131z&#8221;<\/p>\n<p>Tarsus G\u00fcrl\u00fc Kat\u0131 At\u0131k Depolama Alan\u0131&#8217;n\u0131n tahsisinin, Milli Emlak&#8217;tan \u00e7ok yak\u0131n bir zamanda geldi\u011fini s\u00f6yleyen Ba\u015fkan Se\u00e7er, &#8220;Eme\u011fi ge\u00e7en herkese te\u015fekk\u00fcr ediyoruz. Oradan evsel at\u0131klar\u0131, kat\u0131 at\u0131klar\u0131 ta\u015f\u0131mak zorunda kal\u0131yorduk buradaki yere. Bu da bize ciddi bir maliyet getiriyordu. Oray\u0131 s\u00fcratle \u00e7ok fonksiyonlu kat\u0131 at\u0131k depolama tesisi yapaca\u011f\u0131z. Tehlikeli, az tehlikeli, \u00e7ok tehlikeli, kimyasal at\u0131klar gibi \u00e7ok g\u00fczel yeni i\u015flevler y\u00fckleyip, bir tesis hale getirece\u011fiz&#8221; diye konu\u015ftu.<\/p>\n","protected":false},"excerpt":{"rendered":"<p>Mersin B\u00fcy\u00fck\u015fehir Belediye Meclisi&#8217;nin Eyl\u00fcl ay\u0131 1. Birle\u015fim Toplant\u0131s\u0131, B\u00fcy\u00fck\u015fehir Belediye Ba\u015fkan\u0131 Vahap Se\u00e7er ba\u015fkanl\u0131\u011f\u0131nda ger\u00e7ekle\u015ftirildi. Meclis Toplant\u0131s\u0131&#8217;nda; idareden gelen 25, komisyonlara havale edilen 17 olmak \u00fczere toplam 42 madde &hellip; <a href=\"https:\/\/akdenizolaygazetesi.com\/?p=20949\" class=\"more-link\">Devam\u0131n\u0131 Oku&#8230;<\/a><\/p>\n","protected":false},"author":2,"featured_media":20950,"comment_status":"open","ping_status":"open","sticky":false,"template":"","format":"standard","meta":[],"categories":[34,1,2,3,5],"tags":[],"_links":{"self":[{"href":"https:\/\/akdenizolaygazetesi.com\/index.php?rest_route=\/wp\/v2\/posts\/20949"}],"collection":[{"href":"https:\/\/akdenizolaygazetesi.com\/index.php?rest_route=\/wp\/v2\/posts"}],"about":[{"href":"https:\/\/akdenizolaygazetesi.com\/index.php?rest_route=\/wp\/v2\/types\/post"}],"author":[{"embeddable":true,"href":"https:\/\/akdenizolaygazetesi.com\/index.php?rest_route=\/wp\/v2\/users\/2"}],"replies":[{"embeddable":true,"href":"https:\/\/akdenizolaygazetesi.com\/index.php?rest_route=%2Fwp%2Fv2%2Fcomments&post=20949"}],"version-history":[{"count":1,"href":"https:\/\/akdenizolaygazetesi.com\/index.php?rest_route=\/wp\/v2\/posts\/20949\/revisions"}],"predecessor-version":[{"id":20951,"href":"https:\/\/akdenizolaygazetesi.com\/index.php?rest_route=\/wp\/v2\/posts\/20949\/revisions\/20951"}],"wp:featuredmedia":[{"embeddable":true,"href":"https:\/\/akdenizolaygazetesi.com\/index.php?rest_route=\/wp\/v2\/media\/20950"}],"wp:attachment":[{"href":"https:\/\/akdenizolaygazetesi.com\/index.php?rest_route=%2Fwp%2Fv2%2Fmedia&parent=20949"}],"wp:term":[{"taxonomy":"category","embeddable":true,"href":"https:\/\/akdenizolaygazetesi.com\/index.php?rest_route=%2Fwp%2Fv2%2Fcategories&post=20949"},{"taxonomy":"post_tag","embeddable":true,"href":"https:\/\/akdenizolaygazetesi.com\/index.php?rest_route=%2Fwp%2Fv2%2Ftags&post=20949"}],"curies":[{"name":"wp","href":"https:\/\/api.w.org\/{rel}","templated":true}]}}