{"id":20952,"date":"2022-09-14T13:16:38","date_gmt":"2022-09-14T10:16:38","guid":{"rendered":"http:\/\/akdenizolaygazetesi.com\/?p=20952"},"modified":"2022-09-14T13:16:38","modified_gmt":"2022-09-14T10:16:38","slug":"minikler-adile-teyze-ve-munir-ozkul-kreslerinde-yerlerini-aldi","status":"publish","type":"post","link":"https:\/\/akdenizolaygazetesi.com\/?p=20952","title":{"rendered":"M\u0130N\u0130KLER, AD\u0130LE TEYZE VE M\u00dcN\u0130R \u00d6ZKUL KRE\u015eLER\u0130&#8217;NDE YERLER\u0130N\u0130 ALDI"},"content":{"rendered":"<p>Mersin B\u00fcy\u00fck\u015fehir Belediyesi&#8217;nin Adile Teyze ve M\u00fcnir \u00d6zkul kre\u015flerinde, minikler ilk g\u00fcn heyecan\u0131 ya\u015fad\u0131. \u0130lk g\u00fcn birbirleriyle tan\u0131\u015f\u0131p kayna\u015fan minikler, \u00f6\u011fretmenleri e\u015fli\u011finde etkinliklerle e\u011fitime ba\u015flad\u0131.<br \/>\nEngelsiz Ya\u015fam Merkezi i\u00e7erisinde yer alan Adile Teyze ve Hal Kompleksi&#8217;nde bulunan M\u00fcnir \u00d6zkul kre\u015fleri, 2022-2023 E\u011fitim \u00d6\u011fretim y\u0131l\u0131n\u0131n ba\u015flamas\u0131 ile yeni \u00f6\u011frencilerini a\u011f\u0131rlamaya ba\u015flad\u0131. Adile Teyze&#8217;de 30, M\u00fcnir \u00d6zkul&#8217;da 50 olmak \u00fczere toplam 80 \u00e7ocuk, bu y\u0131l B\u00fcy\u00fck\u015fehir Belediyesi&#8217;nin kre\u015flerinde e\u011fitim ve \u00f6\u011fretim g\u00f6recek.<br \/>\n&#8220;Minikler, yeni bir \u015feyler ke\u015ffetmeye merakl\u0131lar&#8221;<br \/>\nMersin B\u00fcy\u00fck\u015fehir Belediyesi Adile Teyze \u00c7ocuk Geli\u015fim Merkezi&#8217;nde Okul \u00d6ncesi \u00d6\u011fretmeni olarak g\u00f6rev yapan Cemre Kur\u015fun, \u00e7ocuklar\u0131n ilk g\u00fcn heyecan\u0131n\u0131 payla\u015farak, &#8220;\u00c7ocuklar\u0131m\u0131zla beraber bizler de \u00e7ok heyecanl\u0131y\u0131z. Dolu dolu bir y\u0131l bizi bekliyor. \u00c7ocuklar\u0131m\u0131z g\u00fcn i\u00e7erisinde kayna\u015ft\u0131rma etkinliklerini yap\u0131yor, s\u0131n\u0131flar\u0131n\u0131 ve \u00f6\u011fretmenlerini tan\u0131yorlar. Ke\u015ffediyorlar, arkada\u015flar\u0131yla tan\u0131\u015f\u0131yorlar, \u015fark\u0131lar s\u00f6yl\u00fcyorlar. \u00c7ocuklar \u00e7ok heyecanl\u0131 geliyorlar. \u0130lk kez okul heyecan\u0131 ya\u015f\u0131yorlar ve yeni bir \u015feyler ke\u015ffetmek i\u00e7in \u00e7ok merakl\u0131lar. Bir s\u00fcr\u00fc sorular soruyorlar, onlarla olmaktan \u00e7ok mutluyuz&#8221; dedi.<br \/>\nKre\u015fe yeni ba\u015flayan miniklerden Ayla Ye\u015filot, &#8220;Mutluyum, say\u0131lar\u0131 \u00f6\u011freniyoruz, resim yapmay\u0131 \u00f6\u011freniyoruz&#8221; derken, Mustafa Eymen Saymaz, &#8220;Deney, sanat etkinlikleri yap\u0131yoruz, dans ediyoruz&#8221; dedi.<br \/>\nEla Seda K\u0131v\u0131lc\u0131m ise mutlulu\u011funu, &#8220;Dans ettim, \u00e7ok heyecanl\u0131y\u0131m&#8221; c\u00fcmleleriyle payla\u015ft\u0131.<\/p>\n","protected":false},"excerpt":{"rendered":"<p>Mersin B\u00fcy\u00fck\u015fehir Belediyesi&#8217;nin Adile Teyze ve M\u00fcnir \u00d6zkul kre\u015flerinde, minikler ilk g\u00fcn heyecan\u0131 ya\u015fad\u0131. \u0130lk g\u00fcn birbirleriyle tan\u0131\u015f\u0131p kayna\u015fan minikler, \u00f6\u011fretmenleri e\u015fli\u011finde etkinliklerle e\u011fitime ba\u015flad\u0131. Engelsiz Ya\u015fam Merkezi i\u00e7erisinde yer &hellip; <a href=\"https:\/\/akdenizolaygazetesi.com\/?p=20952\" class=\"more-link\">Devam\u0131n\u0131 Oku&#8230;<\/a><\/p>\n","protected":false},"author":2,"featured_media":20953,"comment_status":"open","ping_status":"open","sticky":false,"template":"","format":"standard","meta":[],"categories":[1,2,3,5],"tags":[],"_links":{"self":[{"href":"https:\/\/akdenizolaygazetesi.com\/index.php?rest_route=\/wp\/v2\/posts\/20952"}],"collection":[{"href":"https:\/\/akdenizolaygazetesi.com\/index.php?rest_route=\/wp\/v2\/posts"}],"about":[{"href":"https:\/\/akdenizolaygazetesi.com\/index.php?rest_route=\/wp\/v2\/types\/post"}],"author":[{"embeddable":true,"href":"https:\/\/akdenizolaygazetesi.com\/index.php?rest_route=\/wp\/v2\/users\/2"}],"replies":[{"embeddable":true,"href":"https:\/\/akdenizolaygazetesi.com\/index.php?rest_route=%2Fwp%2Fv2%2Fcomments&post=20952"}],"version-history":[{"count":1,"href":"https:\/\/akdenizolaygazetesi.com\/index.php?rest_route=\/wp\/v2\/posts\/20952\/revisions"}],"predecessor-version":[{"id":20954,"href":"https:\/\/akdenizolaygazetesi.com\/index.php?rest_route=\/wp\/v2\/posts\/20952\/revisions\/20954"}],"wp:featuredmedia":[{"embeddable":true,"href":"https:\/\/akdenizolaygazetesi.com\/index.php?rest_route=\/wp\/v2\/media\/20953"}],"wp:attachment":[{"href":"https:\/\/akdenizolaygazetesi.com\/index.php?rest_route=%2Fwp%2Fv2%2Fmedia&parent=20952"}],"wp:term":[{"taxonomy":"category","embeddable":true,"href":"https:\/\/akdenizolaygazetesi.com\/index.php?rest_route=%2Fwp%2Fv2%2Fcategories&post=20952"},{"taxonomy":"post_tag","embeddable":true,"href":"https:\/\/akdenizolaygazetesi.com\/index.php?rest_route=%2Fwp%2Fv2%2Ftags&post=20952"}],"curies":[{"name":"wp","href":"https:\/\/api.w.org\/{rel}","templated":true}]}}