{"id":20956,"date":"2022-09-14T13:18:01","date_gmt":"2022-09-14T10:18:01","guid":{"rendered":"http:\/\/akdenizolaygazetesi.com\/?p=20956"},"modified":"2022-09-14T13:18:01","modified_gmt":"2022-09-14T10:18:01","slug":"benim-derdim-kamunun-yarari-ve-meclisin-itibari","status":"publish","type":"post","link":"https:\/\/akdenizolaygazetesi.com\/?p=20956","title":{"rendered":"&#8220;BEN\u0130M DERD\u0130M KAMUNUN YARARI VE MECL\u0130S&#8217;\u0130N \u0130T\u0130BARI&#8221;"},"content":{"rendered":"<p>Mersin B\u00fcy\u00fck\u015fehir Belediyesi&#8217;nin Eyl\u00fcl ay\u0131 1. Birle\u015fim Toplant\u0131s\u0131&#8217;nda g\u00fcndem d\u0131\u015f\u0131 konu\u015fmalar\u0131n ard\u0131ndan, birimlerden gelen 25 ve komisyonlara havale edilen 17 olmak \u00fczere toplam 42 madde g\u00f6r\u00fc\u015f\u00fcld\u00fc.<br \/>\nBa\u015fkan Se\u00e7er: &#8220;1\/5 binlik uygulamas\u0131n\u0131 yapabilmemiz i\u00e7in, il\u00e7e belediyesinin k\u0131smi yap\u0131la\u015fma karar\u0131 almas\u0131 gerekir&#8221;<br \/>\nYeniden g\u00f6r\u00fc\u015f\u00fclmek \u00fczere Meclis&#8217;e iade edilen Silifke \u0130l\u00e7esi Ye\u015filovac\u0131k Mahallesi 1\/1000 \u00f6l\u00e7ekli uygulama imar plan\u0131 de\u011fi\u015fikli\u011fine gelen itirazlar\u0131n de\u011ferlendirilmesine ili\u015fkin karar\u0131n yeniden g\u00f6r\u00fc\u015f\u00fclmesi ile ilgili madde hakk\u0131nda \u0131srar karar\u0131 arand\u0131. Meclis&#8217;te konu ile ilgili ya\u015fanan tart\u0131\u015fmalar \u00fczerine konu\u015fan Ba\u015fkan Se\u00e7er,  &#8220;2017 y\u0131l\u0131nda \u00c7evre Bakanl\u0131\u011f\u0131, Tercihli Turizm Alanlar\u0131&#8217;nda turizm alan\u0131 lejant\u0131n\u0131 kald\u0131rd\u0131. Dolay\u0131s\u0131yla, buran\u0131n 1\/5000&#8217;liklerinin yap\u0131lmas\u0131 laz\u0131m. Bunu bizim yapmam\u0131z laz\u0131m. Ancak, il\u00e7e belediyesi orada k\u0131smi yap\u0131la\u015fma karar\u0131 alacak ki, biz buran\u0131n 1\/5000&#8217;li\u011fini yapal\u0131m. B\u00fct\u00fcn mesele burada kilitleniyor. Ben Belediye Ba\u015fkan\u0131 olarak her zaman \u00f6n\u00fcn\u00fcz\u00fc a\u00e7t\u0131m. Silifke bizim il\u00e7emiz. Biz de hizmet etmek i\u00e7in \u00e7aba sarf ediyoruz, gecemizi g\u00fcnd\u00fcz\u00fcm\u00fcze kat\u0131yoruz&#8221; diye konu\u015ftu. Yap\u0131lan m\u00fczakerenin ard\u0131ndan konuyla ilgili \u0131srar karar\u0131 arand\u0131. 41 Meclis \u00fcyesinin oylar\u0131yla mevzuyla ilgili \u0131srar karar\u0131 al\u0131nd\u0131.<br \/>\n&#8220;Ben Meclis&#8217;in itibar\u0131n\u0131 ve sayg\u0131nl\u0131\u011f\u0131n\u0131 korumaya \u00e7al\u0131\u015f\u0131yorum&#8221;<br \/>\nYeni\u015fehir 1. Etap 1\/1000 \u00d6l\u00e7ekli Revizyon Uygulama \u0130mar Plan\u0131&#8217;na gelen itirazlar\u0131n Meclis g\u00fcndemine sunulmas\u0131 \u00fczerine de\u011ferlendirmede bulunan Ba\u015fkan Se\u00e7er, &#8220;Yeni\u015fehir&#8217;de, 3. Etap&#8217;ta bu stat\u00fcde olan yerlere 0.20 emsal verilmi\u015fti ve Meclis&#8217;ten de ge\u00e7mi\u015fti.  Ama bu 1. Etap ve 2. Etap&#8217;ta, \u00f6zellikle 1 buraya geldi, geri gitti, de\u011fi\u015fip geldi. 2 yeni geliyor. O da ona uyarlanm\u0131\u015f, uydurulmu\u015f. \u015eimdi bu tabi teknik ve \u015fekil olarak da tart\u0131\u015fmaya a\u00e7\u0131k bir durum. Bana; emsal oran\u0131n 0.20&#8217;den 0.90&#8217;a \u00e7\u0131kma gerek\u00e7esini bir c\u00fcmleyle s\u00f6ylerseniz, ben de belki ikna olurum. Sizin bu kadar s\u00fcratli karar de\u011fi\u015fikli\u011finizin nedenini ben \u00e7ok merak ediyorum. Bu kararlar\u0131 Belediye Ba\u015fkan\u0131 olarak ben almad\u0131m. Ben bunlar\u0131 geri \u00e7evirdim. Vatanda\u015f\u0131n kafas\u0131nda, &#8216;imar planlar\u0131 teknik olarak tart\u0131\u015f\u0131lmadan, parti merkezlerinde parti yetkililerinin kararlar\u0131 do\u011frultusunda al\u0131n\u0131yor&#8217; gibi bir alg\u0131 olu\u015fuyor. Ki\u015filerin \u00e7areyi parti merkezinde aramalar\u0131 s\u0131k\u0131nt\u0131l\u0131d\u0131r. Ben bunlar\u0131 s\u00f6ylemek zorunday\u0131m. Ben sizin itibar\u0131n\u0131z\u0131 korumaya \u00e7al\u0131\u015f\u0131yorum. Beni yanl\u0131\u015f anlamay\u0131n. Siz beni sahipleneceksiniz, bana sald\u0131rmayacaks\u0131n\u0131z. &#8216;Ba\u015fkan\u0131m\u0131z bu Meclis&#8217;in itibar\u0131n\u0131 koruyor&#8217; diyeceksiniz&#8221; dedi.<\/p>\n<p>&#8220;Ben kimsenin hakk\u0131na tecav\u00fcz edilmesine m\u00fcsaade edemem&#8221;<br \/>\n\u0130mar planlar\u0131 ile ilgili kararlar\u0131n, kafalarda herhangi bir soru i\u015fareti olu\u015fmamas\u0131 i\u00e7in mutlaka oybirli\u011fi ile ge\u00e7mesi gerekti\u011finin alt\u0131n\u0131 bir kez daha \u00e7izen Ba\u015fkan Se\u00e7er, &#8220;Bu kararlar komisyonlarda verilir. Bu kararlar\u0131n Meclis&#8217;ten oy birli\u011fiyle ge\u00e7mesi laz\u0131m. Oy birli\u011fi ile ge\u00e7meyen planlar, \u015faibeli olarak alg\u0131lanabilir. Bu \u00f6nemliydi ve biz bir ay \u00f6ncesine kadar b\u00f6yle geldik. 0.20 rakam\u0131n\u0131 da ben vermedim. Ben bu i\u015fin uzman\u0131 de\u011filim. Bu Meclis&#8217;in itibar\u0131 i\u015fte bu \u015fekilde sars\u0131l\u0131yor. Benim birinci g\u00f6revim kamunun hakk\u0131n\u0131 savunmak, ikinci g\u00f6revim Meclisin itibar\u0131n\u0131 sa\u011flamak ve korumak. Bu tarz alanlar\u0131n toplam\u0131 1. ve 2. etapta toplam 690 d\u00f6n\u00fcml\u00fck bir alan. Yani 0.20&#8217;den 0.90&#8217;a \u00e7\u0131karmak, yakla\u015f\u0131k olarak 500 bin metrekare bir in\u015faat alan\u0131n\u0131n artmas\u0131 demek. Tekrar soruyorum; 1 ay i\u00e7inde karar\u0131n\u0131z\u0131 de\u011fi\u015ftirecek ne oldu? Karar\u0131n\u0131z\u0131 de\u011fi\u015ftirece\u011finizi s\u00f6yleme l\u00fctfunda dahi bulunmad\u0131n\u0131z. Ben belediye ba\u015fkan\u0131 olarak, kendimi kamuoyu \u00f6n\u00fcnde iki paral\u0131k ettirmem. &#8216;Sen istedi\u011fin kadar konu\u015f, benim meclis \u00e7o\u011funlu\u011fum var, karar de\u011fi\u015ftiriyorum&#8217; dedirtmem. Bu konu kamuoyunda tart\u0131\u015f\u0131lacak. Bu art\u0131k benim konum olmaktan \u00e7\u0131kt\u0131, art\u0131k kamuoyunun konusu. Ben kamunun yarar\u0131n\u0131 ve Meclis&#8217;in itibar\u0131n\u0131 korumak zorunday\u0131m. Ge\u00e7en Meclis&#8217;te bana bu konuyu Meclise iade ettiren sizsiniz, sizlere g\u00fcvendim, sizlere inand\u0131m. Katta anla\u015fmazl\u0131k var dediniz, d\u00fczeltece\u011fiz dediniz. Bana emsal demediniz. Bunu da kamuoyu \u00f6n\u00fcnde hayk\u0131r\u0131yorum. Bunu kabul etmem, sonuna kadar da giderim. Planlar gecikirse de gecikir. Ben, kimsenin hakk\u0131na tecav\u00fcz edilmesine m\u00fcsaade edemem&#8221; ifadelerini kulland\u0131.<br \/>\n&#8220;Bu y\u0131l i\u00e7erisinde 12 parsel el de\u011fi\u015ftirmi\u015f&#8221;<br \/>\nS\u00f6z konusu alanda parsellerin, normalden \u00e7ok fazla el de\u011fi\u015ftirmesinin dikkat \u00e7ekici oldu\u011funu kaydeden Ba\u015fkan Se\u00e7er, &#8220;Burada bir hayli el de\u011fi\u015ftirme de var. Yani bu ticarete de konu oluyor. Arsa al\u0131m-sat\u0131m yapanlar\u0131n, 2018 y\u0131l\u0131 sonras\u0131 1\/5.000 \u00f6l\u00e7ekli naz\u0131m imar plan\u0131 ile e\u011fitim-sa\u011fl\u0131k olarak de\u011fi\u015ftirilmesi sonras\u0131nda, 79 adet parsel yani %40&#8217;\u0131 el de\u011fi\u015ftirmi\u015f. Bu y\u0131l i\u00e7erisinde 12 parsel yine el de\u011fi\u015ftirmi\u015f. Hatta bu ay i\u00e7erisinde bile 3-4 parsel yine el de\u011fi\u015ftirmi\u015f ve devam ediyor. Bunlar, Meclis&#8217;ten 0.90 karar\u0131 \u00e7\u0131kacak bilgisi mi ald\u0131lar acaba? Gelin, rant\u0131n tek tarafl\u0131 payla\u015f\u0131lmas\u0131na ya da al\u0131nmas\u0131na hep birlikte engel olal\u0131m. Bu i\u015flerin \u00f6zeti bu. Do\u011fal olarak Cumhuriyet Halk Partisi grubu buna \u015ferh koymu\u015f, ama netice itibar\u0131yla Cumhuriyet Halk Partisi ba\u015ftan beri ne s\u00f6yl\u00fcyorsa onun arkas\u0131nda duruyor&#8221; dedi.<br \/>\n &#8220;Biz bug\u00fcnk\u00fc y\u00f6netime yanl\u0131\u015f yapt\u0131rmadan bunu \u00e7\u00f6zmek istiyoruz&#8221;<br \/>\nRant\u0131n tek tarafl\u0131 olmamas\u0131, adaletli ve hakkaniyetli olmas\u0131n\u0131n yan\u0131 s\u0131ra, kamu yarar\u0131na da uygun da\u011f\u0131t\u0131lmas\u0131 gerekti\u011fini vurgulayan Ba\u015fkan Se\u00e7er, &#8220;Rant\u0131n adaletli da\u011f\u0131t\u0131lmas\u0131 laz\u0131m, onun gayreti i\u00e7inde oldu\u011fumu s\u00f6yledim. Elbette arsalar al\u0131n\u0131r sat\u0131l\u0131r, buna kim kar\u015f\u0131 \u00e7\u0131kar? \u015eimdi mesele \u015fu; asl\u0131nda y\u0131llard\u0131r idareler; konuyu bu \u015fekilde \u00e7\u00f6zece\u011fine, imar de\u011fi\u015fiklikleriyle bir \u015fekilde \u00e7\u00f6zmeye \u00e7al\u0131\u015fm\u0131\u015f. O da i\u015fte emsal y\u00fckseltmelerle mahkemelerden d\u00f6nm\u00fc\u015f ve bug\u00fcnlere gelmi\u015fiz. Bu mesele, bug\u00fcnk\u00fc y\u00f6netimin bir meselesi de\u011fil. Bug\u00fcnk\u00fc y\u00f6netimin kuca\u011f\u0131nda buldu\u011fu bir meseleyi, bug\u00fcnk\u00fc y\u00f6netime yanl\u0131\u015f yapt\u0131rmadan \u00e7\u00f6zmek istiyoruz. Hak sahiplerinin de durumunu d\u00fc\u015f\u00fcn\u00fcyoruz, ama bak\u0131n burada mesele, \u015fu andaki m\u00fclklerin \u00e7ok el de\u011fi\u015ftiren yerler olmas\u0131. Durum farkl\u0131 boyutlara gitmi\u015f. Yani bir \u015fekilde bunlar ticari ama\u00e7l\u0131 al\u0131nm\u0131\u015f, sat\u0131lm\u0131\u015f&#8221; ifadesini kulland\u0131.<\/p>\n<p>&#8220;Al\u0131nan kararlar\u0131n yorumunu Mersin halk\u0131na b\u0131rak\u0131yorum&#8221;<br \/>\n\u0130darenin yapt\u0131\u011f\u0131 t\u00fcm i\u015flemler i\u00e7in yarg\u0131 yolunun a\u00e7\u0131k oldu\u011funu da s\u00f6zlerine ekleyen Ba\u015fkan Se\u00e7er,  &#8220;Ben Meclis&#8217;in iradesine ipotek konamaz diyorum, Meclis&#8217;i savunuyorum. Varsa belediyemle ilgili bildi\u011finiz bilgi, belge yetkililere verirsiniz, gere\u011fi yap\u0131l\u0131r. 11 bin \u00e7al\u0131\u015fanl\u0131 bir belediye y\u00f6netiyor, 16 bin km\u00b2 alana hizmet ediyorum. Varsa ortada bir yanl\u0131\u015fl\u0131k, bana yard\u0131mc\u0131 olursunuz. Bu Meclis&#8217;in g\u00f6revi denetlemedir. Onu da yerine getirin. Meclis sadece parmak kald\u0131rma ve indirme yeri de\u011fil, ayn\u0131 zamanda denetleme yeridir. Neticede buradan \u00e7\u0131kacak kararlar, maddi anlamda baz\u0131 kesimleri ma\u011fdur eder ya da baz\u0131 kesimlere yarar sa\u011flar, ama siyasi anlamda bu i\u015ften zarar g\u00f6recek ki\u015filerin ba\u015f\u0131nda Ba\u015fkan gelir ve sonra Meclis gelir. Dolay\u0131s\u0131yla il\u00e7e belediye ba\u015fkan\u0131 ile ilgili de\u011ferlendirmelerinize, il\u00e7e belediye ba\u015fkan\u0131n\u0131n kendisi yan\u0131t versin. Bundan sonraki s\u00fcreci de kendisi takip edecek, cevab\u0131n\u0131 kendisi verecek. Ben kamuoyunun vicdan\u0131na b\u0131rak\u0131yorum, s\u00f6yleyeceklerimi s\u00f6yledim. Hassasiyetlerimi dile getirdim. Neden bu kadar \u00e7aba sarf etti\u011fimi de s\u00f6yledim. Takdir Meclisin. Al\u0131nacak kararlar\u0131 yorumlamak da, Mersin halk\u0131n\u0131nd\u0131r. 246 itiraz\u0131n 21 maddesi haricindekilere \u015ferh konulmam\u0131\u015f, oy birli\u011fi ile ge\u00e7mi\u015f. Dolay\u0131s\u0131yla 225 maddeyi yani \u015ferh konulmam\u0131\u015f, oy birli\u011fi ile ge\u00e7mi\u015f maddeleri ayr\u0131 oylayaca\u011f\u0131m&#8221; dedi.<br \/>\nYeni\u015fehir I. Etap 1\/1000 \u00d6l\u00e7ekli Revizyon Uygulama \u0130mar Plan\u0131&#8217;na gelen itirazlar ile ilgili olarak, \u00fczerinde \u015ferh bulunmayan toplam 225 madde, komisyondan geldi\u011fi \u015fekliyle oylamaya sunuldu ve oy birli\u011fiyle kabul edildi. Cumhuriyet Halk Partili komisyon \u00fcyelerinin \u015ferhi olan 21 maddelik k\u0131s\u0131m da komisyondan geldi\u011fi \u015fekliyle oyland\u0131 ve Cumhur \u0130ttifak\u0131 Meclis \u00fcyeleri taraf\u0131ndan oy \u00e7oklu\u011fuyla kabul edildi.<br \/>\nYeni\u015fehir II. Etap 1\/1000 \u00d6l\u00e7ekli Revizyon Uygulama \u0130mar Plan\u0131 ile 1\/5000 \u00d6l\u00e7ekli Naz\u0131m \u0130mar Plan\u0131 Revizyonu&#8217;na gelen itirazlar ile ilgili \u0130mar ve Bay\u0131nd\u0131rl\u0131k Komisyonu, \u00c7evre ve Sa\u011fl\u0131k Komisyonu, Ula\u015f\u0131m Komisyonu ile Kamu ve \u00d6zel Sekt\u00f6r Yat\u0131r\u0131mlar\u0131 Koordine ve \u0130zleme Komisyonu&#8217;na m\u00fc\u015ftereken havale edilen konu da Meclis toplant\u0131s\u0131nda g\u00f6r\u00fc\u015f\u00fcld\u00fc. \u0130lgili maddenin 50 maddelik k\u0131sm\u0131nda \u015ferh vard\u0131 ve 323 maddeye de \u015ferh konulmam\u0131\u015ft\u0131. Komisyonda oy birli\u011fiyle ge\u00e7en 323 madde, oy \u00e7oklu\u011fuyla kabul edildi. \u015eerh konulan 50 itiraz da komisyondan geldi\u011fi \u015fekliyle oyland\u0131 ve Cumhur \u0130ttifak\u0131 Meclis \u00fcyeleri taraf\u0131ndan oy \u00e7oklu\u011fuyla kabul edildi.<\/p>\n","protected":false},"excerpt":{"rendered":"<p>Mersin B\u00fcy\u00fck\u015fehir Belediyesi&#8217;nin Eyl\u00fcl ay\u0131 1. Birle\u015fim Toplant\u0131s\u0131&#8217;nda g\u00fcndem d\u0131\u015f\u0131 konu\u015fmalar\u0131n ard\u0131ndan, birimlerden gelen 25 ve komisyonlara havale edilen 17 olmak \u00fczere toplam 42 madde g\u00f6r\u00fc\u015f\u00fcld\u00fc. Ba\u015fkan Se\u00e7er: &#8220;1\/5 binlik &hellip; <a href=\"https:\/\/akdenizolaygazetesi.com\/?p=20956\" class=\"more-link\">Devam\u0131n\u0131 Oku&#8230;<\/a><\/p>\n","protected":false},"author":2,"featured_media":20957,"comment_status":"open","ping_status":"open","sticky":false,"template":"","format":"standard","meta":[],"categories":[34,2,3,5],"tags":[],"_links":{"self":[{"href":"https:\/\/akdenizolaygazetesi.com\/index.php?rest_route=\/wp\/v2\/posts\/20956"}],"collection":[{"href":"https:\/\/akdenizolaygazetesi.com\/index.php?rest_route=\/wp\/v2\/posts"}],"about":[{"href":"https:\/\/akdenizolaygazetesi.com\/index.php?rest_route=\/wp\/v2\/types\/post"}],"author":[{"embeddable":true,"href":"https:\/\/akdenizolaygazetesi.com\/index.php?rest_route=\/wp\/v2\/users\/2"}],"replies":[{"embeddable":true,"href":"https:\/\/akdenizolaygazetesi.com\/index.php?rest_route=%2Fwp%2Fv2%2Fcomments&post=20956"}],"version-history":[{"count":1,"href":"https:\/\/akdenizolaygazetesi.com\/index.php?rest_route=\/wp\/v2\/posts\/20956\/revisions"}],"predecessor-version":[{"id":20958,"href":"https:\/\/akdenizolaygazetesi.com\/index.php?rest_route=\/wp\/v2\/posts\/20956\/revisions\/20958"}],"wp:featuredmedia":[{"embeddable":true,"href":"https:\/\/akdenizolaygazetesi.com\/index.php?rest_route=\/wp\/v2\/media\/20957"}],"wp:attachment":[{"href":"https:\/\/akdenizolaygazetesi.com\/index.php?rest_route=%2Fwp%2Fv2%2Fmedia&parent=20956"}],"wp:term":[{"taxonomy":"category","embeddable":true,"href":"https:\/\/akdenizolaygazetesi.com\/index.php?rest_route=%2Fwp%2Fv2%2Fcategories&post=20956"},{"taxonomy":"post_tag","embeddable":true,"href":"https:\/\/akdenizolaygazetesi.com\/index.php?rest_route=%2Fwp%2Fv2%2Ftags&post=20956"}],"curies":[{"name":"wp","href":"https:\/\/api.w.org\/{rel}","templated":true}]}}