{"id":20963,"date":"2022-09-15T12:27:52","date_gmt":"2022-09-15T09:27:52","guid":{"rendered":"http:\/\/akdenizolaygazetesi.com\/?p=20963"},"modified":"2022-09-15T12:27:52","modified_gmt":"2022-09-15T09:27:52","slug":"toroslarda-hareket-dolu-hafta","status":"publish","type":"post","link":"https:\/\/akdenizolaygazetesi.com\/?p=20963","title":{"rendered":"TOROSLAR&#8217;DA HAREKET DOLU HAFTA"},"content":{"rendered":"<p>Toroslar Belediyesi, 16-22 Eyl\u00fcl tarihleri aras\u0131nda kutlanan Avrupa Hareketlilik Haftas\u0131 kapsam\u0131nda dolu dolu bir aktivite program\u0131 haz\u0131rlad\u0131.<\/p>\n<p>2019 y\u0131l\u0131nda aktif kat\u0131l\u0131m\u0131yla &#8220;Avrupa Hareketlilik Haftas\u0131 Ulusal \u00d6d\u00fcl\u00fcn\u00fc&#8221; alan Toroslar Belediyesi; spor yapmay\u0131, y\u00fcr\u00fcmeyi ve bisiklete binmeyi \u00f6zendirici etkinlikleriyle bu y\u0131l da Mersin&#8217;de fark\u0131ndal\u0131k yaratacak.<\/p>\n<p>T\u00fcrkiye Belediyeler Birli\u011fi&#8217;nin ulusal koordinat\u00f6rl\u00fc\u011f\u00fcnde ve Avrupa Birli\u011fi T\u00fcrkiye Delegasyonu&#8217;nun deste\u011fiyle s\u00fcrd\u00fcr\u00fclen Avrupa Hareketlilik Haftas\u0131&#8217;n\u0131n bu y\u0131lki temas\u0131;  &#8220;Daha \u0130yi Ba\u011flant\u0131lar&#8221; olarak belirlendi.<\/p>\n<p>Toroslar Belediyesi de sa\u011fl\u0131kl\u0131 ve s\u00fcrd\u00fcr\u00fclebilir bir kent ya\u015fam\u0131 i\u00e7in 22 Eyl\u00fcl&#8217;e kadar devam edecek olan Avrupa Hareketlilik Haftas\u0131&#8217;nda sa\u011fl\u0131kl\u0131, g\u00fcvenli ve su\u0308rdu\u0308ru\u0308lebilir ula\u015f\u0131m faaliyetleri ile yer alacak.<\/p>\n<p>Toroslar Belediye Ba\u015fkan\u0131 Ats\u0131z Af\u015f\u0131n Y\u0131lmaz da &#8220;\u00c7e\u015fitlendir ve Devam Et!&#8221; slogan\u0131yla ger\u00e7ekle\u015fecek etkinliklere kat\u0131larak hareketlili\u011fe dikkat \u00e7ekecek.<\/p>\n<p>&#8220;Arabas\u0131z G\u00fcn Etkinli\u011fi&#8217;nde G\u00fcneykent Mahallesi Trafi\u011fe Kapat\u0131lacak&#8221;<\/p>\n<p>Etkinlikler; 16 Eyl\u00fcl Cuma g\u00fcn\u00fc saat 12.00&#8217;da Halkkent Mahallesi&#8217;nde bulunan 1000 ki\u015filik Spor Salonu&#8217;nda Masa Tenisi ve Dart Turnuvas\u0131 ile ba\u015flayacak.<\/p>\n<p>Belediye, yine 16 Eyl\u00fcl Cuma g\u00fcn\u00fc 15.00-19.00 saatleri aras\u0131nda ger\u00e7ekle\u015ftirece\u011fi Arabas\u0131z G\u00fcn Etkinli\u011fi i\u00e7in G\u00fcneykent Mahallesi&#8217;ni trafi\u011fe kapatacak.<\/p>\n<p>\u00c2\u015f\u0131k Veysel Caddesi \u00fczerinde d\u00fczenlenecek programda, \u00e7ocuklar ve mahalle sakinleri bir\u00e7ok sportif ve e\u011flenceli aktivitelerle bulu\u015facak. Etkinlik ile bireysel ara\u00e7lar yerine alternatif ula\u015f\u0131m metotlar\u0131n\u0131n kullan\u0131lmas\u0131na te\u015fvik edilecek.<\/p>\n<p>&#8220;Bisiklet S\u00fcr\u00fc\u015f\u00fcnden, Tenis ve Dart Turnuvas\u0131na Kadar Dolu Dolu Ge\u00e7ecek&#8221;<\/p>\n<p>Hafta kapsam\u0131nda d\u00fczenlenecek Bisiklet S\u00fcr\u00fc\u015f Etkinli\u011fi ise 17 Eyl\u00fcl Cumartesi g\u00fcn\u00fc saat 15.30&#8217;da Yenik\u00f6y ve K\u0131z\u0131lge\u00e7it Mahalleleri aras\u0131ndaki g\u00fczergahta yap\u0131lacak. Bisiklet s\u00fcr\u00fc\u015f etkinli\u011fine kat\u0131lacak sporcular, 14.00-14.30 saatleri aras\u0131nda \u00d6zgecan Aslan Meydan\u0131 ile Toroslar Belediyesi Ana Hizmet Binas\u0131 \u00f6n\u00fcnde toplanacak.<\/p>\n<p>Program; 18 Eyl\u00fcl Pazar g\u00fcn\u00fc saat 16.00&#8217;da \u00c7a\u011fda\u015fkent Mahallesi&#8217;ndeki 3 Ocak Spor Kompleksi&#8217;nde Kort Tenis Turnuvas\u0131 Ba\u015flang\u0131c\u0131, 19 Eyl\u00fcl Pazartesi g\u00fcn\u00fc saat 09.30&#8217;da Nevin Yan\u0131t Spor Kompleksi&#8217;nde \u00f6zel sporcularla etkinlik, 20 Eyl\u00fcl Sal\u0131 g\u00fcn\u00fc saat 09.30&#8217;da Halkkent Mahallesi 1000 ki\u015filik Spor Salonu&#8217;nda Masa Tenisi ve Dart Turnuvas\u0131 Eleme M\u00fcsabakalar\u0131, 21 Eyl\u00fcl \u00c7ar\u015famba g\u00fcn\u00fc saat 12.00&#8217;da Halkkent Mahallesi 1000 ki\u015filik Spor Salonu&#8217;nda Masa Tenisi ve Dart Turnuvas\u0131 Finalleri ile saat 16.00&#8217;da 3 Ocak Spor Kompleksi&#8217;nde Kort Tenis Turnuvas\u0131 Finali ve saat 17.00&#8217;da Osmaniye Semt Sahas\u0131&#8217;nda Halat \u00c7ekme Yar\u0131\u015fmas\u0131 ile devam edecek.<\/p>\n<p>&#8220;Avrupa Hareketlilik Haftas\u0131, Ba\u015far\u0131l\u0131 Sporcularla Ta\u00e7lanacak&#8221;<\/p>\n<p>Gelecek nesillere daha sa\u011fl\u0131kl\u0131 bir \u00e7evre b\u0131rakmak ve hareketli ya\u015fama fark\u0131ndal\u0131k olu\u015fturmak amac\u0131yla d\u00fczenlenecek etkinliklerde ba\u015far\u0131l\u0131 sporcular ve antren\u00f6rler de unutulmad\u0131.<\/p>\n<p>Toroslar&#8217;da Avrupa Hareketlilik Haftas\u0131, ba\u015far\u0131l\u0131 sporcu ve antren\u00f6rler i\u00e7in d\u00fczenlenecek \u00f6d\u00fcl t\u00f6reni ile sona erecek. Toroslar Belediyesi&#8217;nin ba\u015far\u0131l\u0131 sporcular\u0131 Mersinlilerle bulu\u015fturaca\u011f\u0131 \u00f6d\u00fcl t\u00f6reni, 22 Eyl\u00fcl Per\u015fembe g\u00fcn\u00fc saat 14.00&#8217;da Yunus Emre K\u00fclt\u00fcr Merkezi&#8217;nde yap\u0131lacak.<\/p>\n<p>Ba\u015fkan Y\u0131lmaz: &#8220;Hem E\u011flenceli Hem de Sa\u011fl\u0131kl\u0131 Bir Hafta Ge\u00e7irece\u011fiz&#8221;<\/p>\n<p>Toroslar Belediye Ba\u015fkan Ats\u0131z Af\u015f\u0131n Y\u0131lmaz, 3 y\u0131ld\u0131r kat\u0131l\u0131m g\u00f6sterdikleri Avrupa Hareketlilik Haftas\u0131&#8217;n\u0131n bu y\u0131l da Toroslar&#8217;da dolu dolu ge\u00e7ece\u011fini s\u00f6yleyerek, t\u00fcm hem\u015fehrilerini etkinliklere davet etti.<\/p>\n<p>Ba\u015fkan Y\u0131lmaz; &#8220;Her y\u0131l 16-22 Eyl\u00fcl tarihleri aras\u0131nda d\u00fcnyan\u0131n her yerinde kutlanan Avrupa Hareketlilik Haftas\u0131&#8217;na Toroslar Belediyesi olarak bu y\u0131l da kat\u0131larak, dolu dolu etkinlikler haz\u0131rlad\u0131k. Etkinliklerimize kat\u0131lacak 7&#8217;den 70&#8217;e herkes hem e\u011flenceli hem de sa\u011fl\u0131kl\u0131 bir hafta ge\u00e7irecek. Bu organizasyonda yer almaktan dolay\u0131 b\u00fcy\u00fck mutluluk duyuyoruz. T\u00fcm T\u00fcrkiye&#8217;ye ve Mersin&#8217;e birlikte spor yapal\u0131m ve birlikte bisiklet s\u00fcrelim diyorum&#8221; \u015feklinde konu\u015ftu.<\/p>\n","protected":false},"excerpt":{"rendered":"<p>Toroslar Belediyesi, 16-22 Eyl\u00fcl tarihleri aras\u0131nda kutlanan Avrupa Hareketlilik Haftas\u0131 kapsam\u0131nda dolu dolu bir aktivite program\u0131 haz\u0131rlad\u0131. 2019 y\u0131l\u0131nda aktif kat\u0131l\u0131m\u0131yla &#8220;Avrupa Hareketlilik Haftas\u0131 Ulusal \u00d6d\u00fcl\u00fcn\u00fc&#8221; alan Toroslar Belediyesi; spor &hellip; <a href=\"https:\/\/akdenizolaygazetesi.com\/?p=20963\" class=\"more-link\">Devam\u0131n\u0131 Oku&#8230;<\/a><\/p>\n","protected":false},"author":2,"featured_media":20964,"comment_status":"open","ping_status":"open","sticky":false,"template":"","format":"standard","meta":[],"categories":[3,10],"tags":[],"_links":{"self":[{"href":"https:\/\/akdenizolaygazetesi.com\/index.php?rest_route=\/wp\/v2\/posts\/20963"}],"collection":[{"href":"https:\/\/akdenizolaygazetesi.com\/index.php?rest_route=\/wp\/v2\/posts"}],"about":[{"href":"https:\/\/akdenizolaygazetesi.com\/index.php?rest_route=\/wp\/v2\/types\/post"}],"author":[{"embeddable":true,"href":"https:\/\/akdenizolaygazetesi.com\/index.php?rest_route=\/wp\/v2\/users\/2"}],"replies":[{"embeddable":true,"href":"https:\/\/akdenizolaygazetesi.com\/index.php?rest_route=%2Fwp%2Fv2%2Fcomments&post=20963"}],"version-history":[{"count":1,"href":"https:\/\/akdenizolaygazetesi.com\/index.php?rest_route=\/wp\/v2\/posts\/20963\/revisions"}],"predecessor-version":[{"id":20965,"href":"https:\/\/akdenizolaygazetesi.com\/index.php?rest_route=\/wp\/v2\/posts\/20963\/revisions\/20965"}],"wp:featuredmedia":[{"embeddable":true,"href":"https:\/\/akdenizolaygazetesi.com\/index.php?rest_route=\/wp\/v2\/media\/20964"}],"wp:attachment":[{"href":"https:\/\/akdenizolaygazetesi.com\/index.php?rest_route=%2Fwp%2Fv2%2Fmedia&parent=20963"}],"wp:term":[{"taxonomy":"category","embeddable":true,"href":"https:\/\/akdenizolaygazetesi.com\/index.php?rest_route=%2Fwp%2Fv2%2Fcategories&post=20963"},{"taxonomy":"post_tag","embeddable":true,"href":"https:\/\/akdenizolaygazetesi.com\/index.php?rest_route=%2Fwp%2Fv2%2Ftags&post=20963"}],"curies":[{"name":"wp","href":"https:\/\/api.w.org\/{rel}","templated":true}]}}