{"id":20966,"date":"2022-09-15T12:29:45","date_gmt":"2022-09-15T09:29:45","guid":{"rendered":"http:\/\/akdenizolaygazetesi.com\/?p=20966"},"modified":"2022-09-15T12:29:45","modified_gmt":"2022-09-15T09:29:45","slug":"ahilik-bu-kadim-topraklarin-dunyada-biraktigi-bir-izdir","status":"publish","type":"post","link":"https:\/\/akdenizolaygazetesi.com\/?p=20966","title":{"rendered":"&#8220;AH\u0130L\u0130K BU KAD\u0130M TOPRAKLARIN D\u00dcNYADA BIRAKTI\u011eI B\u0130R \u0130ZD\u0130R&#8221;"},"content":{"rendered":"<p>Bu y\u0131l 29.&#8217;su ger\u00e7ekle\u015ftirilen Ahilik Haftas\u0131 Kutlama T\u00f6renleri, Mersin B\u00fcy\u00fck\u015fehir Belediyesi Kongre ve Sergi Saray\u0131&#8217;nda ger\u00e7ekle\u015fti. T\u00f6rene Mersin Valisi Ali Hamza Pehlivan, Mersin B\u00fcy\u00fck\u015fehir Belediye Ba\u015fkan\u0131 Vahap Se\u00e7er, Mersin ESOB Ba\u015fkan\u0131 Talat Din\u00e7er, MTSO Ba\u015fkan\u0131 Ayhan K\u0131z\u0131ltan, milletvekilleri, esnaflar ve \u00f6\u011frenciler kat\u0131ld\u0131.<\/p>\n<p>T\u00f6rende konu\u015fan Mersin Valisi Ali Hamza Pehlivan, Ahilik K\u00fclt\u00fcr\u00fc&#8217;n\u00fcn T\u00fcrk milleti taraf\u0131ndan insanl\u0131\u011fa sunuldu\u011funu belirterek, &#8220;\u00c7\u0131k\u0131\u015f noktas\u0131 esnafl\u0131k olmakla birlikte, b\u00fct\u00fcn insanl\u0131\u011f\u0131 i\u00e7ine alan bir yap\u0131ya sahip oldu\u011fu i\u00e7indir ki, uzun y\u0131llar hem kendi milletimiz hem de b\u00fct\u00fcn d\u00fcnya toplumlar\u0131 i\u00e7in \u00f6rnek te\u015fkil etmi\u015ftir. \u0130limin irfanla, ticaretin ahlakla birle\u015fti\u011fi bir yap\u0131d\u0131r Ahilik. Akl\u0131 \u00f6n planda tutar, ilimi, bilimi \u00f6n planda tutar, ki\u015filerin olgunlu\u011funu ve g\u00fczel ahlak\u0131n\u0131 da \u00f6n planda tutar&#8221; dedi.<\/p>\n<p>Ba\u015fkan Vahap Se\u00e7er ise yapt\u0131\u011f\u0131 konu\u015fmada Ahilik k\u00fclt\u00fcr\u00fcn\u00fcn y\u00fczy\u0131llar \u00f6ncesine dayand\u0131\u011f\u0131n\u0131 s\u00f6yledi. Kendisinin de k\u00fc\u00e7\u00fck ya\u015flarda annesi taraf\u0131ndan bir kundura ustas\u0131na \u00e7\u0131rak olarak g\u00f6t\u00fcr\u00fcld\u00fc\u011f\u00fcn\u00fc anlatan Ba\u015fkan Se\u00e7er, &#8220;Annem bana &#8216;Okuyacaks\u0131n, okula gideceksin ama okuyamazsan bir meslek sahibi olacaks\u0131n&#8217; dedi. Ger\u00e7ekten hayatta do\u011frulu\u011fu, d\u00fcr\u00fcstl\u00fc\u011f\u00fc, ho\u015fg\u00f6r\u00fcy\u00fc, yard\u0131mla\u015fmay\u0131, insan sevgisini, b\u00fcy\u00fc\u011fe sayg\u0131y\u0131, k\u00fc\u00e7\u00fc\u011fe sevgiyi, o k\u00fclt\u00fcr\u00fc orada ald\u0131m&#8221; dedi.<\/p>\n<p>&#8220;Ahilik k\u00fclt\u00fcr\u00fc, bu kadim topraklar\u0131n d\u00fcnyada b\u0131rakt\u0131\u011f\u0131 bir izdir&#8221;<\/p>\n<p>Ahilik k\u00fclt\u00fcr\u00fcn\u00fcn, bu kadim topraklar\u0131n d\u00fcnyaya b\u0131rakt\u0131\u011f\u0131 bir iz oldu\u011funu s\u00f6yleyen Ba\u015fkan Se\u00e7er; sadece esnaf olman\u0131n, meslek erbab\u0131 olman\u0131n, y\u00fcksek bir g\u00f6revde bulunman\u0131n insan\u0131 k\u00e2mil insan, d\u00f6rt d\u00f6rtl\u00fck insan yapmayaca\u011f\u0131n\u0131 kaydetti. Bunlar i\u00e7in baz\u0131 erdemler gerekti\u011fini belirten Ba\u015fkan Se\u00e7er, &#8220;\u0130\u015fte Ahilik k\u00fclt\u00fcr\u00fcn\u00fcn i\u00e7erisinde tam da bu var. Onun i\u00e7in buras\u0131 Anadolu. Onun i\u00e7in Anadolu dedi\u011fimiz zaman \u00e7ok farkl\u0131 renklerin, \u00e7ok farkl\u0131 k\u00fclt\u00fcrlerin olu\u015fturdu\u011fu muazzam bir c\u00fcmb\u00fc\u015f \u00e7\u0131k\u0131yor kar\u015f\u0131m\u0131za. Mersin de bu y\u00f6n\u00fcyle, Anadolu&#8217;nun \u00f6zeti. Biz o y\u00fczden Mersin&#8217;de karde\u015f\u00e7e, ho\u015fg\u00f6r\u00fcyle, sevgiyle ya\u015f\u0131yoruz. Oysa Mersin&#8217;e d\u0131\u015far\u0131dan bakanlar \u00e7ok farkl\u0131 beklentiler i\u00e7indeler. Do\u011fulusu bat\u0131l\u0131s\u0131, kuzeylisi g\u00fcneylisi hi\u00e7bir fark\u0131m\u0131z yok. Renk, mezhep, me\u015frep, etnik k\u00f6ken, siyasi g\u00f6r\u00fc\u015f ayr\u0131m\u0131m\u0131z yok. Ahilik k\u00fclt\u00fcr\u00fc, bug\u00fcnk\u00fc ya\u015fant\u0131m\u0131z\u0131n \u00e7imentosu. Bizi bir arada tutan unsurlar zaten bunlar&#8221; diye konu\u015ftu.<\/p>\n<p>&#8220;Esnaf\u0131n oldu\u011fu yerde d\u00fczen, dirlik, bereket olur&#8221;<\/p>\n<p>Kentin Belediye Ba\u015fkan\u0131 olarak esnafla hep i\u00e7 i\u00e7e oldu\u011funu belirten ve bu durumun o k\u00fclt\u00fcrle b\u00fcy\u00fcmenin verdi\u011fi bir \u00f6zellik olabilece\u011fini ifade eden Ba\u015fkan Se\u00e7er, &#8220;Onlar\u0131 daha iyi anlayabiliyoruz, her zaman kap\u0131m\u0131z a\u00e7\u0131k oldu. Bug\u00fcne kadar oldu\u011fu gibi, bundan sonra da mutlaka devam edecek. \u00c7\u00fcnk\u00fc bu i\u00e7ten gelen bir duygu. Siyaseten, rol icab\u0131 yap\u0131lm\u0131\u015f bir birliktelik de\u011fil. Mersin&#8217;deki 70 bin esnaf\u0131m\u0131z; hem ekonominin lokomotifi, hem de sokaktaki asayi\u015fi berkemal eden bir sistem b\u00fct\u00fcn\u00fc. Kimse, i\u015fin bu y\u00f6n\u00fcn\u00fcn fark\u0131nda de\u011fil. Esnaf\u0131n oldu\u011fu yerde d\u00fczen olur, dirlik olur, bereket olur. \u00c7\u00fcnk\u00fc bunlar \u00e7al\u0131\u015fan, \u00fcreten, al\u0131n teri d\u00f6ken insanlar&#8221; dedi.<\/p>\n<p>&#8220;Projelerimizde, k\u00fc\u00e7\u00fck esnaf\u0131 korumaya \u00f6zen g\u00f6steriyoruz &#8221;<\/p>\n<p>G\u00fcn\u00fcm\u00fczde esnaflar\u0131n sorunlar\u0131 oldu\u011funu ve \u00e7\u00f6z\u00fcm\u00fcn siyaset m\u00fcessesesi taraf\u0131ndan hayata ge\u00e7irilmesi gerekti\u011fine dikkat \u00e7eken Ba\u015fkan Vahap Se\u00e7er, &#8220;Meclis&#8217;te parlamenterler, esnaf\u0131m\u0131z\u0131n ad\u0131na uygun olan d\u00fczenlemeleri yapmak i\u00e7in mutlaka fikirlerini ortaya koyuyorlar. Ancak mevcut yasalar ve kendi anlay\u0131\u015f\u0131m \u00e7er\u00e7evesinde, biz de yerel y\u00f6netim olarak Mersin esnaf\u0131na katk\u0131 yapabiliriz ve yap\u0131yoruz da. Uygulamaya koydu\u011fumuz bir\u00e7ok projede, esnaf\u0131m\u0131z\u0131 d\u00e2hil edece\u011fimiz bir ortam varsa, mutlaka d\u00e2hil ediyoruz.<br \/>\n\u00d6rne\u011fin, gelir d\u00fczeyi d\u00fc\u015f\u00fck olan insanlar\u0131m\u0131za her ay katk\u0131 sundu\u011fumuz Halk Kart uygulamas\u0131n\u0131, esnaflar\u0131m\u0131z \u00fczerinden yapt\u0131k. \u015eu anda her ay 2 milyon 51 bin lira, dar gelirli vatanda\u015flar\u0131m\u0131z\u0131n hesab\u0131na yat\u0131yor. 1 Ocak itibariyle bu iki kat\u0131na \u00e7\u0131kacak ve 4 milyon lira olacak. Her ay bu vatanda\u015flar\u0131m\u0131z\u0131n sadece g\u0131da t\u00fcketimlerinden faydalanmas\u0131 i\u00e7in gerekli olan bu para, esnaflar\u0131m\u0131z\u0131n kasas\u0131na giriyor. \u00c7\u00fcnk\u00fc biz ko\u015ful koymu\u015fuz; bu verdi\u011fimiz kart sadece k\u00fc\u00e7\u00fck esnafta ge\u00e7erli diye. Ama\u00e7 k\u00fc\u00e7\u00fck esnaf\u0131 korumak de\u011fil mi zaten?<br \/>\nAVM y\u00f6neticileri bu anlamda bana k\u0131z\u0131yor, vars\u0131n k\u0131zs\u0131nlar; ben bir kentte f\u00fctursuzca ve \u015fuursuzca AVM&#8217;lerin \u00e7o\u011falmas\u0131na kar\u015f\u0131y\u0131m. K\u00fc\u00e7\u00fck esnaf\u0131 korumam\u0131z laz\u0131m.  Onun i\u00e7in \u00e7ar\u015f\u0131 merkezinde yeni d\u00fczenlemeler yapma gayreti i\u00e7erisindeyiz. \u00c7ar\u015f\u0131y\u0131 eski Mersin havas\u0131na b\u00fcr\u00fcnd\u00fcrelim, insanlar\u0131m\u0131z \u00e7ar\u015f\u0131ya gelsin, esnaf\u0131m\u0131zdan al\u0131\u015fveri\u015f yaps\u0131n. K\u00fc\u00e7\u00fck sanayiyi geli\u015ftirelim. \u015eimdiden bunlar\u0131n altyap\u0131s\u0131n\u0131 kural\u0131m. Bir katk\u0131m\u0131z olsun diye u\u011fra\u015f i\u00e7erisindeyiz&#8221; ifadelerini kulland\u0131.<\/p>\n<p>&#8220;Kalifiye eleman bulmakta b\u00fct\u00fcn i\u015fletmeler s\u0131k\u0131nt\u0131 \u00e7ekiyor&#8221;<\/p>\n<p>Meslek liselerinin \u00e7ok daha iyi noktalara gelmesi gerekti\u011fine de dikkat \u00e7eken Ba\u015fkan Se\u00e7er, &#8220;Hem m\u00fcfredat olarak, hem de say\u0131sal olarak \u00e7ok say\u0131da i\u015fsizimiz var. Ama maalesef i\u015fletmeler, kalifiye eleman bulmakta da s\u0131k\u0131nt\u0131 \u00e7ekiyor.  \u0130yi bir kaynak ustas\u0131, iyi bir motor ustas\u0131, iyi bir ah\u015fap ustas\u0131 bulmakta s\u0131k\u0131nt\u0131 \u00e7ekiliyor. Bu ger\u00e7ekleri de g\u00f6rmemiz laz\u0131m. Biz ba\u015fta MTSO, ESOB, \u0130l Milli E\u011fitim M\u00fcd\u00fcrl\u00fc\u011f\u00fc ile beraber geli\u015ftirdi\u011fimiz projelerde, meslek edindirme konusunda da \u00e7al\u0131\u015fmalar yap\u0131yoruz. \u015eu anda mevcutta hem T\u0131rm\u0131l sanayide, hem de Yeni\u015fehir merkezde meslek edindirme merkezlerimiz var. \u0130ki yeni meslek edindirme merkezi daha a\u00e7\u0131yoruz. Bir tanesi \u00e7ok yak\u0131n bir tarihte Halkkent&#8217;te a\u00e7\u0131lacak. Kaynak ustal\u0131\u011f\u0131ndan ah\u015fap i\u015f\u00e7ili\u011fine, diki\u015f-nak\u0131\u015f kursundan bilgisayar kurslar\u0131na, dil kurslar\u0131na kadar her e\u011fitim veriliyor. Her \u015fey \u00fclkemiz i\u00e7in, her \u015fey insanl\u0131k i\u00e7in, her \u015fey sizler i\u00e7in. Esnaflar\u0131m\u0131za bereketli g\u00fcnler diliyorum, ahilik haftalar\u0131n\u0131 kutluyorum&#8221; dedi.<\/p>\n<p>Konu\u015fmalar\u0131n ard\u0131ndan \u015eed Ku\u015fatma T\u00f6reni ger\u00e7ekle\u015ftirildi. T\u00f6rende Ahilik Kutlamalar\u0131na ve Ahilik De\u011ferlerinin ya\u015fat\u0131lmas\u0131na maddi ve manevi katk\u0131lar\u0131n\u0131 esirgemedi\u011fi i\u00e7in, Mersin ESOB y\u00f6netim kurulunca 2019 y\u0131l\u0131nda kendisine Ahi unvan\u0131 verilen Mersin B\u00fcy\u00fck\u015fehir Belediye Ba\u015fkan\u0131 Vahap Se\u00e7er&#8217;e plaket verildi.<\/p>\n","protected":false},"excerpt":{"rendered":"<p>Bu y\u0131l 29.&#8217;su ger\u00e7ekle\u015ftirilen Ahilik Haftas\u0131 Kutlama T\u00f6renleri, Mersin B\u00fcy\u00fck\u015fehir Belediyesi Kongre ve Sergi Saray\u0131&#8217;nda ger\u00e7ekle\u015fti. T\u00f6rene Mersin Valisi Ali Hamza Pehlivan, Mersin B\u00fcy\u00fck\u015fehir Belediye Ba\u015fkan\u0131 Vahap Se\u00e7er, Mersin ESOB &hellip; <a href=\"https:\/\/akdenizolaygazetesi.com\/?p=20966\" class=\"more-link\">Devam\u0131n\u0131 Oku&#8230;<\/a><\/p>\n","protected":false},"author":2,"featured_media":20967,"comment_status":"open","ping_status":"open","sticky":false,"template":"","format":"standard","meta":[],"categories":[1,2,3,5],"tags":[],"_links":{"self":[{"href":"https:\/\/akdenizolaygazetesi.com\/index.php?rest_route=\/wp\/v2\/posts\/20966"}],"collection":[{"href":"https:\/\/akdenizolaygazetesi.com\/index.php?rest_route=\/wp\/v2\/posts"}],"about":[{"href":"https:\/\/akdenizolaygazetesi.com\/index.php?rest_route=\/wp\/v2\/types\/post"}],"author":[{"embeddable":true,"href":"https:\/\/akdenizolaygazetesi.com\/index.php?rest_route=\/wp\/v2\/users\/2"}],"replies":[{"embeddable":true,"href":"https:\/\/akdenizolaygazetesi.com\/index.php?rest_route=%2Fwp%2Fv2%2Fcomments&post=20966"}],"version-history":[{"count":1,"href":"https:\/\/akdenizolaygazetesi.com\/index.php?rest_route=\/wp\/v2\/posts\/20966\/revisions"}],"predecessor-version":[{"id":20968,"href":"https:\/\/akdenizolaygazetesi.com\/index.php?rest_route=\/wp\/v2\/posts\/20966\/revisions\/20968"}],"wp:featuredmedia":[{"embeddable":true,"href":"https:\/\/akdenizolaygazetesi.com\/index.php?rest_route=\/wp\/v2\/media\/20967"}],"wp:attachment":[{"href":"https:\/\/akdenizolaygazetesi.com\/index.php?rest_route=%2Fwp%2Fv2%2Fmedia&parent=20966"}],"wp:term":[{"taxonomy":"category","embeddable":true,"href":"https:\/\/akdenizolaygazetesi.com\/index.php?rest_route=%2Fwp%2Fv2%2Fcategories&post=20966"},{"taxonomy":"post_tag","embeddable":true,"href":"https:\/\/akdenizolaygazetesi.com\/index.php?rest_route=%2Fwp%2Fv2%2Ftags&post=20966"}],"curies":[{"name":"wp","href":"https:\/\/api.w.org\/{rel}","templated":true}]}}