{"id":20975,"date":"2022-09-15T12:34:28","date_gmt":"2022-09-15T09:34:28","guid":{"rendered":"http:\/\/akdenizolaygazetesi.com\/?p=20975"},"modified":"2022-09-15T12:34:28","modified_gmt":"2022-09-15T09:34:28","slug":"buyuksehir-silifkede-yillarin-sorunu-olan-yola-el-atti","status":"publish","type":"post","link":"https:\/\/akdenizolaygazetesi.com\/?p=20975","title":{"rendered":"B\u00dcY\u00dcK\u015eEH\u0130R, S\u0130L\u0130FKE&#8217;DE YILLARIN SORUNU OLAN YOLA EL ATTI"},"content":{"rendered":"<p>Silifke il\u00e7esine yapt\u0131\u011f\u0131 ziyarette esnaf ve vatanda\u015flarla bir araya gelen Mersin B\u00fcy\u00fck\u015fehir Belediye Ba\u015fkan\u0131 Vahap Se\u00e7er, Kum Mahallesi&#8217;nde tamamlanan altyap\u0131 \u00e7al\u0131\u015fmalar\u0131n\u0131 yerinde inceleyerek, devam eden \u00fcstyap\u0131 \u00e7al\u0131\u015fmalar\u0131 hakk\u0131nda da vatanda\u015flara bilgi verdi. Ba\u015fkan Se\u00e7er, &#8220;Yolun \u00fcstyap\u0131s\u0131 da tamamland\u0131\u011f\u0131nda, konforlu ve rahat bir seyahat olana\u011f\u0131na kavu\u015fmu\u015f olacaks\u0131n\u0131z&#8221; diye konu\u015ftu.<br \/>\nBa\u015fkan Se\u00e7er vatanda\u015flara, &#8220;Sizler i\u00e7in \u00e7al\u0131\u015f\u0131yoruz. \u00c7ocuklar\u0131m\u0131za, torunlar\u0131m\u0131za daha iyi, daha g\u00fczel bir gelecek haz\u0131rlamak i\u00e7in emek sarf ediyoruz. Bizim g\u00f6rev alan\u0131m\u0131zda hi\u00e7bir eksi\u011fimiz kalmaz&#8221; dedi.<br \/>\nBa\u015fkan Se\u00e7er&#8217;e vatanda\u015f bulu\u015fmalar\u0131 ve incelemeleri s\u0131ras\u0131nda CHP Mersin Milletvekilleri Ali Mahir Ba\u015far\u0131r ve Alpay Antmen, CHP Silifke il\u00e7e Ba\u015fkan\u0131 B\u00fcnyamin U\u00e7ar ile b\u00fcrokratlar e\u015flik etti.<br \/>\n\u0130lk durak Akdere ve Ta\u015fucu oldu<br \/>\nBa\u015fkan Se\u00e7er&#8217;in il\u00e7e gezisi program\u0131n\u0131n ilk dura\u011f\u0131, MEDCEM Silifke \u00c7imento Fabrikas\u0131 oldu. Burada Ba\u015fkan Se\u00e7er&#8217;i Fabrika Genel M\u00fcd\u00fcr\u00fc Murat Kahya kar\u015f\u0131lad\u0131. Fabrika sahas\u0131n\u0131 gezen Ba\u015fkan Se\u00e7er, i\u015f\u00e7ilere \u00e7al\u0131\u015fmalar\u0131nda kolayl\u0131klar diledi.<br \/>\nFabrika gezisinin ard\u0131ndan Ba\u015fkan Se\u00e7er, Akdere Mahallesi&#8217;nde vatanda\u015flarla bir araya geldi. Mahalle kahvehanesinde \u00e7ay sohbeti e\u015fli\u011finde, vatanda\u015flar\u0131n sorun ve taleplerini dinleyerek not ald\u0131ran Ba\u015fkan Se\u00e7er, esnaf ve vatanda\u015f bulu\u015fmas\u0131n\u0131 Ta\u015fucu Mahallesi&#8217;nde s\u00fcrd\u00fcrd\u00fc.<br \/>\nKum Mahallesi&#8217;nde altyap\u0131 \u00e7al\u0131\u015fmalar\u0131 tamamland\u0131<br \/>\nBa\u015fkan Se\u00e7er&#8217;in son dura\u011f\u0131 ise Kum Mahallesi oldu. Burada Yusuf \u00d6zlen Caddesi&#8217;nde tamamlanan altyap\u0131 \u00e7al\u0131\u015fmalar\u0131n\u0131 inceleyen Ba\u015fkan Se\u00e7er, halen devam eden \u00fcstyap\u0131 \u00e7al\u0131\u015fmalar\u0131 hakk\u0131nda da vatanda\u015flara bilgi verdi. Vatanda\u015flar, uzun y\u0131llar \u00e7are beklenen yolun yap\u0131m \u00e7al\u0131\u015fmalar\u0131 i\u00e7in Ba\u015fkan Se\u00e7er&#8217;e te\u015fekk\u00fcr ettiler.<br \/>\nKent genelinde altyap\u0131 ve \u00fcstyap\u0131 sorunu bulunan her noktay\u0131, belli bir programa ald\u0131klar\u0131n\u0131 ve s\u0131rayla \u00e7\u00f6zd\u00fcklerini ifade eden Ba\u015fkan Se\u00e7er, Kum Mahallesi&#8217;nde de k\u0131sa s\u00fcre \u00f6nce tamamlanan altyap\u0131 ve devam eden \u00fcstyap\u0131 \u00e7al\u0131\u015fmalar\u0131 hakk\u0131nda vatanda\u015flara bilgi verdi. Ba\u015fkan Se\u00e7er, &#8220;Bu yolun altyap\u0131s\u0131, ya\u011fmursuyu sistemleri hepsi bitirildi. \u00dcstyap\u0131s\u0131 da yap\u0131l\u0131yor. Kald\u0131r\u0131m bittikten sonra, bir kat daha asfalt d\u00f6k\u00fclecek. Bisiklet yollar\u0131 \u00e7izilecek. Trafik i\u015faretlemeleri yap\u0131lacak. Mersin merkezde ve her il\u00e7emizde yapt\u0131\u011f\u0131m\u0131z gibi, sizler de bu kaliteli yolda konforlu bir ula\u015f\u0131m olana\u011f\u0131na kavu\u015fmu\u015f olacaks\u0131n\u0131z. Yollar\u0131n\u0131z pist gibi olacak&#8221; dedi.<br \/>\n&#8220;Kentin her k\u00f6\u015fesine adaletli  ve e\u015fit hizmet g\u00f6t\u00fcr\u00fcyoruz&#8221;<br \/>\n16 bin kilometrekare alana sahip ve T\u00fcrkiye&#8217;nin en geni\u015f co\u011frafyas\u0131na sahip \u015fehirlerinden biri olan Mersin&#8217;in her k\u00f6\u015fesine; ihtiya\u00e7 \u00f6nceli\u011fini de g\u00f6z \u00f6n\u00fcnde bulundurarak adaletli ve e\u015fit hizmet g\u00f6t\u00fcrme gayreti i\u00e7inde olduklar\u0131n\u0131 ve bunun i\u00e7in de gece g\u00fcnd\u00fcz aral\u0131ks\u0131z \u00e7al\u0131\u015ft\u0131klar\u0131n\u0131 vurgulayan Ba\u015fkan Se\u00e7er, &#8220;Sizler i\u00e7in \u00e7al\u0131\u015f\u0131yoruz. \u00c7ocuklar\u0131m\u0131za, torunlar\u0131m\u0131za daha iyi, daha g\u00fczel bir gelecek haz\u0131rlamak i\u00e7in emek sarf ediyoruz. Bizim g\u00f6rev alan\u0131m\u0131zda hi\u00e7bir eksi\u011fimiz kalmaz. Yap\u0131m\u0131 taraf\u0131m\u0131zdan tamamlanan yolunuz, y\u0131llar\u0131n sorunu. Bak\u0131n, birinci s\u0131n\u0131f ya\u011fmur suyu sistemini de yapt\u0131k. Altyap\u0131s\u0131n\u0131 yapt\u0131k. Allah hepinize \u00f6m\u00fcr versin g\u00f6receksiniz, onlarca y\u0131l sa\u011flam kalacak bir sistem kurduk. B\u00f6yle g\u00fczel hizmetler \u00fcretti\u011fimiz zaman, benim \u00e7ok ho\u015fuma gidiyor. G\u00fczel \u015feyler oldu mu inan\u0131n, &#8216;Sabah erken kalkay\u0131m i\u015fime gideyim&#8217; diyorum. Moralim iyi oluyor&#8221; diye konu\u015ftu.<\/p>\n","protected":false},"excerpt":{"rendered":"<p>Silifke il\u00e7esine yapt\u0131\u011f\u0131 ziyarette esnaf ve vatanda\u015flarla bir araya gelen Mersin B\u00fcy\u00fck\u015fehir Belediye Ba\u015fkan\u0131 Vahap Se\u00e7er, Kum Mahallesi&#8217;nde tamamlanan altyap\u0131 \u00e7al\u0131\u015fmalar\u0131n\u0131 yerinde inceleyerek, devam eden \u00fcstyap\u0131 \u00e7al\u0131\u015fmalar\u0131 hakk\u0131nda da vatanda\u015flara &hellip; <a href=\"https:\/\/akdenizolaygazetesi.com\/?p=20975\" class=\"more-link\">Devam\u0131n\u0131 Oku&#8230;<\/a><\/p>\n","protected":false},"author":2,"featured_media":20976,"comment_status":"open","ping_status":"open","sticky":false,"template":"","format":"standard","meta":[],"categories":[34,2,3,5],"tags":[],"_links":{"self":[{"href":"https:\/\/akdenizolaygazetesi.com\/index.php?rest_route=\/wp\/v2\/posts\/20975"}],"collection":[{"href":"https:\/\/akdenizolaygazetesi.com\/index.php?rest_route=\/wp\/v2\/posts"}],"about":[{"href":"https:\/\/akdenizolaygazetesi.com\/index.php?rest_route=\/wp\/v2\/types\/post"}],"author":[{"embeddable":true,"href":"https:\/\/akdenizolaygazetesi.com\/index.php?rest_route=\/wp\/v2\/users\/2"}],"replies":[{"embeddable":true,"href":"https:\/\/akdenizolaygazetesi.com\/index.php?rest_route=%2Fwp%2Fv2%2Fcomments&post=20975"}],"version-history":[{"count":1,"href":"https:\/\/akdenizolaygazetesi.com\/index.php?rest_route=\/wp\/v2\/posts\/20975\/revisions"}],"predecessor-version":[{"id":20977,"href":"https:\/\/akdenizolaygazetesi.com\/index.php?rest_route=\/wp\/v2\/posts\/20975\/revisions\/20977"}],"wp:featuredmedia":[{"embeddable":true,"href":"https:\/\/akdenizolaygazetesi.com\/index.php?rest_route=\/wp\/v2\/media\/20976"}],"wp:attachment":[{"href":"https:\/\/akdenizolaygazetesi.com\/index.php?rest_route=%2Fwp%2Fv2%2Fmedia&parent=20975"}],"wp:term":[{"taxonomy":"category","embeddable":true,"href":"https:\/\/akdenizolaygazetesi.com\/index.php?rest_route=%2Fwp%2Fv2%2Fcategories&post=20975"},{"taxonomy":"post_tag","embeddable":true,"href":"https:\/\/akdenizolaygazetesi.com\/index.php?rest_route=%2Fwp%2Fv2%2Ftags&post=20975"}],"curies":[{"name":"wp","href":"https:\/\/api.w.org\/{rel}","templated":true}]}}