{"id":20981,"date":"2022-09-15T12:38:00","date_gmt":"2022-09-15T09:38:00","guid":{"rendered":"http:\/\/akdenizolaygazetesi.com\/?p=20981"},"modified":"2022-09-15T12:38:00","modified_gmt":"2022-09-15T09:38:00","slug":"secer-uretime-katki-yapacagiz-ama-ne-yaptigimizi-da-bilecegiz","status":"publish","type":"post","link":"https:\/\/akdenizolaygazetesi.com\/?p=20981","title":{"rendered":"SE\u00c7ER: &#8220;\u00dcRET\u0130ME KATKI YAPACA\u011eIZ, AMA NE YAPTI\u011eIMIZI DA B\u0130LECE\u011e\u0130Z&#8221;"},"content":{"rendered":"<p>Mersin B\u00fcy\u00fck\u015fehir Belediyesi, Tar\u0131msal Hizmetler Dairesi koordinesinde \u00fcreticilere destek olmaya ve kent genelinde \u00fcretimi art\u0131rmaya y\u00f6nelik \u00e7al\u0131\u015fmalara devam ediyor. Bu kapsamda Silifke&#8217;de d\u00fczenlenen da\u011f\u0131t\u0131m t\u00f6reniyle, b\u00fcy\u00fckba\u015f hayvan yeti\u015ftiricilerine m\u0131s\u0131r flake yem deste\u011fi sunuldu. Ayr\u0131ca, Erdemlili ve Silifkeli \u00fcreticilere nergis so\u011fan\u0131 ile lavanta fidesi deste\u011fi de verildi. Mersin B\u00fcy\u00fck\u015fehir Belediye Ba\u015fkan\u0131 Vahap Se\u00e7er de t\u00f6rene kat\u0131larak, \u00fcreticilerle bir araya geldi. T\u00f6rende \u00fcreticilere seslenen Ba\u015fkan Se\u00e7er, tar\u0131m alan\u0131nda hayata ge\u00e7irdikleri projeleri anlatt\u0131 ve Mersin i\u00e7in durmaks\u0131z\u0131n \u00e7al\u0131\u015ft\u0131klar\u0131n\u0131 s\u00f6yledi.<br \/>\nT\u00f6rene Ba\u015fkan Se\u00e7er&#8217;in yan\u0131 s\u0131ra CHP Mersin Milletvekilleri Ali Mahir Ba\u015far\u0131r ve Alpay Antmen, CHP Silifke \u0130l\u00e7e Ba\u015fkan\u0131 B\u00fcnyamin U\u00e7ar, Mersin \u0130li Dam\u0131zl\u0131k S\u0131\u011f\u0131r Yeti\u015ftiricileri Birli\u011fi Ba\u015fkan\u0131 Nuri Demirba\u015f, Silifke Ziraat Odas\u0131 Ba\u015fkan\u0131 Cafer Doygun, kooperatif ba\u015fkanlar\u0131, muhtarlar ve \u00e7ok say\u0131da \u00fcretici kat\u0131ld\u0131.<br \/>\n&#8220;Bu b\u00f6lgede 681 yeti\u015ftiriciye toplamda 545 ton yem da\u011f\u0131taca\u011f\u0131z&#8221;<br \/>\n3,5 y\u0131ll\u0131k s\u00fcre boyunca t\u00fcm imkans\u0131zl\u0131klar\u0131 imkana \u00e7evirdiklerini; tar\u0131mda, sosyal politikalarda, altyap\u0131, \u00fcstyap\u0131 yat\u0131r\u0131mlar\u0131nda iddial\u0131 olduklar\u0131n\u0131 belirten Ba\u015fkan Se\u00e7er, &#8220;Bug\u00fcn Silifke&#8217;de 43 mahalleden, 35&#8217;i kad\u0131n 225 b\u00fcy\u00fckba\u015f hayvan yeti\u015ftiricisine 180 ton m\u0131s\u0131r flakes dedi\u011fimiz yem da\u011f\u0131t\u0131m\u0131n\u0131 yap\u0131yoruz. Ge\u00e7en y\u0131l yine s\u0131\u011f\u0131r \u00fcreticilerine silaj da\u011f\u0131t\u0131m\u0131 yapt\u0131k. Ki\u015fi ba\u015f\u0131 da\u011f\u0131taca\u011f\u0131m\u0131z yem miktar\u0131 800 kilogram olacak. Silifke de dahil olmak \u00fczere Erdemli, Mut ve G\u00fclnar&#8217;da toplam 681 b\u00fcy\u00fckba\u015f hayvan yeti\u015ftiricisine, y\u00fczde 50&#8217;si hibe olan bu yemden toplamda 545 ton da\u011f\u0131t\u0131m yapaca\u011f\u0131z&#8221; diye konu\u015ftu.<br \/>\n&#8220;Tar\u0131ma ve hayvanc\u0131l\u0131\u011fa desteklerimiz devam edecek&#8221;<br \/>\nBa\u015fkan Se\u00e7er, nergis so\u011fan\u0131 ve lavanta fidesi da\u011f\u0131t\u0131mlar\u0131n\u0131 da bu y\u0131l Silifke&#8217;den ba\u015flatt\u0131klar\u0131n\u0131 ifade ederek, &#8220;Bu y\u0131l Mersin genelinde 100 bin lavanta fidesi da\u011f\u0131taca\u011f\u0131z. Nergis so\u011fan\u0131 da\u011f\u0131t\u0131mlar\u0131n\u0131 da ger\u00e7ekle\u015ftirece\u011fiz. Bizim katk\u0131lar\u0131m\u0131z bunlarla s\u0131n\u0131rl\u0131 de\u011fil. Tar\u0131mda olduk\u00e7a iddial\u0131y\u0131z. Hayvanc\u0131l\u0131k konusunda bir\u00e7ok belediyenin \u00f6rnek alaca\u011f\u0131 &#8216;Haydi Gel K\u00f6y\u00fcm\u00fcze Geri D\u00f6nelim&#8217; projesini, 3 y\u0131ld\u0131r herhangi bir sorun ya\u015famadan devam ettiriyoruz&#8221; dedi. B\u00f6lgelerin \u00f6zelliklerine g\u00f6re k\u00fc\u00e7\u00fckba\u015f hayvan da\u011f\u0131tt\u0131klar\u0131n\u0131 belirten Ba\u015fkan Se\u00e7er, &#8220;Kaynaklar\u0131m\u0131z\u0131 kesinlikle israf etmeyece\u011fiz. \u00dcretime katk\u0131 yapaca\u011f\u0131z, ama ne yapt\u0131\u011f\u0131m\u0131z\u0131 da bilece\u011fiz. Param\u0131z\u0131 soka\u011fa atmayaca\u011f\u0131z&#8221; dedi.<br \/>\n&#8220;Hedefimiz her y\u0131l 100 km sulama borusu da\u011f\u0131tmak&#8221;<br \/>\nSulama borusu fiyatlar\u0131nda 5-6 kat art\u0131\u015f olmas\u0131na ra\u011fmen, sulama borusu desteklerini de \u00f6nemsediklerini belirten Ba\u015fkan Se\u00e7er, &#8220;Biz hem HDPE boru, hem \u00e7elik boru veriyoruz. Her y\u0131l hedefimiz 100 kilometre sulama borusu da\u011f\u0131tmak. \u00d6nemli olan toprakla suyu bulu\u015fturup daha verimli, daha kaliteli, pazar de\u011feri daha y\u00fcksek \u00fcr\u00fcnler yeti\u015ftirilmesini sa\u011flamak. Bu asl\u0131nda bizim yasal g\u00f6revimiz de\u011fil. Bu yapt\u0131\u011f\u0131m\u0131z; \u00f6zellikle k\u00fc\u00e7\u00fck \u00e7ift\u00e7iye, aile i\u015fletmelerine ve kad\u0131n \u00fcreticilere yapt\u0131\u011f\u0131m\u0131z bir katk\u0131. Bu konuda biz kad\u0131nlara ayr\u0131mc\u0131l\u0131k yap\u0131yoruz. \u00c7\u00fcnk\u00fc, kad\u0131nlar\u0131n \u00e7al\u0131\u015fmas\u0131n\u0131 ve \u00fcretime katk\u0131 sunmas\u0131n\u0131 istiyoruz&#8221; diye konu\u015ftu.<br \/>\nBa\u015far\u0131r: &#8220;Bu g\u00fczel \u00fclkemizi Mersin gibi y\u00f6netece\u011fiz&#8221;<br \/>\nBirlik, beraberlik ve karde\u015flik i\u00e7erisinde ya\u015fayan bir T\u00fcrkiye vurgusuyla konu\u015fmas\u0131na ba\u015flayan CHP Mersin Milletvekili Ali Mahir Ba\u015far\u0131r, &#8220;Bize soruyorlar, &#8216;\u0130ktidara geldi\u011finizde ne yapacaks\u0131n\u0131z?&#8217; diye. Bu g\u00fczel \u00fclkemizi, Mersin gibi y\u00f6netece\u011fiz. Mersin gibi yapaca\u011f\u0131z. Say\u0131n Vahap Se\u00e7er&#8217;den daha \u00f6nemli, daha g\u00fczel bir \u00f6rnek olabilir mi?&#8221; diye konu\u015ftu.<br \/>\nCHP Mersin Milletvekili Alpay Antmen, &#8220;\u0130yi ki Mersin&#8217;de, Belediye Ba\u015fkan\u0131m\u0131z Say\u0131n Vahap Se\u00e7er var. \u00dcreticiye yapt\u0131\u011f\u0131 tar\u0131msal ve zirai desteklerle, sosyal devlet ilkesinin eksikli\u011fini Mersin&#8217;de kapat\u0131yor&#8221; dedi.<br \/>\nDemirba\u015f: &#8220;Girdi fiyatlar\u0131, \u00f6zellikle yem fiyatlar\u0131 \u00e7ok y\u00fcksek&#8221;<br \/>\nMersin \u0130li Dam\u0131zl\u0131k S\u0131\u011f\u0131r Yeti\u015ftiricileri Birli\u011fi Ba\u015fkan\u0131 Nuri Demirba\u015f, &#8220;Yeti\u015ftiricilerimizin en zor d\u00f6nemlerinden birini ya\u015famaktay\u0131z ve girdi fiyatlar\u0131, \u00f6zellikle yem fiyatlar\u0131 \u00e7ok y\u00fcksek. Bu konuda B\u00fcy\u00fck\u015fehir Belediyemizle bu projeyi, ge\u00e7en y\u0131l Tarsus&#8217;ta m\u0131s\u0131r silaj\u0131 olarak yapm\u0131\u015ft\u0131k. Orda g\u00f6rd\u00fc\u011f\u00fcm\u00fcz baz\u0131 zorluklardan dolay\u0131, bu b\u00f6lgemizdeki desteklemeyi m\u0131s\u0131r flakesi \u00fczerinden yapmaya karar verdik&#8221; ifadelerini kulland\u0131.<br \/>\nDoygun: &#8220;Biz \u00e7ift\u00e7iyiz ve inad\u0131na \u00fcretmeye devam edece\u011fiz&#8221;<br \/>\n\u00dcreticiye desteklerinden dolay\u0131 Ba\u015fkan Se\u00e7er&#8217;e te\u015fekk\u00fcr ederek konu\u015fmas\u0131na ba\u015flayan Silifke Ziraat Odas\u0131 Ba\u015fkan\u0131 Cafer Doygun, &#8220;Bizim mesle\u011fimiz \u00fcretmek. \u00c7ift\u00e7iyiz. \u0130nad\u0131na \u00fcretece\u011fiz. Ba\u015fka mesle\u011fimiz yok bizim. Bu karde\u015flerimizin hepsi \u00fcreticidir. B\u00fcy\u00fckba\u015f, k\u00fc\u00e7\u00fckba\u015f, sebze, meyve; hi\u00e7 yapacak bir i\u015fimiz yok bizim. Vatanda\u015f \u00fcretecek, satacak, \u00e7ocu\u011funu okutacak, evlendirecek&#8221; dedi.<br \/>\nY\u00fcksel: &#8220;B\u00fcy\u00fck\u015fehir Belediyesi&#8217;nden \u00e7ok b\u00fcy\u00fck destek ald\u0131k&#8221;<br \/>\n\u00c7alt\u0131bozk\u0131r K\u00f6y\u00fc Tar\u0131msal Kalk\u0131nma Kooperatifi Ba\u015fkan\u0131 Hatice Can Y\u00fcksel, 2018 y\u0131l\u0131nda dernek olarak ba\u015flatt\u0131klar\u0131 lavanta \u00fcretimini anlatarak, &#8220;2020 y\u0131l\u0131nda kooperatife d\u00f6n\u00fc\u015ft\u00fck ve B\u00fcy\u00fck\u015fehir Belediyesi bir distilasyon tesisi hediye etti bize. Distilasyon tesisimizde lavanta ya\u011f\u0131m\u0131zla birlikte 11 \u00e7e\u015fit ya\u011f \u00fcretmekteyiz. Bu \u00e7\u0131kt\u0131\u011f\u0131m\u0131z yolda bize en b\u00fcy\u00fck destek, Mersin B\u00fcy\u00fck\u015fehir Belediyesi taraf\u0131ndan yap\u0131lm\u0131\u015ft\u0131r&#8221; diye konu\u015ftu.<\/p>\n","protected":false},"excerpt":{"rendered":"<p>Mersin B\u00fcy\u00fck\u015fehir Belediyesi, Tar\u0131msal Hizmetler Dairesi koordinesinde \u00fcreticilere destek olmaya ve kent genelinde \u00fcretimi art\u0131rmaya y\u00f6nelik \u00e7al\u0131\u015fmalara devam ediyor. Bu kapsamda Silifke&#8217;de d\u00fczenlenen da\u011f\u0131t\u0131m t\u00f6reniyle, b\u00fcy\u00fckba\u015f hayvan yeti\u015ftiricilerine m\u0131s\u0131r flake &hellip; <a href=\"https:\/\/akdenizolaygazetesi.com\/?p=20981\" class=\"more-link\">Devam\u0131n\u0131 Oku&#8230;<\/a><\/p>\n","protected":false},"author":2,"featured_media":20982,"comment_status":"open","ping_status":"open","sticky":false,"template":"","format":"standard","meta":[],"categories":[1,2,3,5],"tags":[],"_links":{"self":[{"href":"https:\/\/akdenizolaygazetesi.com\/index.php?rest_route=\/wp\/v2\/posts\/20981"}],"collection":[{"href":"https:\/\/akdenizolaygazetesi.com\/index.php?rest_route=\/wp\/v2\/posts"}],"about":[{"href":"https:\/\/akdenizolaygazetesi.com\/index.php?rest_route=\/wp\/v2\/types\/post"}],"author":[{"embeddable":true,"href":"https:\/\/akdenizolaygazetesi.com\/index.php?rest_route=\/wp\/v2\/users\/2"}],"replies":[{"embeddable":true,"href":"https:\/\/akdenizolaygazetesi.com\/index.php?rest_route=%2Fwp%2Fv2%2Fcomments&post=20981"}],"version-history":[{"count":1,"href":"https:\/\/akdenizolaygazetesi.com\/index.php?rest_route=\/wp\/v2\/posts\/20981\/revisions"}],"predecessor-version":[{"id":20983,"href":"https:\/\/akdenizolaygazetesi.com\/index.php?rest_route=\/wp\/v2\/posts\/20981\/revisions\/20983"}],"wp:featuredmedia":[{"embeddable":true,"href":"https:\/\/akdenizolaygazetesi.com\/index.php?rest_route=\/wp\/v2\/media\/20982"}],"wp:attachment":[{"href":"https:\/\/akdenizolaygazetesi.com\/index.php?rest_route=%2Fwp%2Fv2%2Fmedia&parent=20981"}],"wp:term":[{"taxonomy":"category","embeddable":true,"href":"https:\/\/akdenizolaygazetesi.com\/index.php?rest_route=%2Fwp%2Fv2%2Fcategories&post=20981"},{"taxonomy":"post_tag","embeddable":true,"href":"https:\/\/akdenizolaygazetesi.com\/index.php?rest_route=%2Fwp%2Fv2%2Ftags&post=20981"}],"curies":[{"name":"wp","href":"https:\/\/api.w.org\/{rel}","templated":true}]}}