{"id":20987,"date":"2022-09-15T16:26:31","date_gmt":"2022-09-15T13:26:31","guid":{"rendered":"http:\/\/akdenizolaygazetesi.com\/?p=20987"},"modified":"2022-09-15T16:26:31","modified_gmt":"2022-09-15T13:26:31","slug":"cbk-basketbol-okulundan-hayallere-ilk-adim","status":"publish","type":"post","link":"https:\/\/akdenizolaygazetesi.com\/?p=20987","title":{"rendered":"\u00c7BK BASKETBOL OKULU&#8217;NDAN HAYALLERE \u0130LK ADIM"},"content":{"rendered":"<p>\u00c7ukurova Basketbol Kul\u00fcb\u00fc (\u00c7BK) Basketbol Okulu&#8217;nun 5 yetenekli sporcusu, antren\u00f6rlerin onay\u0131 do\u011frultusunda lisansland\u0131r\u0131larak kul\u00fcp b\u00fcnyesindeki tak\u0131mlara kazand\u0131r\u0131ld\u0131. <\/p>\n<p>T\u00fcrk basketboluna hizmet etmek amac\u0131yla, &#8216;\u00f6rnek insan, \u00f6rnek sporcu&#8217; slogan\u0131 ile ge\u00e7ti\u011fimiz y\u0131l kap\u0131lar\u0131n\u0131 a\u00e7an \u00c7BK Basketbol Okulu, basketbola ilgi duyan \u00e7ocuklar\u0131n gelece\u011fine y\u00f6n vermeye devam ediyor. Milli tak\u0131m antren\u00f6rlerince uzman diyetisyen ve psikologlar g\u00f6zetiminde, geli\u015fimleri yak\u0131ndan takip edilerek temel basketbol becerilerinin kazand\u0131r\u0131ld\u0131\u011f\u0131 5-18 ya\u015f aras\u0131 \u00e7ocuklar, spor okulunda hem sosyalle\u015fiyor hem de hayallerine giden yola ilk ad\u0131m\u0131 at\u0131yor. <\/p>\n<p>Basketbol okulunun ilk \u00f6\u011frencilerinden 8 ya\u015f\u0131ndaki \u00c7a\u011fla \u00d6zkan, Emir Atakaya (14), Berat Aslan, Deniz S\u0131rl\u0131ba\u015f ve Tu\u011fkan Sa\u011f\u0131ro\u011flu (15), yetenek, kat ettikleri geli\u015fim ve performanslar\u0131 dolay\u0131s\u0131yla Altyap\u0131lar Genel Koordinat\u00f6r\u00fc Halil Demirbilek ile Sporcu Tarama ve Spor Okulu Teknik Koordinat\u00f6r\u00fc Ali Do\u011fan Korkmaz&#8217;\u0131n raporu do\u011frultusunda kul\u00fcp b\u00fcnyesindeki tak\u0131mlara kazand\u0131r\u0131ld\u0131. Lisanslar\u0131 \u00e7\u0131kart\u0131larak \u00e7al\u0131\u015fmalar\u0131na \u00c7BK altyap\u0131 tak\u0131mlar\u0131 ile devam eden gen\u00e7 basketbolcular, \u00c7ukurova Basketbol formas\u0131 ile resmi ma\u00e7larda boy g\u00f6sterecek olman\u0131n mutlulu\u011funu ya\u015f\u0131yor. En b\u00fcy\u00fck hedeflerinin milli tak\u0131mda yer al\u0131p T\u00fcrkiye&#8217;yi ve \u00c7ukurova Basketbol&#8217;u uluslararas\u0131 arenada ba\u015far\u0131yla temsil etmek oldu\u011funu vurgulayan gen\u00e7ler, antren\u00f6rleri ve kul\u00fcp y\u00f6netimine te\u015fekk\u00fcr etti. <\/p>\n<p>\u00c7BK&#8217;n\u0131n altyap\u0131 ve basketbol okuluna b\u00fcy\u00fck \u00f6nem verdi\u011fini belirten Genel Koordinat\u00f6r Ender \u00dcnl\u00fc, \u00e7al\u0131\u015fmalar\u0131n meyvesini 5 oyuncunun tak\u0131ma y\u00fckselmesi ile almaya ba\u015flad\u0131klar\u0131n\u0131 s\u00f6yledi. Basketbol okulundaki ilk hedeflerinin basketbolu seven, \u00fclkesine ve ailesine hay\u0131rl\u0131 evlat olabilecek \u00e7ocuklar\u0131n yeti\u015fmesine katk\u0131 sa\u011flamak oldu\u011funun alt\u0131n\u0131 \u00e7izen \u00dcnl\u00fc, &#8220;Spor ahlak\u0131n\u0131 edinip, kazanmay\u0131 ve kaybetmeyi olgunlukla kabul edecek bir nesil yeti\u015ftirmek istiyoruz. \u00dclkemiz ve d\u00fcnyan\u0131n farkl\u0131 b\u00f6lgelerinde se\u00e7meler yaparak yetenekli oyuncular\u0131 kentimize getiriyoruz. Basketbol okulumuzla da ula\u015famad\u0131\u011f\u0131m\u0131z \u00e7ocuklara dokunuyor ve yetenekli sporcular\u0131m\u0131z\u0131 lisansland\u0131rarak T\u00fcrk basketboluna kazand\u0131rmaya \u00e7al\u0131\u015f\u0131yoruz&#8221; dedi.<\/p>\n<p>Sporcular\u0131m\u0131z\u0131n bireysel geli\u015fimleriyle ilgili antrenmanlar yapmay\u0131 s\u00fcrd\u00fcrd\u00fcklerini dile getiren \u00c7BK Sporcu Tarama ve Spor Okulu Teknik Koordinat\u00f6r\u00fc Ali Do\u011fan Korkmaz ise &#8220;Potansiyelini a\u00e7\u0131\u011fa \u00e7\u0131karabilen sporculara b\u00f6yle bir imkan tan\u0131d\u0131k. Antren\u00f6rler olarak sporcular\u0131 izledik ve de\u011ferlendirme sonucunda tak\u0131mlar\u0131m\u0131za monte ettik. Art\u0131k bu \u00e7ocuklar\u0131m\u0131zla s\u0131n\u0131rl\u0131 kalmayaca\u011f\u0131z. Hedefimiz bu sezon spor okullar\u0131 ligi kurup \u00e7ocuklar\u0131n potansiyellerini ortaya \u00e7\u0131karmak. Orada kendilerini \u00fcst seviyeye \u00e7\u0131karan \u00e7ocuklar\u0131m\u0131zla birlikte \u00fcst seviye \u00e7al\u0131\u015fmalar\u0131m\u0131z\u0131 s\u00fcrd\u00fcrece\u011fiz. Burada profesyonel basketbol oynamaktan bahsediyorum ancak herkes profesyonel olmak zorunda de\u011fil. Onlar\u0131n d\u0131\u015f\u0131nda kalan \u00e7ocuklar\u0131m\u0131za da amat\u00f6r bir ruhla basketbol e\u011fitimi vermeye devam edece\u011fiz. \u00c7ocuklar\u0131m\u0131z hayatlar\u0131na bir \u00c7ukuroval\u0131 olarak devam edecek&#8221; diye konu\u015ftu.<\/p>\n<p>YEN\u0130 SEZON 17 EYL\u00dcL&#8217;DE BA\u015eLIYOR<br \/>\n\u00d6te yandan \u00c7BK Basketbol Okulu&#8217;nda yeni sezonun start\u0131 17 Eyl\u00fcl&#8217;de veriliyor. H\u00e2lihaz\u0131rda kay\u0131tlar\u0131n devam etti\u011fi spor okulunda kontenjan s\u0131n\u0131r\u0131 bulunuyor. \u00c7ocuklar\u0131n\u0131n uluslararas\u0131 standartlarda basketbol e\u011fitimi almas\u0131n\u0131 isteyen aileler, 0535 497 10 96 numaral\u0131 telefon \u00fczerinden detayl\u0131 bilgi alabilecek.<\/p>\n","protected":false},"excerpt":{"rendered":"<p>\u00c7ukurova Basketbol Kul\u00fcb\u00fc (\u00c7BK) Basketbol Okulu&#8217;nun 5 yetenekli sporcusu, antren\u00f6rlerin onay\u0131 do\u011frultusunda lisansland\u0131r\u0131larak kul\u00fcp b\u00fcnyesindeki tak\u0131mlara kazand\u0131r\u0131ld\u0131. T\u00fcrk basketboluna hizmet etmek amac\u0131yla, &#8216;\u00f6rnek insan, \u00f6rnek sporcu&#8217; slogan\u0131 ile ge\u00e7ti\u011fimiz y\u0131l &hellip; <a href=\"https:\/\/akdenizolaygazetesi.com\/?p=20987\" class=\"more-link\">Devam\u0131n\u0131 Oku&#8230;<\/a><\/p>\n","protected":false},"author":2,"featured_media":20988,"comment_status":"open","ping_status":"open","sticky":false,"template":"","format":"standard","meta":[],"categories":[3,10],"tags":[],"_links":{"self":[{"href":"https:\/\/akdenizolaygazetesi.com\/index.php?rest_route=\/wp\/v2\/posts\/20987"}],"collection":[{"href":"https:\/\/akdenizolaygazetesi.com\/index.php?rest_route=\/wp\/v2\/posts"}],"about":[{"href":"https:\/\/akdenizolaygazetesi.com\/index.php?rest_route=\/wp\/v2\/types\/post"}],"author":[{"embeddable":true,"href":"https:\/\/akdenizolaygazetesi.com\/index.php?rest_route=\/wp\/v2\/users\/2"}],"replies":[{"embeddable":true,"href":"https:\/\/akdenizolaygazetesi.com\/index.php?rest_route=%2Fwp%2Fv2%2Fcomments&post=20987"}],"version-history":[{"count":1,"href":"https:\/\/akdenizolaygazetesi.com\/index.php?rest_route=\/wp\/v2\/posts\/20987\/revisions"}],"predecessor-version":[{"id":20989,"href":"https:\/\/akdenizolaygazetesi.com\/index.php?rest_route=\/wp\/v2\/posts\/20987\/revisions\/20989"}],"wp:featuredmedia":[{"embeddable":true,"href":"https:\/\/akdenizolaygazetesi.com\/index.php?rest_route=\/wp\/v2\/media\/20988"}],"wp:attachment":[{"href":"https:\/\/akdenizolaygazetesi.com\/index.php?rest_route=%2Fwp%2Fv2%2Fmedia&parent=20987"}],"wp:term":[{"taxonomy":"category","embeddable":true,"href":"https:\/\/akdenizolaygazetesi.com\/index.php?rest_route=%2Fwp%2Fv2%2Fcategories&post=20987"},{"taxonomy":"post_tag","embeddable":true,"href":"https:\/\/akdenizolaygazetesi.com\/index.php?rest_route=%2Fwp%2Fv2%2Ftags&post=20987"}],"curies":[{"name":"wp","href":"https:\/\/api.w.org\/{rel}","templated":true}]}}