{"id":20990,"date":"2022-09-15T16:28:47","date_gmt":"2022-09-15T13:28:47","guid":{"rendered":"http:\/\/akdenizolaygazetesi.com\/?p=20990"},"modified":"2022-09-15T16:28:47","modified_gmt":"2022-09-15T13:28:47","slug":"yenisehir-belediyesinden-7-gunluk-saglikli-hareketlilik-etkinligi","status":"publish","type":"post","link":"https:\/\/akdenizolaygazetesi.com\/?p=20990","title":{"rendered":"Yeni\u015fehir Belediyesinden 7 g\u00fcnl\u00fck sa\u011fl\u0131kl\u0131 hareketlilik etkinli\u011fi"},"content":{"rendered":"<p>Mersin Yeni\u015fehir Belediyesi, Avrupa Hareketlilik Haftas\u0131 kapsam\u0131nda sa\u011fl\u0131kl\u0131 hareketlili\u011fe kar\u015f\u0131 fark\u0131ndal\u0131k olu\u015fturmak amac\u0131yla 7 g\u00fcnl\u00fck etkinlik program\u0131 haz\u0131rlad\u0131.<br \/>\nYeni\u015fehir Belediyesi, Avrupa Hareketlilik Haftas\u0131 kapsam\u0131nda s\u00fcrd\u00fcr\u00fclebilir hareketlilik bi\u00e7imlerini desteklemek ve fark\u0131ndal\u0131k olu\u015fturmak amac\u0131yla 16 \u2013 22 Eyl\u00fcl tarihleri aras\u0131nda birbirinden renkli ve hareketli etkinlikler d\u00fczenleyecek.Yeni\u015fehir Belediye Ba\u015fkan\u0131 Abdullah \u00d6zyi\u011fit\u2019in y\u00f6netim anlay\u0131\u015f\u0131n\u0131 olu\u015fturan 6 temel ilkeden biri olan \u201cHareket\u201d ilkesi kapsam\u0131nda Yeni\u015fehir Belediyesi hali haz\u0131rda bir\u00e7ok projeyle vatanda\u015flar\u0131n sa\u011fl\u0131kl\u0131 hareketlili\u011fine destek veriyor. Her y\u0131l oldu\u011fu gibi bu y\u0131l da Avrupa Hareketlilik Haftas\u0131\u2019nda 7 g\u00fcnl\u00fck etkinlik program\u0131 haz\u0131rlayan Yeni\u015fehir Belediyesi egzersiz ve zumba etkinlikleri, yamak para\u015f\u00fct\u00fc, do\u011fa y\u00fcr\u00fcy\u00fc\u015f\u00fc, denizalt\u0131 temizli\u011fi ile bisiklet turu d\u00fczenleyecek.<br \/>\nYeni\u015fehir Belediye Ba\u015fkan\u0131 Abdullah \u00d6zyi\u011fit, t\u00fcm vatanda\u015flar\u0131 etkinliklere kat\u0131lmaya davet etti. Yeni\u015fehir Belediyesinin etkinlik program\u0131 \u015fu \u015fekilde:<br \/>\n16 Eyl\u00fcl Cuma<br \/>\nSaat: 08.00<br \/>\nEtkinlik: Egzersiz<br \/>\nYer: Yeni\u015fehir Belediyesi ana hizmet binas\u0131 \u00f6n\u00fc<br \/>\n17 Eyl\u00fcl Cumartesi<br \/>\nSaat: 10.30<br \/>\nEtkinlik: Yama\u00e7 Para\u015f\u00fct\u00fc<br \/>\nYer: Gelincik Tepesi<br \/>\n18 Eyl\u00fcl Pazar<br \/>\nSaat: 18.00<br \/>\nEtkinlik: Zumba<br \/>\nYer: K\u00fclt\u00fcr Park, Marina AVM yan\u0131<br \/>\n19 Eyl\u00fcl Pazartesi<br \/>\nSaat: 10.50<br \/>\nEtkinlik: Egzersiz<br \/>\nYer: Yeni\u015fehir Belediyesi Atat\u00fcrk K\u00fclt\u00fcr Merkezi-K\u0130GEM \u00f6n\u00fc<br \/>\n20 Eyl\u00fcl Sal\u0131<br \/>\nSaat: 18.00<br \/>\nEtkinlik: Do\u011fa Y\u00fcr\u00fcy\u00fc\u015f\u00fc<br \/>\nYer: Pedias- Gelincik Tepesi aras\u0131<br \/>\n21 Eyl\u00fcl \u00c7ar\u015famba<br \/>\nSaat: 10.00<br \/>\nEtkinlik: Denizalt\u0131 Temizli\u011fi<br \/>\n22 Eyl\u00fcl Per\u015fembe<br \/>\nBa\u015flang\u0131\u00e7 saati: 09.30<br \/>\nEtkinlik: Bisiklet Turu<br \/>\nYer: Ba\u015flang\u0131\u00e7, Soli Pompeipolis \u2013Biti\u015f, Yeni\u015fehir Belediyesi <\/p>\n","protected":false},"excerpt":{"rendered":"<p>Mersin Yeni\u015fehir Belediyesi, Avrupa Hareketlilik Haftas\u0131 kapsam\u0131nda sa\u011fl\u0131kl\u0131 hareketlili\u011fe kar\u015f\u0131 fark\u0131ndal\u0131k olu\u015fturmak amac\u0131yla 7 g\u00fcnl\u00fck etkinlik program\u0131 haz\u0131rlad\u0131. Yeni\u015fehir Belediyesi, Avrupa Hareketlilik Haftas\u0131 kapsam\u0131nda s\u00fcrd\u00fcr\u00fclebilir hareketlilik bi\u00e7imlerini desteklemek ve fark\u0131ndal\u0131k &hellip; <a href=\"https:\/\/akdenizolaygazetesi.com\/?p=20990\" class=\"more-link\">Devam\u0131n\u0131 Oku&#8230;<\/a><\/p>\n","protected":false},"author":2,"featured_media":20991,"comment_status":"open","ping_status":"open","sticky":false,"template":"","format":"standard","meta":[],"categories":[3,5,10],"tags":[],"_links":{"self":[{"href":"https:\/\/akdenizolaygazetesi.com\/index.php?rest_route=\/wp\/v2\/posts\/20990"}],"collection":[{"href":"https:\/\/akdenizolaygazetesi.com\/index.php?rest_route=\/wp\/v2\/posts"}],"about":[{"href":"https:\/\/akdenizolaygazetesi.com\/index.php?rest_route=\/wp\/v2\/types\/post"}],"author":[{"embeddable":true,"href":"https:\/\/akdenizolaygazetesi.com\/index.php?rest_route=\/wp\/v2\/users\/2"}],"replies":[{"embeddable":true,"href":"https:\/\/akdenizolaygazetesi.com\/index.php?rest_route=%2Fwp%2Fv2%2Fcomments&post=20990"}],"version-history":[{"count":1,"href":"https:\/\/akdenizolaygazetesi.com\/index.php?rest_route=\/wp\/v2\/posts\/20990\/revisions"}],"predecessor-version":[{"id":20992,"href":"https:\/\/akdenizolaygazetesi.com\/index.php?rest_route=\/wp\/v2\/posts\/20990\/revisions\/20992"}],"wp:featuredmedia":[{"embeddable":true,"href":"https:\/\/akdenizolaygazetesi.com\/index.php?rest_route=\/wp\/v2\/media\/20991"}],"wp:attachment":[{"href":"https:\/\/akdenizolaygazetesi.com\/index.php?rest_route=%2Fwp%2Fv2%2Fmedia&parent=20990"}],"wp:term":[{"taxonomy":"category","embeddable":true,"href":"https:\/\/akdenizolaygazetesi.com\/index.php?rest_route=%2Fwp%2Fv2%2Fcategories&post=20990"},{"taxonomy":"post_tag","embeddable":true,"href":"https:\/\/akdenizolaygazetesi.com\/index.php?rest_route=%2Fwp%2Fv2%2Ftags&post=20990"}],"curies":[{"name":"wp","href":"https:\/\/api.w.org\/{rel}","templated":true}]}}