{"id":20993,"date":"2022-09-15T16:30:44","date_gmt":"2022-09-15T13:30:44","guid":{"rendered":"http:\/\/akdenizolaygazetesi.com\/?p=20993"},"modified":"2022-09-15T16:30:44","modified_gmt":"2022-09-15T13:30:44","slug":"sadiye-ve-kizilkaya-mahallelerinde-baskan-yilmaza-sevgi-seli","status":"publish","type":"post","link":"https:\/\/akdenizolaygazetesi.com\/?p=20993","title":{"rendered":"SAD\u0130YE VE KIZILKAYA MAHALLELER\u0130NDE BA\u015eKAN YILMAZ&#8217;A SEVG\u0130 SEL\u0130"},"content":{"rendered":"<p>Toroslar Belediye Ba\u015fkan\u0131 Ats\u0131z Af\u015f\u0131n Y\u0131lmaz, Sadiye ve K\u0131z\u0131lkaya Mahallelerinde hem\u015fehrileriyle bulu\u015ftu.<\/p>\n<p>Hem\u015fehrilerinin yo\u011fun sevgisiyle kar\u015f\u0131la\u015fan Ba\u015fkan Y\u0131lmaz; &#8220;Sizlerin deste\u011fi, g\u00fcveni ve duas\u0131 ile nice g\u00fczellikleri il\u00e7emize ve kentimize kazand\u0131rmaya devam edece\u011fiz&#8221; dedi.<\/p>\n<p>Sadiye Mahalle Muhtar\u0131 Mutlu \u00d6zdemir&#8217;in d\u00fczenledi\u011fi &#8220;Sadiyeli&#8217;ler Bulu\u015fuyor&#8221; program\u0131na kat\u0131lan Ba\u015fkan Y\u0131lmaz, burada 7&#8217;den 70&#8217;e herkesle kucakla\u015ft\u0131.<\/p>\n<p>Mahalle Muhtar\u0131 Mutlu \u00d6zdemir, Ba\u015fkan Y\u0131lmaz&#8217;a mahallelerine sundu\u011fu hizmetlerinden dolay\u0131 te\u015fekk\u00fcr ederek; &#8220;Mahallemizde birlik, beraberlik ve kayna\u015fma ad\u0131na d\u00fczenledi\u011fimiz bu etkinli\u011fimizde bizleri yaln\u0131z b\u0131rakmayan Ba\u015fkan\u0131m\u0131z Ats\u0131z Af\u015f\u0131n Y\u0131lmaz&#8217;a te\u015fekk\u00fcr ederiz&#8221; diye konu\u015ftu.<\/p>\n<p>Ba\u015fkan Y\u0131lmaz; &#8220;Bu Bulu\u015fmada Sevgi, Dostluk ve Muhabbet Var&#8221;<\/p>\n<p>Ba\u015fkan Y\u0131lmaz, Sadiye Mahallesi&#8217;nde mahalle sakinleri aras\u0131nda geleneksel olarak d\u00fczenlenen bulu\u015fman\u0131n birlik ve beraberli\u011fin g\u00fc\u00e7lenmesi ad\u0131na \u00f6nemli oldu\u011funa dikkat \u00e7ekerek; &#8220;Bu etkinli\u011fin bir\u00e7ok a\u00e7\u0131dan g\u00fczelli\u011fi ve anlam\u0131 var. Hem\u015fehri olarak mahalle sakinlerinin bir araya gelmesi, akrabal\u0131k ili\u015fkilerini g\u00fc\u00e7lendirmeleri, \u00e7ocuklara ve gen\u00e7lere k\u00f6ylerini ve de\u011ferlerini tan\u0131tmalar\u0131 son derece k\u0131ymetli. Sadiyeli&#8217;ler de bu birlikteli\u011fi en g\u00fczel \u015fekilde tesis ediyorlar. Biz de Sadiye Mahallemize ne zaman gelsek, sevgi, muhabbet ve dostluk g\u00f6rd\u00fck. Allah birli\u011fimizi ve beraberli\u011fimiz daim eylesin&#8221; ifadelerini kulland\u0131.<\/p>\n<p>&#8220;\u00dcrettik\u00e7e Var\u0131z; \u00dcretmeye Devam Edelim&#8221;<\/p>\n<p>Sadiye Mahallesi&#8217;nde, mahalle sakinlerinin \u00fcretti\u011fi bal\u0131n da \u00e7ok k\u0131ymetli oldu\u011funu vurgulayan Ba\u015fkan Y\u0131lmaz; &#8220;Hem\u015fehrimiz, burada \u00fcretilen bal\u0131 bizlere takdim etti. Bu da bizi \u00e7ok memnun etti. Kiraz ve cevizin yan\u0131nda bal \u00fcretiminin de Sadiye Mahallemizde ve b\u00f6lgemizde artmas\u0131 i\u00e7in gerekli \u00e7al\u0131\u015fmay\u0131 yapaca\u011f\u0131z. \u00dcrettik\u00e7e var\u0131z. Ne kadar \u00e7ok \u00fcretebilirsek, o \u00fcr\u00fcn\u00fc de de\u011ferinde satabilirsek daha g\u00fc\u00e7l\u00fc oluruz. \u0130n\u015fallah daha da b\u00fcy\u00fcyece\u011fiz ve geli\u015fece\u011fiz&#8221; \u015feklinde konu\u015ftu.<\/p>\n<p>Ba\u015fkan Y\u0131lmaz, daha sonra K\u0131z\u0131lkaya Mahallesi&#8217;nde bulunan Yenid\u00fcnya Derne\u011fi&#8217;nde mahalle muhtar\u0131 Candan Kara ve hem\u015fehrilerileriyle de bir araya geldi. Burada da yo\u011fun ilgiyle kar\u015f\u0131lanan Ba\u015fkan Y\u0131lmaz, dernekte y\u00fcr\u00fct\u00fclen \u00e7al\u0131\u015fmalar hakk\u0131nda bilgiler ald\u0131. <\/p>\n","protected":false},"excerpt":{"rendered":"<p>Toroslar Belediye Ba\u015fkan\u0131 Ats\u0131z Af\u015f\u0131n Y\u0131lmaz, Sadiye ve K\u0131z\u0131lkaya Mahallelerinde hem\u015fehrileriyle bulu\u015ftu. Hem\u015fehrilerinin yo\u011fun sevgisiyle kar\u015f\u0131la\u015fan Ba\u015fkan Y\u0131lmaz; &#8220;Sizlerin deste\u011fi, g\u00fcveni ve duas\u0131 ile nice g\u00fczellikleri il\u00e7emize ve kentimize kazand\u0131rmaya &hellip; <a href=\"https:\/\/akdenizolaygazetesi.com\/?p=20993\" class=\"more-link\">Devam\u0131n\u0131 Oku&#8230;<\/a><\/p>\n","protected":false},"author":2,"featured_media":20994,"comment_status":"open","ping_status":"open","sticky":false,"template":"","format":"standard","meta":[],"categories":[1,2,3],"tags":[],"_links":{"self":[{"href":"https:\/\/akdenizolaygazetesi.com\/index.php?rest_route=\/wp\/v2\/posts\/20993"}],"collection":[{"href":"https:\/\/akdenizolaygazetesi.com\/index.php?rest_route=\/wp\/v2\/posts"}],"about":[{"href":"https:\/\/akdenizolaygazetesi.com\/index.php?rest_route=\/wp\/v2\/types\/post"}],"author":[{"embeddable":true,"href":"https:\/\/akdenizolaygazetesi.com\/index.php?rest_route=\/wp\/v2\/users\/2"}],"replies":[{"embeddable":true,"href":"https:\/\/akdenizolaygazetesi.com\/index.php?rest_route=%2Fwp%2Fv2%2Fcomments&post=20993"}],"version-history":[{"count":1,"href":"https:\/\/akdenizolaygazetesi.com\/index.php?rest_route=\/wp\/v2\/posts\/20993\/revisions"}],"predecessor-version":[{"id":20995,"href":"https:\/\/akdenizolaygazetesi.com\/index.php?rest_route=\/wp\/v2\/posts\/20993\/revisions\/20995"}],"wp:featuredmedia":[{"embeddable":true,"href":"https:\/\/akdenizolaygazetesi.com\/index.php?rest_route=\/wp\/v2\/media\/20994"}],"wp:attachment":[{"href":"https:\/\/akdenizolaygazetesi.com\/index.php?rest_route=%2Fwp%2Fv2%2Fmedia&parent=20993"}],"wp:term":[{"taxonomy":"category","embeddable":true,"href":"https:\/\/akdenizolaygazetesi.com\/index.php?rest_route=%2Fwp%2Fv2%2Fcategories&post=20993"},{"taxonomy":"post_tag","embeddable":true,"href":"https:\/\/akdenizolaygazetesi.com\/index.php?rest_route=%2Fwp%2Fv2%2Ftags&post=20993"}],"curies":[{"name":"wp","href":"https:\/\/api.w.org\/{rel}","templated":true}]}}