{"id":20999,"date":"2022-09-15T16:33:48","date_gmt":"2022-09-15T13:33:48","guid":{"rendered":"http:\/\/akdenizolaygazetesi.com\/?p=20999"},"modified":"2022-09-15T16:33:48","modified_gmt":"2022-09-15T13:33:48","slug":"18-cadde-ile-2-cevre-yolu-kesisimi-15-ay-trafige-kapali","status":"publish","type":"post","link":"https:\/\/akdenizolaygazetesi.com\/?p=20999","title":{"rendered":"18. CADDE \u0130LE 2. \u00c7EVRE YOLU KES\u0130\u015e\u0130M\u0130 1,5 AY TRAF\u0130\u011eE KAPALI"},"content":{"rendered":"<p>Mersin B\u00fcy\u00fck\u015fehir Belediyesi&#8217;nin yakla\u015f\u0131k 1 ay \u00f6nce yap\u0131m\u0131na ba\u015flad\u0131\u011f\u0131 &#8217;18. Cadde Altge\u00e7it \u00c7al\u0131\u015fmalar\u0131 Projesi&#8217; t\u00fcm h\u0131z\u0131yla s\u00fcrerken; \u00e7al\u0131\u015fmalar\u0131n 2. \u00c7evre Yolu \u00fczerindeki k\u0131sm\u0131, 17 Eyl\u00fcl&#8217;de 1,5 ay s\u00fcreyle trafi\u011fe kapat\u0131lacak. Vatanda\u015flar\u0131n, \u00e7al\u0131\u015fmalar tamamlanana kadar, belirlenen alternatif g\u00fczergahlar\u0131 kullanmalar\u0131 gerekecek.<br \/>\nAlternatif g\u00fczergahlar \u015f\u00f6yle:<br \/>\n2.\u00c7evre Yolu \u00fczerinde bat\u0131 istikametinden geli\u015f yapan s\u00fcr\u00fcc\u00fcler, Sevgi Katl\u0131 Kav\u015fa\u011f\u0131&#8217;n\u0131n alt ge\u00e7idini kullanmadan kav\u015fa\u011f\u0131n \u00fcst yan yolunu kullanabilirler.<br \/>\nDo\u011fu geli\u015f istikametinde seyahat eden s\u00fcr\u00fcc\u00fcler ise 1850. Sokak istikametinden sa\u011fa takiben 1859. Sokak istikametine sola d\u00f6n\u00fcp 18. Cadde&#8217;ye kat\u0131labilirler.<br \/>\n &#8220;Projenin yap\u0131m a\u015famas\u0131 genel olarak y\u00fczde 35&#8217;lerde&#8221;<br \/>\nY\u00fcklenici firma m\u00fchendisi ve 18 Cadde Altge\u00e7it Projesi \u015eantiye \u015eefi Bertan \u00dcnal, 1 ay \u00f6nce ba\u015flad\u0131klar\u0131 projenin ilerleme durumunu anlatarak, &#8220;Bu \u00e7al\u0131\u015fmalar kuzey ve g\u00fcney istikametinde istinat duvar\u0131 ve kaz\u0131 \u00e7al\u0131\u015fmalar\u0131 olarak devam ediyor. 2. \u00c7evre Yolu \u00fczerindeki k\u0131s\u0131m, kapal\u0131 kesit olarak tasarland\u0131. Kapal\u0131 kesitimizin uzunlu\u011fu yakla\u015f\u0131k 56 metre, geni\u015fli\u011fi ise 11 metre. Bu projenin \u015fu ana kadar y\u00fczde 35&#8217;i tamamland\u0131. Kaz\u0131 \u00e7al\u0131\u015fmalar\u0131 y\u00fczde 75&#8217;lerde, istinat perdeleri \u00e7al\u0131\u015fmalar\u0131 da y\u00fczde 25&#8217;lik dilimde&#8221; dedi.<br \/>\nKapal\u0131 kesit \u00e7al\u0131\u015fmalar\u0131 1,5 ayda tamamlanacak<br \/>\nKapal\u0131 kesit \u00e7al\u0131\u015fmalar\u0131 ba\u015flayaca\u011f\u0131 i\u00e7in, 2. \u00c7evre Yolu&#8217;nun \u00e7al\u0131\u015fma yap\u0131lacak k\u0131sm\u0131n\u0131n trafi\u011fe kapat\u0131laca\u011f\u0131n\u0131 s\u00f6yleyen \u00dcnal, &#8220;17 Eyl\u00fcl tarihinden itibaren 1,5 ayl\u0131k s\u00fcre boyunca, 2. \u00c7evre Yolu&#8217;nun \u00e7al\u0131\u015fma yap\u0131lacak b\u00f6l\u00fcm\u00fcn\u00fc trafi\u011fe kapat\u0131p, oradaki kapal\u0131 kesit \u00e7al\u0131\u015fmalar\u0131na ba\u015flamay\u0131 d\u00fc\u015f\u00fcn\u00fcyoruz. Bu \u00e7al\u0131\u015fmalara ba\u015flad\u0131\u011f\u0131m\u0131z zaman, vatanda\u015flar\u0131n alternatif g\u00fczergahlar\u0131 kullanmas\u0131n\u0131 istiyoruz. Daha sonra kuzey ve g\u00fcney \u00e7al\u0131\u015fmalar\u0131na yo\u011funluk verece\u011fiz. \u015eu anda kuzey \u00e7al\u0131\u015fmalar\u0131nda kaz\u0131 \u00e7al\u0131\u015fmalar\u0131 tamamland\u0131. Yakla\u015f\u0131k olarak 15 adet istinat duvar\u0131n\u0131n tamamlanmas\u0131yla \u00e7al\u0131\u015fmalar devam ediyor&#8221; ifadelerini kulland\u0131.<br \/>\n&#8220;Altge\u00e7it, bu k\u0131s\u0131mdaki trafik y\u00fck\u00fcn\u00fc azaltacak&#8221;<br \/>\nProjenin Sevgi Kav\u015fa\u011f\u0131 ve Demokrasi Kav\u015fa\u011f\u0131&#8217;ndaki trafik y\u00fck\u00fcn\u00fc azaltaca\u011f\u0131n\u0131 s\u00f6zlerine ekleyen \u00dcnal, &#8220;Kuzey-g\u00fcney istikametindeki ara\u00e7lar Sevgi Kav\u015fa\u011f\u0131 ve Demokrasi Kav\u015fa\u011f\u0131&#8217;n\u0131 yo\u011fun kullanmaya ba\u015flad\u0131lar. Daha \u00f6nce 18. Cadde&#8217;de g\u00f6bekli kav\u015fak vard\u0131. Bu iptal olunca, kuzeydeki ve g\u00fcneydeki ara\u00e7lar\u0131n trafik yo\u011funlu\u011fu Sevgi Kav\u015fa\u011f\u0131 ve Demokrasi Kav\u015fa\u011f\u0131&#8217;na bindi. Dolay\u0131s\u0131yla buralarda ya\u015fanan trafik y\u00fck\u00fcn\u00fc hafifletmeye y\u00f6nelik bir kav\u015fak tasar\u0131m\u0131 d\u00fc\u015f\u00fcn\u00fcld\u00fc. Bu \u00e7al\u0131\u015fma, kuzeydeki ve g\u00fcneydeki ara\u00e7lar\u0131n transit ge\u00e7i\u015flerini sa\u011flamak ve trafik y\u00fck\u00fcn\u00fc azaltmak ad\u0131na da, altge\u00e7it olarak olduk\u00e7a kullan\u0131\u015fl\u0131 bir kav\u015fak olacak&#8221; diye belirtti.<\/p>\n","protected":false},"excerpt":{"rendered":"<p>Mersin B\u00fcy\u00fck\u015fehir Belediyesi&#8217;nin yakla\u015f\u0131k 1 ay \u00f6nce yap\u0131m\u0131na ba\u015flad\u0131\u011f\u0131 &#8217;18. Cadde Altge\u00e7it \u00c7al\u0131\u015fmalar\u0131 Projesi&#8217; t\u00fcm h\u0131z\u0131yla s\u00fcrerken; \u00e7al\u0131\u015fmalar\u0131n 2. \u00c7evre Yolu \u00fczerindeki k\u0131sm\u0131, 17 Eyl\u00fcl&#8217;de 1,5 ay s\u00fcreyle trafi\u011fe kapat\u0131lacak. &hellip; <a href=\"https:\/\/akdenizolaygazetesi.com\/?p=20999\" class=\"more-link\">Devam\u0131n\u0131 Oku&#8230;<\/a><\/p>\n","protected":false},"author":2,"featured_media":21000,"comment_status":"open","ping_status":"open","sticky":false,"template":"","format":"standard","meta":[],"categories":[2,3],"tags":[],"_links":{"self":[{"href":"https:\/\/akdenizolaygazetesi.com\/index.php?rest_route=\/wp\/v2\/posts\/20999"}],"collection":[{"href":"https:\/\/akdenizolaygazetesi.com\/index.php?rest_route=\/wp\/v2\/posts"}],"about":[{"href":"https:\/\/akdenizolaygazetesi.com\/index.php?rest_route=\/wp\/v2\/types\/post"}],"author":[{"embeddable":true,"href":"https:\/\/akdenizolaygazetesi.com\/index.php?rest_route=\/wp\/v2\/users\/2"}],"replies":[{"embeddable":true,"href":"https:\/\/akdenizolaygazetesi.com\/index.php?rest_route=%2Fwp%2Fv2%2Fcomments&post=20999"}],"version-history":[{"count":1,"href":"https:\/\/akdenizolaygazetesi.com\/index.php?rest_route=\/wp\/v2\/posts\/20999\/revisions"}],"predecessor-version":[{"id":21001,"href":"https:\/\/akdenizolaygazetesi.com\/index.php?rest_route=\/wp\/v2\/posts\/20999\/revisions\/21001"}],"wp:featuredmedia":[{"embeddable":true,"href":"https:\/\/akdenizolaygazetesi.com\/index.php?rest_route=\/wp\/v2\/media\/21000"}],"wp:attachment":[{"href":"https:\/\/akdenizolaygazetesi.com\/index.php?rest_route=%2Fwp%2Fv2%2Fmedia&parent=20999"}],"wp:term":[{"taxonomy":"category","embeddable":true,"href":"https:\/\/akdenizolaygazetesi.com\/index.php?rest_route=%2Fwp%2Fv2%2Fcategories&post=20999"},{"taxonomy":"post_tag","embeddable":true,"href":"https:\/\/akdenizolaygazetesi.com\/index.php?rest_route=%2Fwp%2Fv2%2Ftags&post=20999"}],"curies":[{"name":"wp","href":"https:\/\/api.w.org\/{rel}","templated":true}]}}