{"id":21002,"date":"2022-09-15T16:35:15","date_gmt":"2022-09-15T13:35:15","guid":{"rendered":"http:\/\/akdenizolaygazetesi.com\/?p=21002"},"modified":"2022-09-15T16:35:15","modified_gmt":"2022-09-15T13:35:15","slug":"avrupa-hareketlilik-haftasi-mersin-buyuksehir-ile-dolu-dolu-gececek","status":"publish","type":"post","link":"https:\/\/akdenizolaygazetesi.com\/?p=21002","title":{"rendered":"&#8216;AVRUPA HAREKETL\u0130L\u0130K HAFTASI&#8217; MERS\u0130N B\u00dcY\u00dcK\u015eEH\u0130R \u0130LE DOLU DOLU GE\u00c7ECEK"},"content":{"rendered":"<p>Mersin B\u00fcy\u00fck\u015fehir Belediyesi, 16-22 Eyl\u00fcl tarihleri aras\u0131nda ger\u00e7ekle\u015ftirilecek &#8216;Avrupa Hareketlilik Haftas\u0131&#8217;na haz\u0131r. Gen\u00e7lik ve Spor Hizmetleri Dairesi ile Ula\u015f\u0131m Dairesi Ba\u015fkanl\u0131\u011f\u0131 taraf\u0131ndan ger\u00e7ekle\u015ftirilecek programlar kapsam\u0131nda, fark\u0131ndal\u0131\u011f\u0131 art\u0131racak ve bilin\u00e7lendirici etkinlikler ger\u00e7ekle\u015ftirilecek.<br \/>\nBisiklet ula\u015f\u0131m\u0131n\u0131n \u00f6n plana \u00e7\u0131kart\u0131lmas\u0131 hedefleniyor<br \/>\nAvrupa Hareketlilik Haftas\u0131 ile bisiklet kullan\u0131m\u0131n\u0131n ve yaya yollar\u0131n\u0131n art\u0131r\u0131lmas\u0131, vatanda\u015flar\u0131n motorlu ara\u00e7lar yerine alternatif ula\u015f\u0131m metotlar\u0131yla seyahate y\u00f6nelmesi ama\u00e7lan\u0131yor ve te\u015fvik ediliyor. Bisiklet yollar\u0131n\u0131n geli\u015ftirilmesi, bisiklet park alanlar\u0131 yap\u0131m\u0131, ye\u015fil alanlar\u0131n geli\u015ftirilmesi, engelli rampalar\u0131, toplu ula\u015f\u0131m a\u011flar\u0131n\u0131n geni\u015fletilmesi ama\u00e7lan\u0131yor. Karbon emisyon oran\u0131n\u0131 azaltmak, bisiklet ve yaya ula\u015f\u0131m\u0131nda te\u015fvik ve fark\u0131ndal\u0131k olu\u015fturulmas\u0131 ama\u00e7lanan hafta kapsam\u0131nda, bisiklet ula\u015f\u0131m\u0131n\u0131n \u00f6n plana \u00e7\u0131kart\u0131lmas\u0131 hedefleniyor. Bu ama\u00e7lar do\u011frultusunda Avrupa Bisiklet Rotalar\u0131 A\u011f\u0131 Bisiklet Stratejileri ve Saha \u00c7al\u0131\u015fmas\u0131 Program\u0131 (Eurovelo) i\u00e7in de ba\u015fvurusunu yapan Mersin, gelecek onaya g\u00f6re Eurovelo a\u011f\u0131na dahil edilecek.<br \/>\nAvrupa Hareketlilik Haftas\u0131 Mersin&#8217;de bir dizi etkinlikle ge\u00e7ecek<br \/>\nHafta kapsam\u0131nda, 17 Eyl\u00fcl&#8217;de Tarsus Bisiklet Turu, 18 Eyl\u00fcl&#8217;de scooter, paten ve kaykay \u015f\u00f6leni, 19 Eyl\u00fcl&#8217;de K\u00fclt\u00fcr Park i\u00e7erisinde Labirent Oryantring etkinli\u011fi ve 21 Eyl\u00fcl&#8217;de de Mersin Bisiklet Turu ger\u00e7ekle\u015fecek. Bisiklet kullan\u0131m\u0131n\u0131n artmas\u0131, \u00e7ocuklar\u0131n bisiklet kullan\u0131m\u0131n\u0131 te\u015fvik edebilmek amac\u0131yla T\u00fcrkiye&#8217;de ilk defa yap\u0131lacak &#8216;Evden Okula, G\u00fcvenle Pedalla&#8217; projesi kapsam\u0131nda, Mezitli&#8217;de pilot okul olarak se\u00e7ilen 75. Y\u0131l Ortaokulu ve \u0130\u00e7el Anadolu Lisesi&#8217;nde bu etkinlik d\u00fczenlenecek. Ayr\u0131ca 22-25 Eyl\u00fcl tarihlerinde de &#8216;9. Uluslararas\u0131 Mersin Bisiklet Festivali&#8217; ger\u00e7ekle\u015fecek.<br \/>\n&#8220;Hareketlilik Haftas\u0131&#8217;n\u0131n amac\u0131, motorsuz ula\u015f\u0131m\u0131 te\u015fvik etmek&#8221;<br \/>\nGen\u00e7lik ve Spor Hizmetleri Dairesi Ba\u015fkan\u0131 Emrullah Ta\u015fk\u0131n, hafta kapsam\u0131nda yap\u0131lacak etkinlikler hakk\u0131nda yapt\u0131\u011f\u0131 bilgilendirmede, &#8220;Mersin B\u00fcy\u00fck\u015fehir Belediyesi olarak, 16-22 Eyl\u00fcl tarihleri aras\u0131nda Avrupa Hareketlilik Haftas\u0131&#8217;n\u0131 kutluyoruz. 16 Eyl\u00fcl tarihinde B\u00fcy\u00fck\u015fehir Belediyemizin y\u00f6neticileri ve personellerimizin b\u00fcy\u00fck bir k\u0131sm\u0131, i\u015fe y\u00fcr\u00fcyerek veya bisikletle gidecekler. Zaten Hareketlilik Haftas\u0131&#8217;n\u0131n amac\u0131 da motorsuz ula\u015f\u0131m\u0131 te\u015fvik etmek, fark\u0131ndal\u0131k yaratmak. Okullarda bisiklet e\u011fitimlerimiz olacak. Bunlar\u0131 bisiklet dernekleriyle birlikte yap\u0131yoruz. Mersin ve Tarsus&#8217;ta bisiklet turlar\u0131m\u0131z olacak. Avrupa Hareketlilik Haftas\u0131&#8217;n\u0131 hep birlikte hareketli bir \u015fekilde kutlayal\u0131m istiyoruz&#8221; dedi.<br \/>\n&#8220;Mersin&#8217;de 95 kilometre resmi bisiklet yolu bulunmakta&#8221;<br \/>\nUla\u015f\u0131m Dairesi Ba\u015fkan\u0131 Ersan Top\u00e7uo\u011flu da, Avrupa Hareketlilik Haftas\u0131&#8217;n\u0131n kapsam\u0131ndan bahsederek, &#8220;\u00dclkemizde ve \u015fehrimizde ya\u015fanan egzoz emisyonunu Mersin \u00f6zelinde azaltmak ad\u0131na, vatanda\u015flar\u0131m\u0131za bisiklet kullan\u0131m\u0131n\u0131 veya yaya yollar\u0131n\u0131 te\u015fvik etmek amac\u0131yla bir dizi etkinlikler d\u00fczenleyece\u011fiz. Bir fark\u0131ndal\u0131k yaratmaya \u00e7al\u0131\u015faca\u011f\u0131z&#8221; dedi.<br \/>\nBisikletin \u00f6nemini bilerek bu y\u00f6nde projeleri hayata ge\u00e7irdiklerini s\u00f6zlerine ekleyen Top\u00e7uo\u011flu, &#8220;Ba\u015fkan\u0131m\u0131z Say\u0131n Vahap Se\u00e7er, g\u00f6reve geldi\u011fimiz ilk andan itibaren bu konuya \u00e7ok \u00f6nem verdi. \u0130mar planlar\u0131nda bisiklet yollar\u0131 ve yaya yollar\u0131 ile ilgili gerekli yasal d\u00fczenlemeler s\u00fcratle yap\u0131ld\u0131. Biz de o yasal d\u00fczenlemelerden sonra, ilimize \u00e7ok ciddi anlamda bisiklet ve yaya yollar\u0131 kazand\u0131rd\u0131k. \u015eu an il merkezimizde, UKOME karar\u0131 al\u0131nan 95 kilometrelik resmi bisiklet yolumuz bulunmaktad\u0131r&#8221; ifadelerine yer verdi.<br \/>\nAvrupa Hareketlilik Haftas\u0131 kapsam\u0131nda yapacaklar\u0131 etkinlikler hakk\u0131nda da bilgi veren Top\u00e7uo\u011flu, &#8220;Biz bu hafta kapsam\u0131nda, vatanda\u015flar\u0131m\u0131za elimizden geldi\u011fince bilin\u00e7lendirme ve fark\u0131ndal\u0131k yaratarak, bisiklet kullan\u0131m\u0131n\u0131 te\u015fvik etmek amac\u0131yla bir dizi etkinlikler d\u00fczenleyece\u011fiz. Bu etkinliklere de belediyemizin web sayfas\u0131ndan ve Teksin&#8217;den vatanda\u015flar\u0131m\u0131z ula\u015fabilecek, g\u00f6rebilecekler&#8221; diye belirtti.<\/p>\n","protected":false},"excerpt":{"rendered":"<p>Mersin B\u00fcy\u00fck\u015fehir Belediyesi, 16-22 Eyl\u00fcl tarihleri aras\u0131nda ger\u00e7ekle\u015ftirilecek &#8216;Avrupa Hareketlilik Haftas\u0131&#8217;na haz\u0131r. Gen\u00e7lik ve Spor Hizmetleri Dairesi ile Ula\u015f\u0131m Dairesi Ba\u015fkanl\u0131\u011f\u0131 taraf\u0131ndan ger\u00e7ekle\u015ftirilecek programlar kapsam\u0131nda, fark\u0131ndal\u0131\u011f\u0131 art\u0131racak ve bilin\u00e7lendirici etkinlikler &hellip; <a href=\"https:\/\/akdenizolaygazetesi.com\/?p=21002\" class=\"more-link\">Devam\u0131n\u0131 Oku&#8230;<\/a><\/p>\n","protected":false},"author":2,"featured_media":21003,"comment_status":"open","ping_status":"open","sticky":false,"template":"","format":"standard","meta":[],"categories":[7,2,3,5,9,10],"tags":[],"_links":{"self":[{"href":"https:\/\/akdenizolaygazetesi.com\/index.php?rest_route=\/wp\/v2\/posts\/21002"}],"collection":[{"href":"https:\/\/akdenizolaygazetesi.com\/index.php?rest_route=\/wp\/v2\/posts"}],"about":[{"href":"https:\/\/akdenizolaygazetesi.com\/index.php?rest_route=\/wp\/v2\/types\/post"}],"author":[{"embeddable":true,"href":"https:\/\/akdenizolaygazetesi.com\/index.php?rest_route=\/wp\/v2\/users\/2"}],"replies":[{"embeddable":true,"href":"https:\/\/akdenizolaygazetesi.com\/index.php?rest_route=%2Fwp%2Fv2%2Fcomments&post=21002"}],"version-history":[{"count":1,"href":"https:\/\/akdenizolaygazetesi.com\/index.php?rest_route=\/wp\/v2\/posts\/21002\/revisions"}],"predecessor-version":[{"id":21004,"href":"https:\/\/akdenizolaygazetesi.com\/index.php?rest_route=\/wp\/v2\/posts\/21002\/revisions\/21004"}],"wp:featuredmedia":[{"embeddable":true,"href":"https:\/\/akdenizolaygazetesi.com\/index.php?rest_route=\/wp\/v2\/media\/21003"}],"wp:attachment":[{"href":"https:\/\/akdenizolaygazetesi.com\/index.php?rest_route=%2Fwp%2Fv2%2Fmedia&parent=21002"}],"wp:term":[{"taxonomy":"category","embeddable":true,"href":"https:\/\/akdenizolaygazetesi.com\/index.php?rest_route=%2Fwp%2Fv2%2Fcategories&post=21002"},{"taxonomy":"post_tag","embeddable":true,"href":"https:\/\/akdenizolaygazetesi.com\/index.php?rest_route=%2Fwp%2Fv2%2Ftags&post=21002"}],"curies":[{"name":"wp","href":"https:\/\/api.w.org\/{rel}","templated":true}]}}