{"id":21012,"date":"2022-09-16T12:55:24","date_gmt":"2022-09-16T09:55:24","guid":{"rendered":"http:\/\/akdenizolaygazetesi.com\/?p=21012"},"modified":"2022-09-16T12:55:24","modified_gmt":"2022-09-16T09:55:24","slug":"vali-pehlivandan-yildiz-entegreye-ziyaret","status":"publish","type":"post","link":"https:\/\/akdenizolaygazetesi.com\/?p=21012","title":{"rendered":"Vali Pehlivan&#8217;dan Y\u0131ld\u0131z Entegre&#8217;ye ziyaret"},"content":{"rendered":"<p>Mersin Valisi Ali Hamza Pehlivan, MTOSB Ba\u015fkan\u0131 Sabri Tekli ve M\u00fcte\u015febbis Heyet \u00dcyeleri Mersin Tarsus Organize Sanayi B\u00f6lgesi 2. etab\u0131nda faaliyet g\u00f6steren Y\u0131ld\u0131z Entegre Fabrikas\u0131&#8217;n\u0131 ziyaret etti.<\/p>\n<p>Fabrikaya geli\u015finde Y\u0131ld\u0131z Entegre Fabrika M\u00fcd\u00fcr\u00fc Fevzi K\u0131dak, Kemal Y\u0131ld\u0131z ve fabrika \u00e7al\u0131\u015fanlar\u0131 taraf\u0131ndan kar\u015f\u0131lanan Vali Pehlivan, y\u00fcr\u00fct\u00fclmekte olan \u00e7al\u0131\u015fmalar, \u00fcretim ve pazarlama s\u00fcre\u00e7lerine ili\u015fkin \u00e7e\u015fitli konular hakk\u0131nda bilgiler ald\u0131.<\/p>\n<p>Vali Pehlivan, beraberindeki heyet ile birlikte fabrika i\u00e7erisinde gezerek incelemelerde bulundu, Fabrika M\u00fcd\u00fcr\u00fc Fevzi K\u0131dak&#8217;tan \u00fcretim s\u00fcreci ile ilgili bilgiler ald\u0131.<\/p>\n<p>MTOSB b\u00fcnyesinde, 2. OSB i\u00e7erisinde 240 d\u00f6n\u00fcml\u00fck alan \u00fczerine kurulu, 2011 y\u0131l\u0131ndan bu yana faaliyette bulunan ve 386 ki\u015fi istihdam eden Y\u0131ld\u0131z Entegre Fabrikas\u0131nda, yonga levhadan mdf ve evlerde kullan\u0131lan laminat parke, kapak panel, emprenyeli ka\u011f\u0131t ve tutkal \u00fcretimi ger\u00e7ekle\u015ftiriliyor, i\u00e7 ve d\u0131\u015f piyasaya sat\u0131\u015f\u0131 yap\u0131l\u0131yor.<\/p>\n","protected":false},"excerpt":{"rendered":"<p>Mersin Valisi Ali Hamza Pehlivan, MTOSB Ba\u015fkan\u0131 Sabri Tekli ve M\u00fcte\u015febbis Heyet \u00dcyeleri Mersin Tarsus Organize Sanayi B\u00f6lgesi 2. etab\u0131nda faaliyet g\u00f6steren Y\u0131ld\u0131z Entegre Fabrikas\u0131&#8217;n\u0131 ziyaret etti. Fabrikaya geli\u015finde Y\u0131ld\u0131z &hellip; <a href=\"https:\/\/akdenizolaygazetesi.com\/?p=21012\" class=\"more-link\">Devam\u0131n\u0131 Oku&#8230;<\/a><\/p>\n","protected":false},"author":2,"featured_media":21013,"comment_status":"open","ping_status":"open","sticky":false,"template":"","format":"standard","meta":[],"categories":[2,3],"tags":[],"_links":{"self":[{"href":"https:\/\/akdenizolaygazetesi.com\/index.php?rest_route=\/wp\/v2\/posts\/21012"}],"collection":[{"href":"https:\/\/akdenizolaygazetesi.com\/index.php?rest_route=\/wp\/v2\/posts"}],"about":[{"href":"https:\/\/akdenizolaygazetesi.com\/index.php?rest_route=\/wp\/v2\/types\/post"}],"author":[{"embeddable":true,"href":"https:\/\/akdenizolaygazetesi.com\/index.php?rest_route=\/wp\/v2\/users\/2"}],"replies":[{"embeddable":true,"href":"https:\/\/akdenizolaygazetesi.com\/index.php?rest_route=%2Fwp%2Fv2%2Fcomments&post=21012"}],"version-history":[{"count":1,"href":"https:\/\/akdenizolaygazetesi.com\/index.php?rest_route=\/wp\/v2\/posts\/21012\/revisions"}],"predecessor-version":[{"id":21014,"href":"https:\/\/akdenizolaygazetesi.com\/index.php?rest_route=\/wp\/v2\/posts\/21012\/revisions\/21014"}],"wp:featuredmedia":[{"embeddable":true,"href":"https:\/\/akdenizolaygazetesi.com\/index.php?rest_route=\/wp\/v2\/media\/21013"}],"wp:attachment":[{"href":"https:\/\/akdenizolaygazetesi.com\/index.php?rest_route=%2Fwp%2Fv2%2Fmedia&parent=21012"}],"wp:term":[{"taxonomy":"category","embeddable":true,"href":"https:\/\/akdenizolaygazetesi.com\/index.php?rest_route=%2Fwp%2Fv2%2Fcategories&post=21012"},{"taxonomy":"post_tag","embeddable":true,"href":"https:\/\/akdenizolaygazetesi.com\/index.php?rest_route=%2Fwp%2Fv2%2Ftags&post=21012"}],"curies":[{"name":"wp","href":"https:\/\/api.w.org\/{rel}","templated":true}]}}