{"id":21015,"date":"2022-09-16T12:56:50","date_gmt":"2022-09-16T09:56:50","guid":{"rendered":"http:\/\/akdenizolaygazetesi.com\/?p=21015"},"modified":"2022-09-16T12:56:50","modified_gmt":"2022-09-16T09:56:50","slug":"belediyenin-bu-anlamda-bir-hizmet-yaptigini-bilmiyordum","status":"publish","type":"post","link":"https:\/\/akdenizolaygazetesi.com\/?p=21015","title":{"rendered":"&#8220;BELED\u0130YEN\u0130N BU ANLAMDA B\u0130R H\u0130ZMET YAPTI\u011eINI B\u0130LM\u0130YORDUM&#8221;"},"content":{"rendered":"<p>Mersin B\u00fcy\u00fck\u015fehir Belediyesi her kesimden her vatanda\u015f\u0131n derdine derman olmak i\u00e7in var g\u00fcc\u00fcyle \u00e7al\u0131\u015fmaya devam ediyor. B\u00fcy\u00fck\u015fehir Belediyesi, geli\u015fimsel farkl\u0131l\u0131k tan\u0131s\u0131 ile Engelsiz Ya\u015fam Merkezi&#8217;ne ba\u015fvuran Aras Ya\u011f\u0131z Atak&#8217;\u0131n ya\u015fad\u0131\u011f\u0131 sosyal davran\u0131\u015f bozuklu\u011funun, verdi\u011fi \u00fccretsiz e\u011fitim ile alt seviyelere \u00e7ekilmesini sa\u011flad\u0131.<\/p>\n<p>\u00c7ocuklar\u0131n bedensel, duyusal ve ruhsal geli\u015fimine katk\u0131 sa\u011flan\u0131yor<\/p>\n<p>Annesi Filiz Atak&#8217;\u0131n ba\u015fvurusunun incelenmesinin ard\u0131ndan, k\u00fc\u00e7\u00fck \u00e7ocu\u011fun tedavisine katk\u0131 sunmak i\u00e7in \u00e7al\u0131\u015fmalara ba\u015flad\u0131klar\u0131n\u0131 s\u00f6yleyen Sa\u011fl\u0131k \u0130\u015fleri Dairesi Ba\u015fkanl\u0131\u011f\u0131 Engelsiz Ya\u015fam Merkezi Egzersiz ve Koordinasyon Odas\u0131 sorumlusu Beden E\u011fitim ve Spor \u00d6\u011fretmeni Fatma Nur Y\u0131lmaz, &#8220;Ya\u011f\u0131z Aras, geli\u015fimsel farkl\u0131l\u0131k tan\u0131s\u0131 ile bize geldi. G\u00fc\u00e7l\u00fc ve zay\u0131f y\u00f6nlerini aileyle beraber g\u00f6zlemleyerek, spor planlama program\u0131 olu\u015fturduk&#8221; dedi.<br \/>\nVerilen e\u011fitimler ve fiziksel aktivitelerle beraber, \u00e7ocuklar\u0131n koordinasyon parkurlar\u0131nda g\u00f6stermi\u015f oldu\u011fu performanslarla; bedensel, bili\u00e7sel, duyusal ve ruhsal geli\u015fimine katk\u0131 sa\u011flamay\u0131 hedeflediklerini ifade eden Y\u0131lmaz, e\u011fitim s\u00fcresince anne Filiz Atak&#8217;\u0131n da derslere kat\u0131ld\u0131\u011f\u0131n\u0131 belirterek, &#8220;Biz genellikle 7 ay boyunca annesi ile beraber derse girdik. D\u00f6nem d\u00f6nem \u00e7ocu\u011fun davran\u0131\u015f problemlerinden dolay\u0131, anneyi \u00e7\u0131karmak zorunda kald\u0131m. Bu \u015fekilde veliye de \u00f6\u011freterek, spor planlama programlar\u0131n\u0131 g\u00f6stererek, s\u00fcrece d\u00e2hil etmeye \u00e7al\u0131\u015f\u0131yoruz&#8221; diye konu\u015ftu.<br \/>\nBenzer e\u011fitimlerin 1 e\u011fitim-\u00f6\u011fretim y\u0131l\u0131 s\u00fcresince devam etti\u011fini ve \u00fccretsiz oldu\u011fu i\u00e7in vatanda\u015flardan \u00e7ok fazla talep ald\u0131klar\u0131n\u0131 s\u00f6yleyen Y\u0131lmaz, ba\u015fvuru i\u00e7in ki\u015finin engelli sa\u011fl\u0131k raporu ve \u00f6z bak\u0131m becerilerini yerine getirebiliyor olmas\u0131 gerekti\u011fini kaydetti.<\/p>\n<p>Anne Filiz Atak: &#8220;O\u011flum komutlara uyma, bekleme ve sosyal ili\u015fkilerde daha iyi&#8221;<\/p>\n<p>O\u011flunun sosyal davran\u0131\u015f bozuklu\u011fu tan\u0131s\u0131 sonras\u0131nda Engelsiz Ya\u015fam Merkezi&#8217;ne ba\u015fvurduklar\u0131n\u0131 dile getiren anne Filiz Atak, &#8220;Buras\u0131 asl\u0131nda bildi\u011fim, ama bilmedi\u011fim bir yerdi a\u00e7\u0131k\u00e7as\u0131. \u00c7al\u0131\u015ft\u0131\u011f\u0131m i\u015ften dolay\u0131 buran\u0131n fark\u0131na vard\u0131k. Buraya geldi\u011fimizde, benim o\u011flum komut alm\u0131yordu. Bildi\u011fini yap\u0131yordu, hi\u00e7bir \u015fekilde insanlarla temas kurmuyor, uzak duruyordu. Yani sosyal bir insan\u0131n yapmas\u0131 gereken her \u015feyden uzaktayd\u0131. Buraya geldikten sonra komutlara uyma, bekleme ve sosyal ili\u015fkilerde biraz daha iyi&#8221; dedi.<br \/>\nYa\u011f\u0131z Aras&#8217;\u0131n tedavi e\u011fitimi \u00f6ncesinde kaybetme ve kazanmayla ilgili \u00e7ok ciddi s\u0131k\u0131nt\u0131lar\u0131 oldu\u011funu s\u00f6yleyen anne Atak, &#8220;Kaybetme olay\u0131n\u0131 y\u00fczde 100 a\u015fm\u0131\u015f de\u011filiz. Bu durum sa\u011fl\u0131kl\u0131 insanlarda da var bazen. Y\u00fczde 100 her \u015feyi m\u00fckemmel oldu diyemiyorum, ama ortalamaya vurdu\u011funuz zaman hocam\u0131z\u0131n sabr\u0131, sevgisi \u00e7ok etkili oldu. Art\u0131k o\u011flum buraya severek geliyor. Bunda hocam\u0131z\u0131n sabr\u0131 ve i\u015fini severek yapmas\u0131n\u0131n katk\u0131s\u0131 \u00e7ok fazla&#8221; diye konu\u015ftu.  <\/p>\n<p>&#8220;B\u00fcy\u00fck\u015fehir, \u00f6zel gereksinimli bireylerle ilgili \u00e7ok g\u00fczel \u00e7al\u0131\u015fmalar yap\u0131yor&#8221;<\/p>\n<p>Verilen hizmetten dolay\u0131 Mersin B\u00fcy\u00fck\u015fehir Belediyesi&#8217;ne te\u015fekk\u00fcr etti\u011fini ifade eden Filiz Atak, &#8220;Bizim fark\u0131m\u0131zda olmalar\u0131 beni \u00e7ok mutlu etti. Benim ba\u015f\u0131ma b\u00f6yle bir \u015fey gelene kadar, belediyenin bu anlamda bir hizmeti oldu\u011funun fark\u0131nda de\u011fildim. G\u00fczel \u015feyler veriyorlar a\u00e7\u0131k\u00e7as\u0131. Y\u00fczme olsun, cimnastik olsun, resim olsun bir\u00e7ok konu var. Ben \u00e7al\u0131\u015fma ko\u015fullar\u0131mdan dolay\u0131 \u00e7ocu\u011fumu her tarafa g\u00f6t\u00fcremiyorum, ama burada \u00f6\u011fretmenimizin de \u00e7ok katk\u0131s\u0131 oldu\u011fu i\u00e7in buraya \u00f6zellikle zaman ay\u0131r\u0131yoruz&#8221; \u015feklinde konu\u015ftu.<br \/>\n\u00d6zel gereksinimli \u00e7ocu\u011fu olan ailelere de \u00e7a\u011fr\u0131da bulunan anne Filiz Atak, &#8220;Sadece rehabilitasyonla ilerlenebilecek bir durum de\u011fil. \u00c7ocuklar\u0131n\u0131 olabildi\u011fince sporla i\u00e7 i\u00e7e desteklerlerse, kesinlikle yol kat edeceklerdir. Ge\u00e7en sene \u00e7ocu\u011fumu cimnasti\u011fe ve y\u00fczmeye buradaki merkeze getirdim. Emek varsa, ger\u00e7ekten \u00fcr\u00fcn var&#8221; dedi.<\/p>\n<p>Son olarak Mersin B\u00fcy\u00fck\u015fehir Belediyesi&#8217;nin \u00f6zel gereksinimli bireylere yakla\u015f\u0131m\u0131n\u0131n da takdire \u015fayan oldu\u011funu s\u00f6yleyen Atak, &#8220;Belediyemizin anlay\u0131\u015f\u0131 burada ortaya \u00e7\u0131k\u0131yor. \u00d6zel gereksinimli bireylerle ilgili ger\u00e7ekten g\u00fczel \u00e7al\u0131\u015fmalar yap\u0131yorlar. Benim zamanla ilgili s\u0131k\u0131nt\u0131m olmam\u0131\u015f olsa, belediyenin bir\u00e7ok aktivitesine kat\u0131laca\u011f\u0131m. Burada Mola Evi var, d\u0131\u015far\u0131da \u00e7ocuklar\u0131n sosyalle\u015fmesi anlam\u0131nda farkl\u0131 etkinlikler yap\u0131yorlar, gezilere g\u00f6t\u00fcr\u00fcyorlar&#8221; ifadelerini kulland\u0131.<\/p>\n","protected":false},"excerpt":{"rendered":"<p>Mersin B\u00fcy\u00fck\u015fehir Belediyesi her kesimden her vatanda\u015f\u0131n derdine derman olmak i\u00e7in var g\u00fcc\u00fcyle \u00e7al\u0131\u015fmaya devam ediyor. B\u00fcy\u00fck\u015fehir Belediyesi, geli\u015fimsel farkl\u0131l\u0131k tan\u0131s\u0131 ile Engelsiz Ya\u015fam Merkezi&#8217;ne ba\u015fvuran Aras Ya\u011f\u0131z Atak&#8217;\u0131n ya\u015fad\u0131\u011f\u0131 &hellip; <a href=\"https:\/\/akdenizolaygazetesi.com\/?p=21015\" class=\"more-link\">Devam\u0131n\u0131 Oku&#8230;<\/a><\/p>\n","protected":false},"author":2,"featured_media":21016,"comment_status":"open","ping_status":"open","sticky":false,"template":"","format":"standard","meta":[],"categories":[2,3,5],"tags":[],"_links":{"self":[{"href":"https:\/\/akdenizolaygazetesi.com\/index.php?rest_route=\/wp\/v2\/posts\/21015"}],"collection":[{"href":"https:\/\/akdenizolaygazetesi.com\/index.php?rest_route=\/wp\/v2\/posts"}],"about":[{"href":"https:\/\/akdenizolaygazetesi.com\/index.php?rest_route=\/wp\/v2\/types\/post"}],"author":[{"embeddable":true,"href":"https:\/\/akdenizolaygazetesi.com\/index.php?rest_route=\/wp\/v2\/users\/2"}],"replies":[{"embeddable":true,"href":"https:\/\/akdenizolaygazetesi.com\/index.php?rest_route=%2Fwp%2Fv2%2Fcomments&post=21015"}],"version-history":[{"count":1,"href":"https:\/\/akdenizolaygazetesi.com\/index.php?rest_route=\/wp\/v2\/posts\/21015\/revisions"}],"predecessor-version":[{"id":21017,"href":"https:\/\/akdenizolaygazetesi.com\/index.php?rest_route=\/wp\/v2\/posts\/21015\/revisions\/21017"}],"wp:featuredmedia":[{"embeddable":true,"href":"https:\/\/akdenizolaygazetesi.com\/index.php?rest_route=\/wp\/v2\/media\/21016"}],"wp:attachment":[{"href":"https:\/\/akdenizolaygazetesi.com\/index.php?rest_route=%2Fwp%2Fv2%2Fmedia&parent=21015"}],"wp:term":[{"taxonomy":"category","embeddable":true,"href":"https:\/\/akdenizolaygazetesi.com\/index.php?rest_route=%2Fwp%2Fv2%2Fcategories&post=21015"},{"taxonomy":"post_tag","embeddable":true,"href":"https:\/\/akdenizolaygazetesi.com\/index.php?rest_route=%2Fwp%2Fv2%2Ftags&post=21015"}],"curies":[{"name":"wp","href":"https:\/\/api.w.org\/{rel}","templated":true}]}}