{"id":21024,"date":"2022-09-16T13:01:35","date_gmt":"2022-09-16T10:01:35","guid":{"rendered":"http:\/\/akdenizolaygazetesi.com\/?p=21024"},"modified":"2022-09-16T13:01:35","modified_gmt":"2022-09-16T10:01:35","slug":"tarsus-kultur-parkta-bulunan-engelliler-tuvaletinin-kapisini-caldilar","status":"publish","type":"post","link":"https:\/\/akdenizolaygazetesi.com\/?p=21024","title":{"rendered":"TARSUS K\u00dcLT\u00dcR PARK&#8217;TA BULUNAN ENGELL\u0130LER TUVALET\u0130N\u0130N KAPISINI \u00c7ALDILAR"},"content":{"rendered":"<p>Mersin B\u00fcy\u00fck\u015fehir Belediyesi&#8217;nin sorumlulu\u011fundaki park ve mesire alanlar\u0131nda bulunan tuvaletlere \u00e7irkin sald\u0131r\u0131lar s\u00fcr\u00fcyor.<br \/>\nTarsus K\u00fclt\u00fcr Park i\u00e7erisinde mevcut tuvaletlere bir kez daha zarar verme ve h\u0131rs\u0131zl\u0131k olay\u0131 ger\u00e7ekle\u015fti. Kent merkezinde yer alan ve her g\u00fcn binlerce vatanda\u015f\u0131n ziyaret etti\u011fi K\u00fclt\u00fcr Park&#8217;ta engelliler tuvaletinin kap\u0131s\u0131, kimli\u011fi belirsiz ki\u015fi ya da ki\u015filerce \u00e7al\u0131nd\u0131. Ayr\u0131ca park\u0131n 3 ayr\u0131 noktas\u0131nda vatanda\u015f\u0131n hizmetine sunulan tuvaletlerde farkl\u0131 tahribatlar yap\u0131ld\u0131.<\/p>\n<p>Engelliler tuvaletinin yan\u0131 s\u0131ra kad\u0131nlar tuvaletlerinde bulunan alanda kap\u0131 h\u0131rs\u0131zl\u0131\u011f\u0131 yap\u0131l\u0131rken; 12 adet musluk, 9 adet lavabo bataryas\u0131 da yerinden s\u00f6k\u00fcl\u00fcp, ayn\u0131 \u015fekilde pisuvarlara zarar verildi.<br \/>\nVatanda\u015flar\u0131n ortak kullan\u0131m alan\u0131 olan erkekler, kad\u0131nlar ve engelliler i\u00e7in ayr\u0131 ayr\u0131 olarak hizmet veren tuvaletin farkl\u0131 b\u00f6l\u00fcmlerinde bulunan aparatlar da yerinden s\u00f6k\u00fcld\u00fc.<\/p>\n<p>Tarsus&#8217;ta ge\u00e7ti\u011fimiz aylarda Berdan Baraj b\u00f6lgesi Devlet Park\u0131 mesire alan\u0131nda yer alan ve B\u00fcy\u00fck\u015fehir Belediyesi taraf\u0131ndan yapt\u0131r\u0131lan tuvaletlere de benzer sald\u0131r\u0131lar ger\u00e7ekle\u015ftirilmi\u015fti.<\/p>\n","protected":false},"excerpt":{"rendered":"<p>Mersin B\u00fcy\u00fck\u015fehir Belediyesi&#8217;nin sorumlulu\u011fundaki park ve mesire alanlar\u0131nda bulunan tuvaletlere \u00e7irkin sald\u0131r\u0131lar s\u00fcr\u00fcyor. Tarsus K\u00fclt\u00fcr Park i\u00e7erisinde mevcut tuvaletlere bir kez daha zarar verme ve h\u0131rs\u0131zl\u0131k olay\u0131 ger\u00e7ekle\u015fti. Kent merkezinde &hellip; <a href=\"https:\/\/akdenizolaygazetesi.com\/?p=21024\" class=\"more-link\">Devam\u0131n\u0131 Oku&#8230;<\/a><\/p>\n","protected":false},"author":2,"featured_media":21025,"comment_status":"open","ping_status":"open","sticky":false,"template":"","format":"standard","meta":[],"categories":[1,3,5],"tags":[],"_links":{"self":[{"href":"https:\/\/akdenizolaygazetesi.com\/index.php?rest_route=\/wp\/v2\/posts\/21024"}],"collection":[{"href":"https:\/\/akdenizolaygazetesi.com\/index.php?rest_route=\/wp\/v2\/posts"}],"about":[{"href":"https:\/\/akdenizolaygazetesi.com\/index.php?rest_route=\/wp\/v2\/types\/post"}],"author":[{"embeddable":true,"href":"https:\/\/akdenizolaygazetesi.com\/index.php?rest_route=\/wp\/v2\/users\/2"}],"replies":[{"embeddable":true,"href":"https:\/\/akdenizolaygazetesi.com\/index.php?rest_route=%2Fwp%2Fv2%2Fcomments&post=21024"}],"version-history":[{"count":1,"href":"https:\/\/akdenizolaygazetesi.com\/index.php?rest_route=\/wp\/v2\/posts\/21024\/revisions"}],"predecessor-version":[{"id":21026,"href":"https:\/\/akdenizolaygazetesi.com\/index.php?rest_route=\/wp\/v2\/posts\/21024\/revisions\/21026"}],"wp:featuredmedia":[{"embeddable":true,"href":"https:\/\/akdenizolaygazetesi.com\/index.php?rest_route=\/wp\/v2\/media\/21025"}],"wp:attachment":[{"href":"https:\/\/akdenizolaygazetesi.com\/index.php?rest_route=%2Fwp%2Fv2%2Fmedia&parent=21024"}],"wp:term":[{"taxonomy":"category","embeddable":true,"href":"https:\/\/akdenizolaygazetesi.com\/index.php?rest_route=%2Fwp%2Fv2%2Fcategories&post=21024"},{"taxonomy":"post_tag","embeddable":true,"href":"https:\/\/akdenizolaygazetesi.com\/index.php?rest_route=%2Fwp%2Fv2%2Ftags&post=21024"}],"curies":[{"name":"wp","href":"https:\/\/api.w.org\/{rel}","templated":true}]}}