{"id":21027,"date":"2022-09-16T13:03:58","date_gmt":"2022-09-16T10:03:58","guid":{"rendered":"http:\/\/akdenizolaygazetesi.com\/?p=21027"},"modified":"2022-09-16T13:03:58","modified_gmt":"2022-09-16T10:03:58","slug":"basin-ve-iletisim-sube-mudurlugune-abdurrahman-sezer-atandi","status":"publish","type":"post","link":"https:\/\/akdenizolaygazetesi.com\/?p=21027","title":{"rendered":"Bas\u0131n ve \u0130leti\u015fim \u015eube M\u00fcd\u00fcrl\u00fc\u011f\u00fcne Abdurrahman Sezer Atand\u0131"},"content":{"rendered":"<p>\u0130zmir Orman B\u00f6lge M\u00fcd\u00fcrl\u00fc\u011f\u00fc emrinde \u015eube M\u00fcd\u00fcr\u00fc olarak g\u00f6rev yapmakta iken, B\u00f6lge M\u00fcd\u00fcrl\u00fc\u011f\u00fcm\u00fcz Bas\u0131n ve \u0130leti\u015fim \u015eube M\u00fcd\u00fcrl\u00fc\u011f\u00fc emrine \u015eube M\u00fcd\u00fcr\u00fc olarak naklen tayin olan Abdurrahman Sezer \u2018e g\u00f6reve ba\u015flamas\u0131 dolay\u0131s\u0131yla, Mersin Orman B\u00f6lge M\u00fcd\u00fcr\u00fc Mustafa Yal\u00e7\u0131n, hay\u0131rl\u0131 olsun ziyaretinde bulunarak, g\u00f6revinde ba\u015far\u0131lar diledi.<br \/>\n1979 Y\u0131l\u0131nda  do\u011fan Abdurrahman Sezer; Kahramanmara\u015f S\u00fct\u00e7\u00fc \u0130mam \u00dcniversitesi Orman Fak\u00fcltesi mezunudur. Mersin, Antalya ve \u0130zmir Orman B\u00f6lge M\u00fcd\u00fcrl\u00fcklerinin \u00e7e\u015fitli birimlerinde g\u00f6rev yapan Orman M\u00fchendisi Abdurrahman Sezer, en son olarak \u0130zmir Orman B\u00f6lge M\u00fcd\u00fcrl\u00fc\u011f\u00fc emrinde \u015eube M\u00fcd\u00fcr\u00fc olarak g\u00f6rev yapmaktayd\u0131.<br \/>\nMersin Orman B\u00f6lge M\u00fcd\u00fcrl\u00fc\u011f\u00fcne Bas\u0131n ve \u0130leti\u015fim \u015eube M\u00fcd\u00fcr\u00fc olarak atanan Sezer\u2019i tebrik eder, yeni g\u00f6revinde ba\u015far\u0131lar dileriz.<\/p>\n","protected":false},"excerpt":{"rendered":"<p>\u0130zmir Orman B\u00f6lge M\u00fcd\u00fcrl\u00fc\u011f\u00fc emrinde \u015eube M\u00fcd\u00fcr\u00fc olarak g\u00f6rev yapmakta iken, B\u00f6lge M\u00fcd\u00fcrl\u00fc\u011f\u00fcm\u00fcz Bas\u0131n ve \u0130leti\u015fim \u015eube M\u00fcd\u00fcrl\u00fc\u011f\u00fc emrine \u015eube M\u00fcd\u00fcr\u00fc olarak naklen tayin olan Abdurrahman Sezer \u2018e g\u00f6reve ba\u015flamas\u0131 &hellip; <a href=\"https:\/\/akdenizolaygazetesi.com\/?p=21027\" class=\"more-link\">Devam\u0131n\u0131 Oku&#8230;<\/a><\/p>\n","protected":false},"author":2,"featured_media":21028,"comment_status":"open","ping_status":"open","sticky":false,"template":"","format":"standard","meta":[],"categories":[2,3],"tags":[],"_links":{"self":[{"href":"https:\/\/akdenizolaygazetesi.com\/index.php?rest_route=\/wp\/v2\/posts\/21027"}],"collection":[{"href":"https:\/\/akdenizolaygazetesi.com\/index.php?rest_route=\/wp\/v2\/posts"}],"about":[{"href":"https:\/\/akdenizolaygazetesi.com\/index.php?rest_route=\/wp\/v2\/types\/post"}],"author":[{"embeddable":true,"href":"https:\/\/akdenizolaygazetesi.com\/index.php?rest_route=\/wp\/v2\/users\/2"}],"replies":[{"embeddable":true,"href":"https:\/\/akdenizolaygazetesi.com\/index.php?rest_route=%2Fwp%2Fv2%2Fcomments&post=21027"}],"version-history":[{"count":1,"href":"https:\/\/akdenizolaygazetesi.com\/index.php?rest_route=\/wp\/v2\/posts\/21027\/revisions"}],"predecessor-version":[{"id":21029,"href":"https:\/\/akdenizolaygazetesi.com\/index.php?rest_route=\/wp\/v2\/posts\/21027\/revisions\/21029"}],"wp:featuredmedia":[{"embeddable":true,"href":"https:\/\/akdenizolaygazetesi.com\/index.php?rest_route=\/wp\/v2\/media\/21028"}],"wp:attachment":[{"href":"https:\/\/akdenizolaygazetesi.com\/index.php?rest_route=%2Fwp%2Fv2%2Fmedia&parent=21027"}],"wp:term":[{"taxonomy":"category","embeddable":true,"href":"https:\/\/akdenizolaygazetesi.com\/index.php?rest_route=%2Fwp%2Fv2%2Fcategories&post=21027"},{"taxonomy":"post_tag","embeddable":true,"href":"https:\/\/akdenizolaygazetesi.com\/index.php?rest_route=%2Fwp%2Fv2%2Ftags&post=21027"}],"curies":[{"name":"wp","href":"https:\/\/api.w.org\/{rel}","templated":true}]}}