{"id":21030,"date":"2022-09-16T13:05:32","date_gmt":"2022-09-16T10:05:32","guid":{"rendered":"http:\/\/akdenizolaygazetesi.com\/?p=21030"},"modified":"2022-09-16T13:05:32","modified_gmt":"2022-09-16T10:05:32","slug":"yenisehir-belediyesinin-projesi-bir-kez-daha-ornek-olarak-anlatildi","status":"publish","type":"post","link":"https:\/\/akdenizolaygazetesi.com\/?p=21030","title":{"rendered":"Yeni\u015fehir Belediyesinin projesi bir kez daha \u00f6rnek olarak anlat\u0131ld\u0131"},"content":{"rendered":"<p>Mersin Yeni\u015fehir Belediyesi,  T\u00fcrkiye\u2019de bir ilke imza atarak hayata ge\u00e7irdi\u011fi Erken \u00c7ocukluk Geli\u015fimi Projesi; Yeni\u015fehir Modeli\u2019ni davet edildi\u011fi Kentte Erken \u00c7ocukluk E\u011fitim Program\u0131nda anlatt\u0131. Marmara Belediyeler Birli\u011fi taraf\u0131ndan d\u00fczenlenen e\u011fitim program\u0131nda Yeni\u015fehir Belediyesinin projesi \u00f6rnek olarak g\u00f6sterildi ve kat\u0131l\u0131mc\u0131larla payla\u015f\u0131ld\u0131. Belediye Ba\u015fkan\u0131 Abdullah \u00d6zyi\u011fit, \u201cTemel hedefimiz \u00e7ocuklar\u0131m\u0131z\u0131 sa\u011fl\u0131kl\u0131 ve ba\u015far\u0131l\u0131 bireyler olarak yeti\u015ftirmek ve projemizin t\u00fcm T\u00fcrkiye\u2019ye yay\u0131lmas\u0131n\u0131 sa\u011flamak\u201d dedi.<br \/>\nMarmara Belediyeler Birli\u011fi, Superpool ve \u0130stanbul Planlama Ajans\u0131 i\u015fbirli\u011fiyle 13, 14, 15 Eyl\u00fcl tarihlerinde d\u00fczenlenen Kentte Erken \u00c7ocukluk E\u011fitim Program\u0131nda Yeni\u015fehir Belediyesi hayata ge\u00e7irdi\u011fi proje ile davet edilmi\u015fti.  \u0130stanbul\u2019da d\u00fczenlenen e\u011fitim program\u0131na Yeni\u015fehir Belediye Ba\u015fkan\u0131 Abdullah \u00d6zyi\u011fit ve Proje Koordinat\u00f6r\u00fc Raif \u00c7akmak kat\u0131ld\u0131. Programda, Yeni\u015fehir Belediyesinin hayata ge\u00e7irdi\u011fi proje kapsam\u0131nda 3 y\u0131ll\u0131k s\u00fcre\u00e7te yap\u0131lan \u00e7al\u0131\u015fmalar anlat\u0131ld\u0131. Yerel y\u00f6netimlerin erken \u00e7ocukluk d\u00f6nemine (0-6 ya\u015f) ili\u015fkin hizmet ve uygulamalar\u0131nda kapasite art\u0131r\u0131m\u0131n\u0131 ve kentsel politikalar\u0131n erken \u00e7ocukluk d\u00f6nemini g\u00f6zetecek bi\u00e7imde \u00fcretimini sa\u011flamay\u0131 ama\u00e7layan Kentte Erken \u00c7ocukluk E\u011fitim Program\u0131nda, erken \u00e7ocukluk e\u011fitiminde \u00f6ne \u00e7\u0131kan Yeni\u015fehir Belediyesinin projesi kat\u0131l\u0131mc\u0131larla payla\u015f\u0131ld\u0131.<br \/>\nBa\u015fkan \u00d6zyi\u011fit \u201c\u00c7ocuklar\u0131m\u0131za yapaca\u011f\u0131m\u0131z yat\u0131r\u0131m gelece\u011fimizi kurtaracakt\u0131r\u201d<br \/>\nYeni\u015fehir Belediye Ba\u015fkan\u0131 Abdullah \u00d6zyi\u011fit\u2019in g\u00f6reve ba\u015flamas\u0131yla birlikte hayata ge\u00e7irdi\u011fi Erken \u00c7ocukluk E\u011fitimi Projesi; Yeni\u015fehir Modeli, 3 y\u0131lda binlerce \u00e7ocu\u011fun ve ailenin hayat\u0131na dokundu. Marmara \u00dcniversitesi b\u00fcnyesine faaliyet y\u00fcr\u00fcten Marmara Aile Becerileri E\u011fitim Program\u0131nda(MABEP) g\u00f6revli uzman akademisyenler ile birlikte \u00e7al\u0131\u015fan Yeni\u015fehir Belediyesi hem \u00e7ocuklardaki geli\u015fimsel problemleri erken d\u00f6nemde tespit ediyor hem de geli\u015fimlerine destek veriyor. Ba\u015fkan Abdullah \u00d6zyi\u011fit, proje kapsam\u0131nda \u201cAile ve Evlilik Hayat\u0131 E\u011fitimi, 0-3 Ya\u015f MABEP, 0-3 Ya\u015f Bebek K\u00fct\u00fcphanesi, 0-6 Ya\u015f Geli\u015fim De\u011ferlendirme, 0-6 Ya\u015f \u00d6zel E\u011fitim, 3-6 Ya\u015f BETEM ve 6-8 Ya\u015f At\u00f6lye Temelli E\u011fitimlerle \u00e7ocuklar\u0131m\u0131za destek veriyoruz.  Proje ile bireylere aile olman\u0131n \u00f6nemini anlat\u0131yor, 0-3 ya\u015f aras\u0131nda \u00e7ocuklar\u0131 olan ebeveynlere erken \u00e7ocukluk e\u011fitimi veriyor, bebek k\u00fct\u00fcphanesiyle \u00e7ocuklar\u0131n dil\/bili\u015fsel geli\u015fimine katk\u0131da bulunuyor ve sa\u011fl\u0131k taramas\u0131yla \u00e7ocuklardaki geli\u015fimsel bozukluklar\u0131 tespit ediyoruz.  Ayr\u0131ca kurdu\u011fumuz BETEM\u2019le \u00e7ocuklar\u0131n potansiyelini ortaya \u00e7\u0131kar\u0131rken, at\u00f6lye temelli e\u011fitimlerle de farkl\u0131 alanlarda \u00e7ocuklara uygulamal\u0131 e\u011fitimler veriyoruz.\u201difadelerini kulland\u0131.  Ba\u015fkan \u00d6zyi\u011fit, konu\u015fmas\u0131n\u0131n devam\u0131na \u015funlar\u0131 s\u00f6yledi: \u201cBu proje inan\u0131yorum ki \u00fclkemizdeki e\u011fitimin temeli olacakt\u0131r. Bu asl\u0131nda biraz da at\u00f6lye \u00e7al\u0131\u015fmas\u0131d\u0131r. Yeni\u015fehir Belediyesi olarak MABEP Ba\u015fkan\u0131 Prof. Dr. Ozan Ural ve y\u0131llard\u0131r e\u011fitime katk\u0131lar sunan projemizin koordinat\u00f6r\u00fc Raif \u00c7akmak ile \u00e7al\u0131\u015f\u0131yoruz. Bu a\u00e7\u0131dan da \u015fansl\u0131 oldu\u011fumuzu ve iyi gitti\u011fimizi d\u00fc\u015f\u00fcn\u00fcyorum. \u015eu anda erken \u00e7ocukluk ete\u011fimi alanlar ailelerin \u00e7ocuklar\u0131n\u0131 Beceri Temelli E\u011fitim Merkezimizde de izleme \u015fans\u0131m\u0131z oluyor. Orada da bu e\u011fitimi alan ve almayan ailelerimizin \u00e7ocuklar\u0131 aras\u0131ndaki fark\u0131 g\u00f6r\u00fcyoruz. \u00c7ocuklar\u0131m\u0131za yapaca\u011f\u0131m\u0131z yat\u0131r\u0131m gelece\u011fimizi kurtaracakt\u0131r diye d\u00fc\u015f\u00fcn\u00fcyorum.\u201d<br \/>\nYeni\u015fehir Belediyesi daha \u00f6nce de Birle\u015fmi\u015f Milletler \u00c7ocuklara Yard\u0131m Fonu(UNICEF) ve Erken \u00c7ocukluk Geli\u015fimi Sivil Toplum Kurulu\u015flar\u0131 Platformu (E\u00c7G-P) ortakl\u0131\u011f\u0131yla d\u00fczenlenen Uluslararas\u0131 Erken \u00c7ocukluk Geli\u015fimi Sivil Toplum Kurulu\u015flar\u0131 Platformu Kongresine yine Erken \u00c7ocukluk Geli\u015fimi Projesi; Yeni\u015fehir Modeli ile davet edilmi\u015fti. <\/p>\n","protected":false},"excerpt":{"rendered":"<p>Mersin Yeni\u015fehir Belediyesi, T\u00fcrkiye\u2019de bir ilke imza atarak hayata ge\u00e7irdi\u011fi Erken \u00c7ocukluk Geli\u015fimi Projesi; Yeni\u015fehir Modeli\u2019ni davet edildi\u011fi Kentte Erken \u00c7ocukluk E\u011fitim Program\u0131nda anlatt\u0131. Marmara Belediyeler Birli\u011fi taraf\u0131ndan d\u00fczenlenen e\u011fitim &hellip; <a href=\"https:\/\/akdenizolaygazetesi.com\/?p=21030\" class=\"more-link\">Devam\u0131n\u0131 Oku&#8230;<\/a><\/p>\n","protected":false},"author":2,"featured_media":21031,"comment_status":"open","ping_status":"open","sticky":false,"template":"","format":"standard","meta":[],"categories":[2,3,5],"tags":[],"_links":{"self":[{"href":"https:\/\/akdenizolaygazetesi.com\/index.php?rest_route=\/wp\/v2\/posts\/21030"}],"collection":[{"href":"https:\/\/akdenizolaygazetesi.com\/index.php?rest_route=\/wp\/v2\/posts"}],"about":[{"href":"https:\/\/akdenizolaygazetesi.com\/index.php?rest_route=\/wp\/v2\/types\/post"}],"author":[{"embeddable":true,"href":"https:\/\/akdenizolaygazetesi.com\/index.php?rest_route=\/wp\/v2\/users\/2"}],"replies":[{"embeddable":true,"href":"https:\/\/akdenizolaygazetesi.com\/index.php?rest_route=%2Fwp%2Fv2%2Fcomments&post=21030"}],"version-history":[{"count":1,"href":"https:\/\/akdenizolaygazetesi.com\/index.php?rest_route=\/wp\/v2\/posts\/21030\/revisions"}],"predecessor-version":[{"id":21032,"href":"https:\/\/akdenizolaygazetesi.com\/index.php?rest_route=\/wp\/v2\/posts\/21030\/revisions\/21032"}],"wp:featuredmedia":[{"embeddable":true,"href":"https:\/\/akdenizolaygazetesi.com\/index.php?rest_route=\/wp\/v2\/media\/21031"}],"wp:attachment":[{"href":"https:\/\/akdenizolaygazetesi.com\/index.php?rest_route=%2Fwp%2Fv2%2Fmedia&parent=21030"}],"wp:term":[{"taxonomy":"category","embeddable":true,"href":"https:\/\/akdenizolaygazetesi.com\/index.php?rest_route=%2Fwp%2Fv2%2Fcategories&post=21030"},{"taxonomy":"post_tag","embeddable":true,"href":"https:\/\/akdenizolaygazetesi.com\/index.php?rest_route=%2Fwp%2Fv2%2Ftags&post=21030"}],"curies":[{"name":"wp","href":"https:\/\/api.w.org\/{rel}","templated":true}]}}