{"id":21034,"date":"2022-09-17T17:06:18","date_gmt":"2022-09-17T14:06:18","guid":{"rendered":"http:\/\/akdenizolaygazetesi.com\/?p=21034"},"modified":"2022-09-17T17:06:18","modified_gmt":"2022-09-17T14:06:18","slug":"53-yasindayim-bana-boyle-bir-imkan-verilmedi","status":"publish","type":"post","link":"https:\/\/akdenizolaygazetesi.com\/?p=21034","title":{"rendered":"&#8220;53 YA\u015eINDAYIM, BANA B\u00d6YLE B\u0130R \u0130MK\u00c2N VER\u0130LMED\u0130&#8221;"},"content":{"rendered":"<p>Yakla\u015f\u0131k 15 y\u0131ld\u0131r Mersin&#8217;de ya\u015fayan Meryem \u00d6nder&#8217;in hayat\u0131, 3 y\u0131l \u00f6nce Mersin B\u00fcy\u00fck\u015fehir Belediyesi Kad\u0131n ve Aile Hizmetleri Dairesi Ba\u015fkanl\u0131\u011f\u0131&#8217;n\u0131n, \u00fcretti\u011fi badem ezmesini belediye stantlar\u0131nda satmas\u0131 i\u00e7in davet etmesi ile bamba\u015fka bir yola evrildi. \u00d6nceleri sadece etkinliklerde sat\u0131\u015f yapan Meryem \u00d6nder, tamamen do\u011fal \u00fcr\u00fcnlerini, B\u00fcy\u00fck\u015fehir Belediyesi taraf\u0131ndan yap\u0131lan etiketleme ve paketleme e\u011fitiminden sonra belediye \u00e7al\u0131\u015fanlar\u0131 taraf\u0131ndan y\u00f6nlendirilen e-ticareti de kullanarak, \u015fimdilerde yerel marketlerde ve g\u0131da web sayfalar\u0131 sayesinde t\u00fcm T\u00fcrkiye&#8217;ye ula\u015ft\u0131r\u0131yor.<\/p>\n<p>Ba\u015far\u0131 hik\u00e2yesinin, Kad\u0131n ve Aile Hizmetleri Dairesi g\u00f6revlilerinin kendisine ula\u015fmas\u0131 ile ba\u015flad\u0131\u011f\u0131n\u0131 anlatan 2 \u00e7ocuk annesi Meryem \u00d6nder, &#8220;Badem ezmesi satmaya karar verdi\u011fimizde, Mersin B\u00fcy\u00fck\u015fehir Belediyesi&#8217;nin kad\u0131nlar i\u00e7in a\u00e7m\u0131\u015f oldu\u011fu stantlar\u0131 vard\u0131. Oraya davet ettiler. Gittim g\u00f6rd\u00fcm ki, biz kad\u0131nlar i\u00e7in \u00e7ok g\u00fczel stantlar kurmu\u015flar. Bizim para kazanabilmemiz i\u00e7in, ellerinden geleni yapt\u0131lar. Onlara kat\u0131ld\u0131k&#8221; dedi.<\/p>\n<p>&#8220;Kendi ayaklar\u0131m\u0131n \u00fczerinde durmak ne g\u00fczel bir \u015fey&#8221;<\/p>\n<p>&#8220;Oradaki g\u00f6rev yapan k\u0131zlar\u0131m\u0131z\u0131n bizlere olan ilgisi ile biz daha da h\u0131rsland\u0131k&#8221; diye s\u00f6zlerine devam eden \u00d6nder, ki\u015finin kendi paras\u0131n\u0131 kazanmas\u0131n\u0131n \u00e7ok \u00f6nemli oldu\u011funa dikkat \u00e7ekerek, &#8220;Kendi param\u0131z\u0131 kazanmaya ba\u015flad\u0131k. \u00c7ok da g\u00fczel oldu. B\u00f6yle g\u00fczel yerlere geldik, \u015fimdi d\u00fckk\u00e2n\u0131m var, i\u015fyerim var. \u00dcr\u00fcnlerimi, T\u00fcrkiye&#8217;nin her yerine paketleyip g\u00f6nderebiliyorum. Burada gurmelere verebiliyorum. Stantlarda satabiliyorum. Kendi ayaklar\u0131m\u0131n \u00fczerinde durdum, ne g\u00fczel bir \u015fey&#8221; ifadelerini kulland\u0131.<\/p>\n<p>&#8220;\u00c7al\u0131\u015f\u0131nca, para kazan\u0131nca daha g\u00fc\u00e7l\u00fc oluyorsun&#8221;<\/p>\n<p>Sade bir &#8216;Ev han\u0131m\u0131&#8217; olman\u0131n, ki\u015finin e\u015fi eve geldi\u011fi zaman &#8216;Ak\u015fama kadar evdesin&#8217; olarak tan\u0131mland\u0131\u011f\u0131n\u0131 belirten \u00d6nder, &#8220;Ama \u015fimdi o sorun yok. Kendi param\u0131 kazanabiliyorum, kendi istedi\u011fimi alabiliyorum. Ama hedefim daha da b\u00fcy\u00fck. Neden b\u00fcy\u00fcmeyeyim T\u00fcrkiye&#8217;de? Neden yan\u0131mda \u00e7al\u0131\u015fan insanlar olmas\u0131n? Neden ben de onlara ekmek vermeyeyim? \u00c7\u00fcnk\u00fc ben kad\u0131n olarak g\u00f6rd\u00fcm ki; \u00e7al\u0131\u015f\u0131nca, para kazan\u0131nca daha g\u00fc\u00e7l\u00fc oluyorsun. Yani kimseye minnet etmeden, kimsenin yard\u0131m\u0131 olmadan kendi fikirlerini \u00fcretebiliyorsun. \u00d6nceden para olmad\u0131\u011f\u0131nda soruyorsun; &#8216;Acaba o\u011flum, e\u015fim, kom\u015fum bir \u015fey der mi?&#8217; diye. Ama kendin kazand\u0131\u011f\u0131n zaman, kafanda bu sorular olmuyor&#8221; diye konu\u015ftu.<\/p>\n<p>&#8220;B\u00f6yle g\u00fczel d\u00fc\u015f\u00fcnen bir ba\u015fkan\u0131 nerede bulaca\u011f\u0131z ki?&#8221;<\/p>\n<p>Mersin B\u00fcy\u00fck\u015fehir Belediyesi&#8217;nin verdi\u011fi deste\u011fin kendisi i\u00e7in \u00e7ok \u00f6nemli oldu\u011funu ifade eden Meryem \u00d6nder, &#8220;B\u00fcy\u00fck\u015fehir Belediyesi&#8217;ne ne kadar te\u015fekk\u00fcr etsem az. \u00c7\u00fcnk\u00fc siyasi g\u00f6r\u00fc\u015f\u00fcm ne diye sormad\u0131lar. &#8216;Sen kimsin, nesin&#8217; diye sormad\u0131lar. Sadece &#8216;sen para kazan&#8217; dediler. \u00dclkemizde, bundan daha g\u00fczel d\u00fc\u015f\u00fcnen bir ba\u015fkan\u0131 nerede bulaca\u011f\u0131z ki? 53 ya\u015f\u0131nday\u0131m, bana b\u00f6yle bir imk\u00e2n verilmedi. Ama \u015fimdiki ba\u015fkan, ger\u00e7ekten hakk\u0131m\u0131zda g\u00fczel d\u00fc\u015f\u00fcn\u00fcyor. Ben 15 y\u0131ld\u0131r Mersin&#8217;deyim. Vahap Bey gelmeden \u00f6nce bize tezg\u00e2h m\u0131 a\u00e7t\u0131lar? &#8216;Gelin burada mal\u0131n\u0131z\u0131 sat\u0131n&#8217; m\u0131 dediler, yok. Ama bu ba\u015fkan, dedi\u011fim gibi, siyasi g\u00f6r\u00fc\u015f\u00fcn\u00fc sormadan herkese el uzat\u0131yor&#8221; \u015feklinde konu\u015ftu.<\/p>\n<p>&#8220;\u00dcretmenin ya\u015f\u0131 yok&#8221;<\/p>\n<p>Kad\u0131nlar\u0131n ya\u015flar\u0131 ka\u00e7 olursa olsun mutlaka bir \u015feyler \u00fcretmesi gerekti\u011fine inand\u0131\u011f\u0131n\u0131 da s\u00f6zlerine ekleyen Meryem \u00d6nder, &#8220;\u00dcretmeden \u00f6nce d\u00fc\u015f\u00fcnme yetene\u011fin bile olmuyor. Yani &#8216;O\u011flum, k\u0131z\u0131m ne der&#8217; diye akl\u0131ndan bir \u015feyler ge\u00e7se bile onu unutuyorsun. Ama \u00e7al\u0131\u015f\u0131rsan, \u00fcretirsen, elin birka\u00e7 kuru\u015f para g\u00f6r\u00fcrse beynin daha iyi \u00e7al\u0131\u015f\u0131yor. Yani &#8216;Ya ben bunu da yapabilirim&#8217; diyorsun. Bak ben bademle ba\u015flad\u0131m, ama \u015fimdi f\u0131st\u0131\u011f\u0131m var, f\u0131nd\u0131\u011f\u0131m var, tahinim var. Yani i\u015f i\u015fi getiriyor. Bo\u015f durmak yerine, kafan \u00e7al\u0131\u015f\u0131yor. Kesinlikle oturmas\u0131nlar, ya\u015flar\u0131 ka\u00e7 olursa olsun &#8216;Ya benden ge\u00e7ti&#8217; demesinler&#8221;  dedi.<\/p>\n","protected":false},"excerpt":{"rendered":"<p>Yakla\u015f\u0131k 15 y\u0131ld\u0131r Mersin&#8217;de ya\u015fayan Meryem \u00d6nder&#8217;in hayat\u0131, 3 y\u0131l \u00f6nce Mersin B\u00fcy\u00fck\u015fehir Belediyesi Kad\u0131n ve Aile Hizmetleri Dairesi Ba\u015fkanl\u0131\u011f\u0131&#8217;n\u0131n, \u00fcretti\u011fi badem ezmesini belediye stantlar\u0131nda satmas\u0131 i\u00e7in davet etmesi ile &hellip; <a href=\"https:\/\/akdenizolaygazetesi.com\/?p=21034\" class=\"more-link\">Devam\u0131n\u0131 Oku&#8230;<\/a><\/p>\n","protected":false},"author":2,"featured_media":21035,"comment_status":"open","ping_status":"open","sticky":false,"template":"","format":"standard","meta":[],"categories":[8,34,2,3,5],"tags":[],"_links":{"self":[{"href":"https:\/\/akdenizolaygazetesi.com\/index.php?rest_route=\/wp\/v2\/posts\/21034"}],"collection":[{"href":"https:\/\/akdenizolaygazetesi.com\/index.php?rest_route=\/wp\/v2\/posts"}],"about":[{"href":"https:\/\/akdenizolaygazetesi.com\/index.php?rest_route=\/wp\/v2\/types\/post"}],"author":[{"embeddable":true,"href":"https:\/\/akdenizolaygazetesi.com\/index.php?rest_route=\/wp\/v2\/users\/2"}],"replies":[{"embeddable":true,"href":"https:\/\/akdenizolaygazetesi.com\/index.php?rest_route=%2Fwp%2Fv2%2Fcomments&post=21034"}],"version-history":[{"count":1,"href":"https:\/\/akdenizolaygazetesi.com\/index.php?rest_route=\/wp\/v2\/posts\/21034\/revisions"}],"predecessor-version":[{"id":21036,"href":"https:\/\/akdenizolaygazetesi.com\/index.php?rest_route=\/wp\/v2\/posts\/21034\/revisions\/21036"}],"wp:featuredmedia":[{"embeddable":true,"href":"https:\/\/akdenizolaygazetesi.com\/index.php?rest_route=\/wp\/v2\/media\/21035"}],"wp:attachment":[{"href":"https:\/\/akdenizolaygazetesi.com\/index.php?rest_route=%2Fwp%2Fv2%2Fmedia&parent=21034"}],"wp:term":[{"taxonomy":"category","embeddable":true,"href":"https:\/\/akdenizolaygazetesi.com\/index.php?rest_route=%2Fwp%2Fv2%2Fcategories&post=21034"},{"taxonomy":"post_tag","embeddable":true,"href":"https:\/\/akdenizolaygazetesi.com\/index.php?rest_route=%2Fwp%2Fv2%2Ftags&post=21034"}],"curies":[{"name":"wp","href":"https:\/\/api.w.org\/{rel}","templated":true}]}}