{"id":21040,"date":"2022-09-17T17:10:04","date_gmt":"2022-09-17T14:10:04","guid":{"rendered":"http:\/\/akdenizolaygazetesi.com\/?p=21040"},"modified":"2022-09-17T17:10:04","modified_gmt":"2022-09-17T14:10:04","slug":"doga-mersinlilere-kucak-aciyor","status":"publish","type":"post","link":"https:\/\/akdenizolaygazetesi.com\/?p=21040","title":{"rendered":"Do\u011fa, Mersinlilere kucak a\u00e7\u0131yor"},"content":{"rendered":"<p>Mersin B\u00fcy\u00fck\u015fehir Belediyesi Kad\u0131n ve Aile Hizmetleri Dairesi b\u00fcnyesinde geleneksel hale getirilen &#8220;Do\u011fa Bizi \u00c7a\u011f\u0131r\u0131yor&#8221; etkinlikleri ile vatanda\u015flar do\u011fa ile i\u00e7 i\u00e7e bir g\u00fcn ge\u00e7iriyor. Avrupa Hareketlilik Haftas\u0131 kapsam\u0131nda Toroslar il\u00e7esi Kayrakke\u015flik Efrenk Vadisi&#8217;nde d\u00fczenlenen y\u00fcr\u00fcy\u00fc\u015f etkinli\u011fi ile kat\u0131l\u0131mc\u0131lar\u0131 do\u011fan\u0131n i\u00e7inde temiz havada hem y\u00fcr\u00fcy\u00fc\u015f yapt\u0131 hem de sosyalle\u015fti.<\/p>\n<p>Do\u011fa, Mersinlilere kucak a\u00e7\u0131yor<\/p>\n<p>&#8220;Do\u011fa Bizi \u00c7a\u011f\u0131r\u0131yor&#8221; etkinlikleri ile do\u011faseverler her defas\u0131nda yeni bir rota ile farkl\u0131 bir do\u011fal g\u00fczelli\u011fin ke\u015ffine \u00e7\u0131k\u0131yor. \u00dccretsiz olarak d\u00fczenlenen etkinlikler \u00f6ncesinde kay\u0131t yapt\u0131rarak ba\u015fvuran vatanda\u015flar i\u00e7in,  Tarsus K\u00fclt\u00fcr Merkezi&#8217;nin \u00f6n\u00fcnden ve Mersin Forum AVM Ba\u011flant\u0131 K\u00f6pr\u00fcs\u00fc alt\u0131ndan servis kald\u0131r\u0131ld\u0131.  <\/p>\n<p>Ye\u015filin i\u00e7indeki bir rota da Kayrakke\u015flik Efrenk Vadisi oldu. Sabah 08.30 ile 16.00 saatleri aras\u0131nda devam eden etkinli\u011fe Tarsus ve Mersin&#8217;den yakla\u015f\u0131k 100 do\u011fasever kat\u0131ld\u0131. Her ya\u015ftan Mersinli&#8217;nin kat\u0131l\u0131m sa\u011flad\u0131\u011f\u0131 etkinlikler, Mersin&#8217;in tarihi ve do\u011fal g\u00fczelliklerinin sakl\u0131 oldu\u011fu farkl\u0131 rotalarla devam edecek.<\/p>\n","protected":false},"excerpt":{"rendered":"<p>Mersin B\u00fcy\u00fck\u015fehir Belediyesi Kad\u0131n ve Aile Hizmetleri Dairesi b\u00fcnyesinde geleneksel hale getirilen &#8220;Do\u011fa Bizi \u00c7a\u011f\u0131r\u0131yor&#8221; etkinlikleri ile vatanda\u015flar do\u011fa ile i\u00e7 i\u00e7e bir g\u00fcn ge\u00e7iriyor. Avrupa Hareketlilik Haftas\u0131 kapsam\u0131nda Toroslar &hellip; <a href=\"https:\/\/akdenizolaygazetesi.com\/?p=21040\" class=\"more-link\">Devam\u0131n\u0131 Oku&#8230;<\/a><\/p>\n","protected":false},"author":2,"featured_media":21041,"comment_status":"open","ping_status":"open","sticky":false,"template":"","format":"standard","meta":[],"categories":[2,3,5],"tags":[],"_links":{"self":[{"href":"https:\/\/akdenizolaygazetesi.com\/index.php?rest_route=\/wp\/v2\/posts\/21040"}],"collection":[{"href":"https:\/\/akdenizolaygazetesi.com\/index.php?rest_route=\/wp\/v2\/posts"}],"about":[{"href":"https:\/\/akdenizolaygazetesi.com\/index.php?rest_route=\/wp\/v2\/types\/post"}],"author":[{"embeddable":true,"href":"https:\/\/akdenizolaygazetesi.com\/index.php?rest_route=\/wp\/v2\/users\/2"}],"replies":[{"embeddable":true,"href":"https:\/\/akdenizolaygazetesi.com\/index.php?rest_route=%2Fwp%2Fv2%2Fcomments&post=21040"}],"version-history":[{"count":1,"href":"https:\/\/akdenizolaygazetesi.com\/index.php?rest_route=\/wp\/v2\/posts\/21040\/revisions"}],"predecessor-version":[{"id":21042,"href":"https:\/\/akdenizolaygazetesi.com\/index.php?rest_route=\/wp\/v2\/posts\/21040\/revisions\/21042"}],"wp:featuredmedia":[{"embeddable":true,"href":"https:\/\/akdenizolaygazetesi.com\/index.php?rest_route=\/wp\/v2\/media\/21041"}],"wp:attachment":[{"href":"https:\/\/akdenizolaygazetesi.com\/index.php?rest_route=%2Fwp%2Fv2%2Fmedia&parent=21040"}],"wp:term":[{"taxonomy":"category","embeddable":true,"href":"https:\/\/akdenizolaygazetesi.com\/index.php?rest_route=%2Fwp%2Fv2%2Fcategories&post=21040"},{"taxonomy":"post_tag","embeddable":true,"href":"https:\/\/akdenizolaygazetesi.com\/index.php?rest_route=%2Fwp%2Fv2%2Ftags&post=21040"}],"curies":[{"name":"wp","href":"https:\/\/api.w.org\/{rel}","templated":true}]}}