{"id":21043,"date":"2022-09-17T17:21:50","date_gmt":"2022-09-17T14:21:50","guid":{"rendered":"http:\/\/akdenizolaygazetesi.com\/?p=21043"},"modified":"2022-09-17T17:21:50","modified_gmt":"2022-09-17T14:21:50","slug":"belediye-yetkilileri-ve-gonullu-kurum-ve-kuruluslarin-katilimiyla-adanalioglu-sahili-temizlendi","status":"publish","type":"post","link":"https:\/\/akdenizolaygazetesi.com\/?p=21043","title":{"rendered":"Belediye yetkilileri ve g\u00f6n\u00fcll\u00fc kurum ve kurulu\u015flar\u0131n kat\u0131l\u0131m\u0131yla Adanal\u0131o\u011flu sahili temizlendi"},"content":{"rendered":"<p>D\u00fcnya Temizlik G\u00fcn\u00fc dolay\u0131s\u0131yla Akdeniz Belediyesi taraf\u0131ndan, Let\u2019s Do \u0130t T\u00fcrkiye i\u015fbirli\u011finde ve farkl\u0131 kurum ve kurulu\u015flar\u0131n da deste\u011fi ile \u201c\u015eimdi de\u011filse ne zaman? Biz de\u011filsek kim?\u201d slogan\u0131yla, \u00e7evrenin ve do\u011fan\u0131n korunmas\u0131 konusunda fark\u0131ndal\u0131k yaratmak amac\u0131yla Adanal\u0131o\u011flu sahilinde temizlik \u00e7al\u0131\u015fmas\u0131 yap\u0131ld\u0131.<br \/>\nEtkinli\u011fe, Akdeniz Belediye Ba\u015fkan Yard\u0131mc\u0131s\u0131 Mustafa Arslan, Akdeniz Belediye Meclis \u00fcyesi Aysel Mavi \u00d6ner, T\u00fcrk K\u0131z\u0131lay Gen\u00e7 Mersin, Akdeniz \u00dc\u00e7\u00fcnc\u00fc G\u00f6z E\u011fitim ve Gen\u00e7lik Derne\u011fi, Gen\u00e7lik ve Spor Bakanl\u0131\u011f\u0131 Mersin Gen\u00e7lik Merkezi, belediye personeli, \u00c7EVDOSAN yetkilileri ile g\u00f6n\u00fcll\u00fc mahalle sakinleri kat\u0131ld\u0131.<br \/>\n18 Eyl\u00fcl D\u00fcnya Temizlik G\u00fcn\u00fc\u2019nde, \u201c\u015eimdi de\u011filse ne zaman? Biz de\u011filsek kim?\u201d slogan\u0131yla ger\u00e7ekle\u015fen bulu\u015fmada, nesli koruma alt\u0131ndaki Caretta Caretta Deniz Kaplumba\u011falar\u0131n\u0131n da yumurta b\u0131rakt\u0131\u011f\u0131, \u00e7evre sakinlerinin de y\u00fczmek veya piknik i\u00e7in tercih etti\u011fi Adanal\u0131o\u011flu sahili ve b\u00f6lgedeki a\u011fa\u00e7l\u0131k alanlarda y\u00fczlerce po\u015fet dolusu \u00e7\u00f6p ve at\u0131k toplan\u0131p ara\u00e7lara y\u00fcklendi ve sahilden uzakla\u015ft\u0131r\u0131ld\u0131.<br \/>\n\u201cDaha temiz ve ya\u015fanabilir bir \u00e7evre i\u00e7in \u00e7al\u0131\u015fmaya devam edece\u011fiz\u201d<br \/>\nAkdeniz Belediye Ba\u015fkan Yard\u0131mc\u0131s\u0131 Mustafa Arslan, etkinlikte yapt\u0131\u011f\u0131 a\u00e7\u0131klamada, D\u00fcnya Temizlik G\u00fcn\u00fc kapsam\u0131nda do\u011fan\u0131n ve \u00e7evrenin korunmas\u0131 ve temiz tutulmas\u0131 i\u00e7in fark\u0131ndal\u0131k olu\u015fturmak istediklerini s\u00f6yledi. Arslan; \u201cAkdeniz Belediye Ba\u015fkan\u0131m\u0131z Say\u0131n Mustafa G\u00fcltak\u2019\u0131n \u00f6nderli\u011finde, her y\u0131l oldu\u011fu gibi, \u00e7e\u015fitli kurum ve kurulu\u015flarla, ayr\u0131ca gen\u00e7lerin ve mahalle sakini vatanda\u015flar\u0131m\u0131z\u0131n da kat\u0131l\u0131m\u0131yla D\u00fcnya Temizlik G\u00fcn\u00fc kapsam\u0131nda kampanyam\u0131z\u0131 tekrar ger\u00e7ekle\u015ftirdik. Daha temiz, sa\u011fl\u0131kl\u0131 ve ya\u015fanabilir bir \u00e7evre i\u00e7in elimizden gelenin en iyisini yapmaya devam edece\u011fiz. T\u00fcm kat\u0131l\u0131mc\u0131lara ve g\u00f6n\u00fcll\u00fclerimize, Say\u0131n Ba\u015fkan\u0131m\u0131z ad\u0131na te\u015fekk\u00fcr ediyorum\u201d dedi.<br \/>\nCaretta Caretta\u2019lar\u0131n \u00fcreme alan\u0131<br \/>\nGen\u00e7lik ve Spor Bakanl\u0131\u011f\u0131 Mersin Gen\u00e7lik Merkezi, T\u00fcrk K\u0131z\u0131lay Gen\u00e7 Mersin, \u00c7EVDOSAN yetkilileri de yapt\u0131klar\u0131 a\u00e7\u0131klamada, etkinli\u011fe kat\u0131lmaktan mutluluk duyduklar\u0131n\u0131 dile getirerek, do\u011fan\u0131n ve \u00e7evrenin korunmas\u0131n\u0131n ve gelecek nesle temiz bir d\u00fcnya b\u0131rak\u0131lmas\u0131n\u0131n \u00f6nemine dikkat \u00e7ekti.<br \/>\nEtkinli\u011fin sonunda toplanan kat\u0131l\u0131mc\u0131 kurumlar ve g\u00f6n\u00fcll\u00fcler taraf\u0131ndan toplanan y\u00fczlerce po\u015fet dolusu \u00e7\u00f6p ve at\u0131k ara\u00e7lara y\u00fcklenerek, nesli t\u00fcm d\u00fcnyada koruma alt\u0131nda bulunan Caretta Caretta ve Ye\u015fil Deniz Kaplumba\u011falar\u0131n\u0131n da d\u00fcnyada ender \u00fcreme alanlar\u0131ndan biri olan Adanal\u0131o\u011flu sahilinden uzakla\u015ft\u0131r\u0131ld\u0131. <\/p>\n","protected":false},"excerpt":{"rendered":"<p>D\u00fcnya Temizlik G\u00fcn\u00fc dolay\u0131s\u0131yla Akdeniz Belediyesi taraf\u0131ndan, Let\u2019s Do \u0130t T\u00fcrkiye i\u015fbirli\u011finde ve farkl\u0131 kurum ve kurulu\u015flar\u0131n da deste\u011fi ile \u201c\u015eimdi de\u011filse ne zaman? Biz de\u011filsek kim?\u201d slogan\u0131yla, \u00e7evrenin ve &hellip; <a href=\"https:\/\/akdenizolaygazetesi.com\/?p=21043\" class=\"more-link\">Devam\u0131n\u0131 Oku&#8230;<\/a><\/p>\n","protected":false},"author":2,"featured_media":21044,"comment_status":"open","ping_status":"open","sticky":false,"template":"","format":"standard","meta":[],"categories":[7,34,2,3],"tags":[],"_links":{"self":[{"href":"https:\/\/akdenizolaygazetesi.com\/index.php?rest_route=\/wp\/v2\/posts\/21043"}],"collection":[{"href":"https:\/\/akdenizolaygazetesi.com\/index.php?rest_route=\/wp\/v2\/posts"}],"about":[{"href":"https:\/\/akdenizolaygazetesi.com\/index.php?rest_route=\/wp\/v2\/types\/post"}],"author":[{"embeddable":true,"href":"https:\/\/akdenizolaygazetesi.com\/index.php?rest_route=\/wp\/v2\/users\/2"}],"replies":[{"embeddable":true,"href":"https:\/\/akdenizolaygazetesi.com\/index.php?rest_route=%2Fwp%2Fv2%2Fcomments&post=21043"}],"version-history":[{"count":1,"href":"https:\/\/akdenizolaygazetesi.com\/index.php?rest_route=\/wp\/v2\/posts\/21043\/revisions"}],"predecessor-version":[{"id":21045,"href":"https:\/\/akdenizolaygazetesi.com\/index.php?rest_route=\/wp\/v2\/posts\/21043\/revisions\/21045"}],"wp:featuredmedia":[{"embeddable":true,"href":"https:\/\/akdenizolaygazetesi.com\/index.php?rest_route=\/wp\/v2\/media\/21044"}],"wp:attachment":[{"href":"https:\/\/akdenizolaygazetesi.com\/index.php?rest_route=%2Fwp%2Fv2%2Fmedia&parent=21043"}],"wp:term":[{"taxonomy":"category","embeddable":true,"href":"https:\/\/akdenizolaygazetesi.com\/index.php?rest_route=%2Fwp%2Fv2%2Fcategories&post=21043"},{"taxonomy":"post_tag","embeddable":true,"href":"https:\/\/akdenizolaygazetesi.com\/index.php?rest_route=%2Fwp%2Fv2%2Ftags&post=21043"}],"curies":[{"name":"wp","href":"https:\/\/api.w.org\/{rel}","templated":true}]}}