{"id":21046,"date":"2022-09-18T11:29:15","date_gmt":"2022-09-18T08:29:15","guid":{"rendered":"http:\/\/akdenizolaygazetesi.com\/?p=21046"},"modified":"2022-09-18T11:29:15","modified_gmt":"2022-09-18T08:29:15","slug":"baskan-secer-metronun-ilk-duragi-olan-alanda-incelemelerde-bulundu","status":"publish","type":"post","link":"https:\/\/akdenizolaygazetesi.com\/?p=21046","title":{"rendered":"BA\u015eKAN SE\u00c7ER, METRO&#8217;NUN \u0130LK DURA\u011eI OLAN ALANDA \u0130NCELEMELERDE BULUNDU"},"content":{"rendered":"<p>Mersin B\u00fcy\u00fck\u015fehir Belediye Ba\u015fkan\u0131 Vahap Se\u00e7er, Mersin Metrosu&#8217;nun ilk dura\u011f\u0131 olan &#8216;3 Ocak Kent Meydan\u0131 \u0130stasyonu&#8217;nda, \u00e7al\u0131\u015fmalar\u0131n s\u00fcrd\u00fc\u011f\u00fc alan\u0131 gezdi, incelemelerde bulundu. Mersin Metrosu&#8217;nun yap\u0131m s\u00fcrecinde ya\u015fan\u0131lan aksakl\u0131klar\u0131n, kente ve vatanda\u015flara yans\u0131yan tablosunu de\u011ferlendiren Ba\u015fkan Se\u00e7er, &#8220;Biz bu ihaleyi yapt\u0131\u011f\u0131m\u0131zda Euro 9 TL idi, \u015fimdi Euro 18 TL-20 TL. Mersin halk\u0131n\u0131n ve Mersin&#8217;in g\u00f6rd\u00fc\u011f\u00fc zarar\u0131 siz hesaplay\u0131n&#8221; dedi.<\/p>\n<p>\u0130lk istasyondaki \u00e7al\u0131\u015fmalar\u0131n 200 milyon lira bedelinin oldu\u011funu ve bu maliyeti B\u00fcy\u00fck\u015fehir Belediyesi&#8217;nin kendi \u00f6z kaynaklar\u0131yla kar\u015f\u0131lad\u0131\u011f\u0131n\u0131 s\u00f6yleyen Ba\u015fkan Se\u00e7er, &#8220;\u0130lk g\u00fcn\u00fcn \u015fevkiyle, azmiyle, inanc\u0131yla; halk\u0131m\u0131za ne s\u00f6z verdiysek hi\u00e7 abartmadan, yalan, yanl\u0131\u015f s\u00f6ylemeden \u00e7al\u0131\u015fmalar\u0131m\u0131z\u0131 devam ettirece\u011fiz&#8221; dedi.<\/p>\n<p>Mersin B\u00fcy\u00fck\u015fehir Belediyesi&#8217;nin ek b\u00fct\u00e7e ile beraber bu y\u0131lki b\u00fct\u00e7esinin 6.3 milyar lira oldu\u011funu ve gelecek y\u0131l bu b\u00fct\u00e7enin 10 milyar liray\u0131 bulaca\u011f\u0131n\u0131 ifade eden Ba\u015fkan Se\u00e7er, Metro yap\u0131m s\u00fcrecinde kar\u015f\u0131la\u015ft\u0131klar\u0131 sorunlar\u0131n siyasi oldu\u011fu yorumunda bulundu. Ba\u015fkan Se\u00e7er, &#8220;Mersin halk\u0131na, yapamayaca\u011f\u0131m\u0131z hi\u00e7bir \u015feyi taahh\u00fct etmeyiz. Bunu da yapaca\u011f\u0131z Allah&#8217;\u0131n izniyle&#8221; s\u00f6zlerini kulland\u0131.<\/p>\n<p>\u00c7al\u0131\u015fmalar\u0131n daha h\u0131zl\u0131 y\u00fcr\u00fct\u00fclmesi i\u00e7in gerekli kredinin onaylanmas\u0131 gerekti\u011fini belirten Ba\u015fkan Se\u00e7er, &#8220;Umut ediyoruz imza \u00e7\u0131kar. \u00c7\u0131kmayaca\u011f\u0131n\u0131 varsayarak, kendi b\u00fct\u00e7emiz \u00e7er\u00e7evesinde \u00e7al\u0131\u015fmalar\u0131m\u0131z\u0131 s\u00fcrd\u00fcrece\u011fiz. Biraz a\u011f\u0131r aksak olacak, ama se\u00e7imden sonra mutlaka iklim de\u011fi\u015fecek, Akdeniz olacak&#8221; dedi.<\/p>\n<p> &#8220;Mersin \u00f6l\u00e7e\u011finde b\u00fct\u00e7esi olan belediyeler i\u00e7in, uzun vadeli ve uygun \u015fartlarda kredi kullan\u0131lmas\u0131 gereken bir proje&#8221;<\/p>\n<p>Mersin Metrosu g\u00fczergah\u0131 hakk\u0131nda temel bilgileri payla\u015f\u0131p, ard\u0131ndan metronun temelinin at\u0131ld\u0131\u011f\u0131 3 Ocak tarihini an\u0131msatan Ba\u015fkan Se\u00e7er, &#8220;\u00c7ok uzun s\u00fcredir \u00e7al\u0131\u015fmalar yapt\u0131k. Projeler yaz\u0131ld\u0131, \u00e7izildi. Gerekli izinler al\u0131nd\u0131. Et\u00fctler yap\u0131ld\u0131. Bakanl\u0131\u011fa gitti, Altyap\u0131 Genel M\u00fcd\u00fcrl\u00fc\u011f\u00fc&#8217;ne gitti. Herkes imzalad\u0131. Cumhurba\u015fkan\u0131 imzalad\u0131, yat\u0131r\u0131m program\u0131na ald\u0131 ve stratejik plana dahil etti. Yani herhangi bir s\u0131k\u0131nt\u0131 yok. Bu projeyi merkezi h\u00fck\u00fcmet de onayl\u0131yor, yerel y\u00f6netim de &#8216;Ben yapaca\u011f\u0131m&#8217; diyor. Biz de &#8216;Bismillah&#8217; dedik ve ihaleye \u00e7\u0131kt\u0131k. \u0130hale bitti. Tabi ki bunun i\u00e7in finansman laz\u0131m. Bu tip yat\u0131r\u0131mlar b\u00fcy\u00fck yat\u0131r\u0131mlar. Mersin \u00f6l\u00e7e\u011finde bir b\u00fct\u00e7esi olan belediye i\u00e7in; uzun vadeli, uygun \u015fartlarda kredi kullan\u0131lmas\u0131 gereken bir proje&#8221; dedi.<\/p>\n<p>&#8220;Belediyenin \u015fu anda finans tablosu tertemiz, mali disiplini de var&#8221;<\/p>\n<p>\u0130lk etapta meclisten yakla\u015f\u0131k 900 milyon liral\u0131k bir bor\u00e7lanma yetkisi ald\u0131klar\u0131n\u0131, o paran\u0131n da 1 y\u0131l i\u00e7inde pul oldu\u011funu kaydeden Ba\u015fkan Se\u00e7er, &#8220;900 milyon lira bor\u00e7lanma yetkisiyle ba\u015flayal\u0131m, bir yol alal\u0131m dedik. Meclis&#8217;ten bu bor\u00e7lanma yetkisini alal\u0131 tam 1 y\u0131l 1 ay oldu. Bu, Cumhurba\u015fkanl\u0131\u011f\u0131 Strateji ve B\u00fct\u00e7e Ba\u015fkanl\u0131\u011f\u0131&#8217;na gidecek. Oradan olumlu ya da olumsuz g\u00f6r\u00fc\u015f alacak, sonra Hazine&#8217;ye gidecek. Hazine bunu imzalayacak ya da imzalamayacak. \u015eimdi, Cumhurba\u015fkanl\u0131\u011f\u0131 Strateji ve B\u00fct\u00e7e Ba\u015fkanl\u0131\u011f\u0131&#8217;n\u0131n &#8216;olumsuz&#8217; diyecek hi\u00e7bir \u015feyi yok. \u00c7\u00fcnk\u00fc, kendileri zaten yat\u0131r\u0131m program\u0131na alm\u0131\u015f. Maliye&#8217;nin buna imza atmayaca\u011f\u0131 hi\u00e7bir gerek\u00e7esi de yok. Neden yok? Biz y\u00f6netime geldi\u011fimizde, bu belediye a\u011f\u0131r aksak y\u00fcr\u00fcyen bir finansman sistemine sahipti. \u0130\u015ftirakleri hari\u00e7, belediyenin 2 milyar 250 milyon lira borcu vard\u0131. 2 milyar 250 milyon lira da b\u00fct\u00e7esi vard\u0131. O zaman da dolar kuru 5.7 TL idi. Yani yakla\u015f\u0131k olarak 400 milyon dolar borcu olan bir belediyeyi devrald\u0131k. \u015eu anda bu belediyenin b\u00fct\u00e7esi, ek b\u00fct\u00e7e ile beraber bu y\u0131l i\u00e7in 6.3 milyar lira. Gelecek y\u0131l 10 milyar liray\u0131 bulacak. Bu belediyenin \u015fu andaki borcu da 80 milyon dolara d\u00fc\u015ft\u00fc. Yani belediyenin TL baz\u0131nda borcu 1,5 milyar lira. Yani belediyenin finans tablosu temiz, mali disiplini de var. Sen bunu niye imzalam\u0131yorsun? \u00c7\u00fcnk\u00fc olaya siyaseten bak\u0131yor&#8221; ifadelerini kulland\u0131.<\/p>\n<p>&#8220;Bir taraftan geriden gelen bor\u00e7lar\u0131 \u00f6derken, di\u011fer taraftan yeni hizmetler \u00fcretiyoruz&#8221;<\/p>\n<p>Bu konuya ili\u015fkin Cumhurba\u015fkan\u0131 Recep Tayyip Erdo\u011fan&#8217;la yapt\u0131\u011f\u0131 g\u00f6r\u00fc\u015fmeyi de an\u0131msatan Ba\u015fkan Se\u00e7er, &#8220;Bizatihi kendisine bu konuyu izah ettim. Kendisinin yat\u0131r\u0131m program\u0131na ald\u0131\u011f\u0131, stratejik plana dahil etti\u011fi bir konuda, bunun geciktirilmemesi gerekti\u011fini, Mersin&#8217;in ko\u015fullar\u0131n\u0131, \u015fartlar\u0131n\u0131, kendisine uygun bir lisanla anlatt\u0131m. Ama bug\u00fcne kadar herhangi bir geli\u015fme olmad\u0131. \u015eimdi biz finansman kullanam\u0131yoruz. Bir taraftan da 3,5 y\u0131ld\u0131r, eski d\u00f6nemin b\u0131rakt\u0131\u011f\u0131 borcu \u00f6demeye devam ediyoruz. Bunun yan\u0131nda belediye; sinekle m\u00fccadele ediyor, park-bah\u00e7e bak\u0131mlar\u0131n\u0131 yap\u0131yor, sosyal politikalar uyguluyor, e\u011fitime destek veriyor, \u00e7ocuklara destek veriyor, kad\u0131nlara destek veriyor. Cumhuriyet tarihinde g\u00f6r\u00fclmemi\u015f kalitede bulvarlar a\u00e7\u0131yor, yollar yap\u0131yor, grup yollar\u0131 yap\u0131yor, sathi kaplamalar yap\u0131yor, s\u0131cak asfaltlar yap\u0131yor. B\u00fct\u00fcn bunlar\u0131 sadece kendisine merkezi b\u00fct\u00e7eden, o da yasalarla ayr\u0131lm\u0131\u015f olan parayla yap\u0131yor&#8221; dedi.<\/p>\n<p>&#8220;Bu istasyona kendi \u00f6z kayna\u011f\u0131m\u0131zdan 200 milyon liral\u0131k bir \u00e7al\u0131\u015fma yapt\u0131k&#8221;<\/p>\n<p>Mersin B\u00fcy\u00fck\u015fehir Belediyesi&#8217;nin g\u00fc\u00e7l\u00fc bir belediye oldu\u011funu vurgulayan Ba\u015fkan Se\u00e7er, &#8220;Biz metronun temelini att\u0131k. Biz Mersin halk\u0131na, yapamayaca\u011f\u0131m\u0131z hi\u00e7bir \u015feyi taahh\u00fct etmeyiz. Bunu da yapaca\u011f\u0131z Allah&#8217;\u0131n izniyle. \u015eu anda buraya, yani ilk istasyona ve bizim en az 4 istasyon bitirmemiz laz\u0131md\u0131. \u00d6n\u00fcm\u00fczdeki engelin Mersin&#8217;e verdi\u011fi zarara bak\u0131n. Biz bu ihaleyi yapt\u0131\u011f\u0131m\u0131zda Euro 9 TL idi, \u015fimdi Euro 18 TL-20 TL. Mersin halk\u0131n\u0131n ve Mersin&#8217;in g\u00f6rd\u00fc\u011f\u00fc zarar\u0131 siz hesaplay\u0131n. Ben canh\u0131ra\u015f \u00e7al\u0131\u015f\u0131yorum. Ald\u0131\u011f\u0131m her kuru\u015fun hesab\u0131n\u0131 veriyorum. Ald\u0131\u011f\u0131m her kuru\u015fu rasyonel bir \u015fekilde harc\u0131yorum. \u0130sraf etmiyorum, \u00e7alm\u0131yorum, \u00e7ald\u0131rm\u0131yorum, bu projeleri ger\u00e7ekle\u015ftiriyorum. \u015eu anda burada, \u00fczerinde bulundu\u011fumuz istasyonda yap\u0131lan \u00e7al\u0131\u015fmalar\u0131n bedeli, yakla\u015f\u0131k olarak 200 milyon TL hak edi\u015ftir ve Mersin B\u00fcy\u00fck\u015fehir Belediyesi bunlar\u0131 \u00f6z kayna\u011f\u0131 ile \u00f6d\u00fcyor&#8221; diye konu\u015ftu.<\/p>\n<p>&#8220;Kendi b\u00fct\u00e7emiz \u00e7er\u00e7evesinde \u00e7al\u0131\u015fmalar\u0131m\u0131z\u0131 s\u00fcrd\u00fcrece\u011fiz&#8221;<\/p>\n<p>Uygun finansal ko\u015fullar\u0131n oldu\u011fu d\u00f6nemde bu imzalar at\u0131lsayd\u0131, ekonomik anlamda i\u015flerin daha kolay y\u00fcr\u00fcyebilece\u011fini s\u00f6zlerine ekleyen Ba\u015fkan Se\u00e7er, &#8220;Genel se\u00e7imlere kadar bu imzan\u0131n -umut ediyoruz \u00e7\u0131kar- \u00e7\u0131kmayaca\u011f\u0131n\u0131 varsayarak, kendi b\u00fct\u00e7emiz \u00e7er\u00e7evesinde \u00e7al\u0131\u015fmalar\u0131m\u0131z\u0131 s\u00fcrd\u00fcrece\u011fiz. Di\u011fer \u00e7al\u0131\u015fmalar\u0131m\u0131z\u0131 da aksatmadan -biraz a\u011f\u0131r aksak olacak ama- yapaca\u011f\u0131z. Se\u00e7imden sonra mutlaka iklim de\u011fi\u015fecek, Akdeniz olacak. \u015eartlar farkl\u0131 olacak. Biz de oturaca\u011f\u0131z, tekrar \u00f6n\u00fcm\u00fcze hesab\u0131m\u0131z\u0131, kitab\u0131m\u0131z\u0131 alaca\u011f\u0131z. O zaman in\u015fallah finans piyasalar\u0131 da d\u00fczelecek. \u00c7\u00fcnk\u00fc, \u015fimdi d\u0131\u015f piyasada kredibiliteniz d\u00fc\u015f\u00fck, bor\u00e7lanman\u0131z durumunda sizden tefeci faizi istiyorlar. A\u00e7\u0131k\u00e7as\u0131, mant\u0131k olarak da bu finansman y\u00fck\u00fcyle zaten bu paralar\u0131 kullanmak da art\u0131k biraz zor hale geldi. Ke\u015fke zaman\u0131nda bu imza at\u0131lsayd\u0131. O zamanlar %4&#8217;lerde kullanaca\u011f\u0131m\u0131z y\u0131ll\u0131k faiz oran\u0131 imkan\u0131 varken, \u015fimdi %10&#8217;lara 12&#8217;lere bile finans kurumlar\u0131 para vermiyor. Neden? \u00c7\u00fcnk\u00fc; T\u00fcrkiye&#8217;de siyasi istikrars\u0131zl\u0131k var, ekonomik istikrars\u0131zl\u0131k var, buhran d\u00f6nemi ya\u015fan\u0131yor, ekonomik kriz var ve risk puan\u0131 \u00e7ok y\u00fcksek bir \u00fclkede biz bu yat\u0131r\u0131mlar\u0131 yap\u0131yoruz. Tablo budur. Mersin halk\u0131n\u0131n da b\u00fct\u00fcn netli\u011fi ile bunlar\u0131 bilmesini istiyorum. Ama bana g\u00fcvensinler, \u00e7al\u0131\u015fma arkada\u015flar\u0131ma g\u00fcvensinler. Biz ilk g\u00fcn\u00fcn \u015fevkiyle, azmiyle, inanc\u0131yla halk\u0131m\u0131za ne s\u00f6z verdiysek; hi\u00e7 abartmadan yalan, yanl\u0131\u015f s\u00f6ylemeden \u00e7al\u0131\u015fmalar\u0131m\u0131z\u0131 devam ettirece\u011fiz&#8221; \u015feklinde konu\u015ftu.<\/p>\n","protected":false},"excerpt":{"rendered":"<p>Mersin B\u00fcy\u00fck\u015fehir Belediye Ba\u015fkan\u0131 Vahap Se\u00e7er, Mersin Metrosu&#8217;nun ilk dura\u011f\u0131 olan &#8216;3 Ocak Kent Meydan\u0131 \u0130stasyonu&#8217;nda, \u00e7al\u0131\u015fmalar\u0131n s\u00fcrd\u00fc\u011f\u00fc alan\u0131 gezdi, incelemelerde bulundu. Mersin Metrosu&#8217;nun yap\u0131m s\u00fcrecinde ya\u015fan\u0131lan aksakl\u0131klar\u0131n, kente ve &hellip; <a href=\"https:\/\/akdenizolaygazetesi.com\/?p=21046\" class=\"more-link\">Devam\u0131n\u0131 Oku&#8230;<\/a><\/p>\n","protected":false},"author":2,"featured_media":21047,"comment_status":"open","ping_status":"open","sticky":false,"template":"","format":"standard","meta":[],"categories":[1,2,3,5],"tags":[],"_links":{"self":[{"href":"https:\/\/akdenizolaygazetesi.com\/index.php?rest_route=\/wp\/v2\/posts\/21046"}],"collection":[{"href":"https:\/\/akdenizolaygazetesi.com\/index.php?rest_route=\/wp\/v2\/posts"}],"about":[{"href":"https:\/\/akdenizolaygazetesi.com\/index.php?rest_route=\/wp\/v2\/types\/post"}],"author":[{"embeddable":true,"href":"https:\/\/akdenizolaygazetesi.com\/index.php?rest_route=\/wp\/v2\/users\/2"}],"replies":[{"embeddable":true,"href":"https:\/\/akdenizolaygazetesi.com\/index.php?rest_route=%2Fwp%2Fv2%2Fcomments&post=21046"}],"version-history":[{"count":1,"href":"https:\/\/akdenizolaygazetesi.com\/index.php?rest_route=\/wp\/v2\/posts\/21046\/revisions"}],"predecessor-version":[{"id":21048,"href":"https:\/\/akdenizolaygazetesi.com\/index.php?rest_route=\/wp\/v2\/posts\/21046\/revisions\/21048"}],"wp:featuredmedia":[{"embeddable":true,"href":"https:\/\/akdenizolaygazetesi.com\/index.php?rest_route=\/wp\/v2\/media\/21047"}],"wp:attachment":[{"href":"https:\/\/akdenizolaygazetesi.com\/index.php?rest_route=%2Fwp%2Fv2%2Fmedia&parent=21046"}],"wp:term":[{"taxonomy":"category","embeddable":true,"href":"https:\/\/akdenizolaygazetesi.com\/index.php?rest_route=%2Fwp%2Fv2%2Fcategories&post=21046"},{"taxonomy":"post_tag","embeddable":true,"href":"https:\/\/akdenizolaygazetesi.com\/index.php?rest_route=%2Fwp%2Fv2%2Ftags&post=21046"}],"curies":[{"name":"wp","href":"https:\/\/api.w.org\/{rel}","templated":true}]}}