{"id":2105,"date":"2020-11-04T18:22:36","date_gmt":"2020-11-04T15:22:36","guid":{"rendered":"http:\/\/mersinekonomipolitikagazetesi.com\/?p=2105"},"modified":"2020-11-04T18:22:36","modified_gmt":"2020-11-04T15:22:36","slug":"feray-cinayete-kurban-gitmis","status":"publish","type":"post","link":"https:\/\/akdenizolaygazetesi.com\/?p=2105","title":{"rendered":"FERAY C\u0130NAYETE KURBAN G\u0130TM\u0130\u015e"},"content":{"rendered":"<p>Ge\u00e7en y\u0131l Mersin&#8217;de evinde silahla vurulan 23 ya\u015f\u0131ndaki \u00fcniversite \u00f6\u011frencisi Feray \u015eahin&#8217;in cinayete kurban gitti\u011fi adli t\u0131p raporuyla kesinle\u015fti. \u201cSilahla \u015faka yap\u0131yordu, kazara patlad\u0131\u201d iddias\u0131nda bulunan tutuklu polis memurunun gen\u00e7 k\u0131z\u0131 uzaktan vurdu\u011fu ortaya \u00e7\u0131kt\u0131.<\/p>\n<p>Ge\u00e7en y\u0131l Mersin&#8217;de evinde silahla vurulan 23 ya\u015f\u0131ndaki \u00fcniversite \u00f6\u011frencisi Feray \u015eahin&#8217;in cinayete kurban gitti\u011fi adli t\u0131p raporuyla kesinle\u015fti. \u201cSilahla \u015faka yap\u0131yordu, kazara patlad\u0131\u201d iddias\u0131nda bulunan tutuklu polis memurunun gen\u00e7 k\u0131z\u0131 uzaktan vurdu\u011fu ortaya \u00e7\u0131kt\u0131. Baba Bekir \u015eahin, &#8220;K\u0131z\u0131m\u0131z kasten \u00f6ld\u00fcr\u00fcld\u00fc. Bu \u00e7\u0131kan raporda da do\u011fruland\u0131. Zanl\u0131n\u0131n en a\u011f\u0131r \u015fekilde cezaland\u0131r\u0131lmas\u0131n\u0131 istiyoruz&#8221; dedi.<br \/>\n\u00a0<br \/>\nToros \u00dcniversitesi \u00f6\u011frencisi 23 ya\u015f\u0131ndaki Feray \u015eahin, ge\u00e7en y\u0131l\u0131n Eyl\u00fcl ay\u0131nda Mersin&#8217;in merkez Mezitli il\u00e7esindeki evinde polis memuru Fatih Burak A. taraf\u0131ndan ate\u015fli silahla vurularak \u00f6ld\u00fcr\u00fclm\u00fc\u015f, polis memuru olay\u0131n kazara oldu\u011funu ileri s\u00fcrse de savc\u0131l\u0131k \u201ckasten \u00f6ld\u00fcrme\u201d iddias\u0131yla dava a\u00e7m\u0131\u015ft\u0131. San\u0131k polis memuru Mersin 5. A\u011f\u0131r Ceza Mahkemesi\u2019nde g\u00f6r\u00fclen ilk davadaki ifadelerinde, Feray \u015eahin\u2019in evde silahla \u015faka yapmak istedi\u011fini, kendisinin de silah\u0131 Feray\u2019\u0131n elinden almak istedi\u011fini, silah\u0131 kapma \u00e7abas\u0131 s\u0131ras\u0131nda silah\u0131n ate\u015f alarak Feray\u2019\u0131n g\u00f6\u011f\u00fcs b\u00f6lgesinden yaraland\u0131\u011f\u0131n\u0131, kendisinin de ilk m\u00fcdahalede bulundu\u011funu iddia etmi\u015fti. Ancak mahkeme dosyadaki eksiklerin giderilmesi i\u00e7in duru\u015fmay\u0131 ertelemi\u015fti. Bug\u00fcn Feray \u015eahin&#8217;in \u0130stanbul Adli T\u0131p Kurumu&#8217;ndan raporu \u00e7\u0131kt\u0131. Raporda \u00fcniversite \u00f6\u011frencisi Feray&#8217;\u0131n cinayete kurban gitti\u011fi kesinle\u015fti. Tutuklu yarg\u0131lanan polis memurunun gen\u00e7 k\u0131z\u0131 uzaktan vurdu\u011fu ortaya \u00e7\u0131kt\u0131.\u00a0<\/p>\n<p>&#8220;K\u0131z\u0131m\u0131z\u0131 bilin\u00e7li olarak, bilerek, kasten katletmi\u015ftir&#8221;<br \/>\n\u00a0<br \/>\nOlayla ilgili a\u00e7\u0131klamalarda bulunan baba Bekir \u015eahin, Feray\u2019\u0131n evlerinin tek k\u0131z\u0131 oldu\u011funu s\u00f6yledi. Olay\u0131n oldu\u011fu gece k\u0131z\u0131n\u0131n annesiyle g\u00f6r\u00fc\u015ft\u00fc\u011f\u00fcn\u00fc kaydeden \u015eahin, \u201cAnnesiyle konu\u015furken \u00fcrkek konu\u015fmu\u015f. O anda eve de misafir geldi\u011fi i\u00e7in k\u0131za &#8216;tamam seni sonra arar\u0131m&#8217; demi\u015fti. Misafir gittikten sonra bu ac\u0131 haberi duyduk. K\u0131z\u0131m\u0131z burada \u00fcniversite son s\u0131n\u0131f \u00f6\u011frencisiydi, mimarl\u0131k okuyordu. Bug\u00fcne kadar da en ufak bir yanl\u0131\u015f\u0131 olmad\u0131. Okulunda sevilen bir \u00e7ocuktu. B\u00f6l\u00fcm\u00fcnde \u00e7al\u0131\u015fkan bir \u00e7ocuktu. Mezitli Belediyesi\u2019nde staj yapt\u0131 yine orada da sevilen birisiydi. Biz aile olarak bu katili hi\u00e7 tan\u0131m\u0131yoruz. K\u0131z\u0131m\u0131z\u0131n \u00f6\u011frenci arkada\u015flar\u0131 da tan\u0131m\u0131yor. Biz hayat\u0131m\u0131zda ilk kez mahkeme salonunda bu \u015fahs\u0131 g\u00f6rd\u00fck. K\u0131z\u0131m\u0131z\u0131 bilin\u00e7li olarak, bilerek, kasten katletmi\u015ftir. K\u0131z\u0131m\u0131za mutlaka ahlaks\u0131z bir teklifte bulundu ki k\u0131z da bunu reddetmi\u015ftir. Yani \u015fantajla, tehditle, silahla k\u00f6\u015feye s\u0131k\u0131\u015ft\u0131r\u0131p istedi\u011fini kabul ettiremeyince katlediyor. Bu olaydan sonra katilin a\u011fz\u0131yla baz\u0131 gazeteler haber yapt\u0131. O zaman bizi ikinci kez \u00f6ld\u00fcrd\u00fcler\u201d diye konu\u015ftu.\u00a0<\/p>\n<p>&#8220;Raporda uzaktan at\u0131\u015f oldu\u011fu kesinle\u015fti&#8221;<br \/>\n\u00a0<br \/>\n\u0130lk g\u00fcnden beri olay\u0131n pe\u015fini hi\u00e7 b\u0131rakmad\u0131klar\u0131n\u0131 vurgulayan \u015eahin, \u201cOlay\u0131n pe\u015fine d\u00fc\u015f\u00fcnce yava\u015f yava\u015f ger\u00e7ekler ortaya \u00e7\u0131kt\u0131. Katil s\u00fcrekli ifade de\u011fi\u015ftirdi. Her \u00f6nceki ifadesini yalanlar \u015fekilde ifadeler verdi. Eldeki soru\u015fturmalar eksik de olsa, yanl\u0131 da olsa yine bize do\u011fruya do\u011fru s\u00fcr\u00fckledi. Hi\u00e7bir zaman pe\u015fini b\u0131rakmad\u0131k. K\u0131z\u0131m\u0131z kasten \u00f6ld\u00fcr\u00fcld\u00fc. Bu \u015fahs\u0131 tan\u0131m\u0131yorduk. Raporlar da bunu do\u011frulad\u0131. Uzaktan at\u0131\u015f oldu\u011fu da kesinle\u015fti. Biz de ba\u015f\u0131ndan beri hep bu y\u00f6nde iddia ediyorduk. Katil her ne kadar profesyonel \u015fekilde yalanlar s\u00f6ylese de olay\u0131 karartmaya, kapatmaya y\u00f6nelik \u00e7abas\u0131 olsa da sonunda ger\u00e7ek ortaya \u00e7\u0131kt\u0131. Mahkemede biz k\u0131z\u0131m\u0131z\u0131n kan\u0131n\u0131n yerde kalmayacak \u015fekilde en a\u011f\u0131r \u015fekilde ceza verilmesini bekliyoruz. K\u0131z\u0131m\u0131n kan\u0131 yerde kalmas\u0131n. Bir daha b\u00f6yle gen\u00e7 k\u0131zlar katledilmesin, kad\u0131nlar katledilmesin istiyoruz. Zanl\u0131n\u0131n en a\u011f\u0131r \u015fekilde cezaland\u0131r\u0131lmas\u0131n\u0131 istiyoruz\u201d \u015feklinde konu\u015ftu.\u00a0<\/p>\n<p>&#8220;Art\u0131k yeter diyoruz&#8221;<br \/>\n\u00a0<br \/>\nFeray\u2019\u0131n annesi Aysel \u015eahin ise kad\u0131nlar\u0131n art\u0131k \u00f6ld\u00fcr\u00fclmemesini isteyerek, \u201cAnalar a\u011flamas\u0131n istiyoruz. \u00c7\u00fcnk\u00fc sen susarsan, ben susarsam b\u00fct\u00fcn anneler susarsa, b\u00fct\u00fcn kad\u0131nlar\u0131m\u0131z susarsa bu cinayetlerin asla ve asla sonu gelmez. Katilin amac\u0131 da zaten oydu, b\u00f6yle k\u0131z\u0131m\u0131za k\u00f6t\u00fc iftiralar atarak bizi so\u011futmakt\u0131, bu i\u015fin pe\u015fini b\u0131rakt\u0131rmakt\u0131. Biz de zaten k\u0131z\u0131m\u0131zdan \u00e7ok emin oldu\u011fumuz i\u00e7in bu i\u015fin pe\u015fini b\u0131rakmad\u0131k ve \u00e7ok \u015f\u00fck\u00fcr de in\u015fallah istedi\u011fimiz sonucu alaca\u011f\u0131z. Katilin de en a\u011f\u0131r cezay\u0131 almas\u0131n\u0131 istiyoruz. Bizim bu davam\u0131z\u0131n bu t\u00fcr kad\u0131n cinayetlerine \u00f6rnek olmas\u0131n\u0131 istiyoruz. Katilin de \u00f6m\u00fcr boyun hapis cezas\u0131 almas\u0131n\u0131 istiyoruz. Yeter art\u0131k analar a\u011flamas\u0131n, kad\u0131nlar \u00f6lmesin. \u00c7\u00fcnk\u00fc her ge\u00e7en g\u00fcn kad\u0131n cinayetleri i\u015fleniyor. Sadece bas\u0131na yans\u0131yanlar\u0131 biz biliyoruz birde yans\u0131mayanlar var. Biz m\u00fccadele ettik. \u0130n\u015fallah m\u00fccadelemizin sonucunu da al\u0131r\u0131z. Katil zanl\u0131s\u0131 en a\u011f\u0131r cezay\u0131 al\u0131r. K\u0131z\u0131m\u0131z bu sene diplomas\u0131n\u0131 alacakt\u0131 ve diplomas\u0131n\u0131, mezuniyetini g\u00f6remedik. Evin tek k\u0131z\u0131yd\u0131. Art\u0131k yeter diyoruz\u201d ifadelerini kulland\u0131. \u00a0<\/p>\n","protected":false},"excerpt":{"rendered":"<p>Ge\u00e7en y\u0131l Mersin&#8217;de evinde silahla vurulan 23 ya\u015f\u0131ndaki \u00fcniversite \u00f6\u011frencisi Feray \u015eahin&#8217;in cinayete kurban gitti\u011fi adli t\u0131p raporuyla kesinle\u015fti. \u201cSilahla \u015faka yap\u0131yordu, kazara patlad\u0131\u201d iddias\u0131nda bulunan tutuklu polis memurunun gen\u00e7 &hellip; <a href=\"https:\/\/akdenizolaygazetesi.com\/?p=2105\" class=\"more-link\">Devam\u0131n\u0131 Oku&#8230;<\/a><\/p>\n","protected":false},"author":1,"featured_media":0,"comment_status":"open","ping_status":"open","sticky":false,"template":"","format":"standard","meta":[],"categories":[],"tags":[],"_links":{"self":[{"href":"https:\/\/akdenizolaygazetesi.com\/index.php?rest_route=\/wp\/v2\/posts\/2105"}],"collection":[{"href":"https:\/\/akdenizolaygazetesi.com\/index.php?rest_route=\/wp\/v2\/posts"}],"about":[{"href":"https:\/\/akdenizolaygazetesi.com\/index.php?rest_route=\/wp\/v2\/types\/post"}],"author":[{"embeddable":true,"href":"https:\/\/akdenizolaygazetesi.com\/index.php?rest_route=\/wp\/v2\/users\/1"}],"replies":[{"embeddable":true,"href":"https:\/\/akdenizolaygazetesi.com\/index.php?rest_route=%2Fwp%2Fv2%2Fcomments&post=2105"}],"version-history":[{"count":0,"href":"https:\/\/akdenizolaygazetesi.com\/index.php?rest_route=\/wp\/v2\/posts\/2105\/revisions"}],"wp:attachment":[{"href":"https:\/\/akdenizolaygazetesi.com\/index.php?rest_route=%2Fwp%2Fv2%2Fmedia&parent=2105"}],"wp:term":[{"taxonomy":"category","embeddable":true,"href":"https:\/\/akdenizolaygazetesi.com\/index.php?rest_route=%2Fwp%2Fv2%2Fcategories&post=2105"},{"taxonomy":"post_tag","embeddable":true,"href":"https:\/\/akdenizolaygazetesi.com\/index.php?rest_route=%2Fwp%2Fv2%2Ftags&post=2105"}],"curies":[{"name":"wp","href":"https:\/\/api.w.org\/{rel}","templated":true}]}}